{"id":730115,"date":"2026-08-25T10:10:11","date_gmt":"2026-08-25T10:10:11","guid":{"rendered":"https:\/\/www.europesays.com\/es\/730115\/"},"modified":"2026-08-25T10:10:11","modified_gmt":"2026-08-25T10:10:11","slug":"trump-eleva-el-tono-en-su-guerra-arancelaria-amenaza-a-canada-con-consecuencias-peores-si-sus-lideres-no-entran-en-vereda","status":"publish","type":"post","link":"https:\/\/www.europesays.com\/es\/730115\/","title":{"rendered":"Trump eleva el tono en su guerra arancelaria: amenaza a Canad\u00e1 con consecuencias \u00abpeores\u00bb si sus l\u00edderes no entran \u00aben vereda\u00bb"},"content":{"rendered":"<p class=\"L6-news-detail__text\">El presidente de Estados Unidos, Donald Trump, ha elevado el tono en su <a title=\"guerra arancelaria\" href=\"https:\/\/www.lasexta.com\/noticias\/internacional\/trump-aplaza-tres-dias-aranceles-50-canada-alcanzar-principio-acuerdo_202608196a85508e71b42a0b5df7946f.html\" target=\"_blank\" rel=\"nofollow noopener\"><b>guerra arancelaria<\/b><\/a> tras amenazar este lunes a Canad\u00e1 con<b> consecuencias \u00abpeores\u00bb<\/b> si sus gobernantes no \u00abentran en vereda\u00bb en plena guerra comercial por el anuncio de nuevos aranceles a los productos canadienses.<\/p>\n<p class=\"L6-news-detail__text\">\u00ab<b>\u00a1Alguien deber\u00eda hacer que estos payasos &#8216;entren en vereda&#8217; <\/b>o las consecuencias para Canad\u00e1 ser\u00e1n mucho peores!\u00bb, escribi\u00f3 el mandatario en su red Truth Social. Trump arremeti\u00f3 contra los pol\u00edticos canadienses que se han plantado frente a las exigencias estadounidenses y afirm\u00f3 que <b>\u00absin Estados Unidos, Canad\u00e1 no podr\u00eda sobrevivir\u00bb<\/b>.<\/p>\n<p class=\"L6-news-detail__text\">\u00abEs de ah\u00ed de donde obtienen todo su dinero y, debido a su <b>actual mal liderazgo<\/b> \u2014principalmente el gobernador Carney y su lacayo, Ford\u2014, no se les permitir\u00e1 seguir aprovech\u00e1ndose de Estados Unidos: su clave para la supervivencia\u00bb, a\u00f1adi\u00f3.<\/p>\n<p class=\"L6-news-detail__text\">Adem\u00e1s de contra el primer ministro canadiense, Mark Carney, los ataques en el mensaje del presidente se dirigieron contra el primer ministro de la provincia canadiense de Ontario, Doug Ford, de quien escribi\u00f3 que es \u00abm\u00e1s conocido como el hermano \u2014menos carism\u00e1tico, menos inteligente y, en general, poco impresionante\u2014 del difunto y gran Rob Ford\u00bb.<\/p>\n<p class=\"L6-news-detail__text\">Trump lanz\u00f3 toda su artiller\u00eda contra los l\u00edderes y tambi\u00e9n contra el pa\u00eds vecino: \u00abEstados Unidos ha estado cargando con Canad\u00e1 durante d\u00e9cadas, \u00a1pero eso se acab\u00f3! <b>EEUU siempre ser\u00e1 mucho m\u00e1s grande, rico y fuerte que Canad\u00e1<\/b>\u00ab.<\/p>\n<p class=\"L6-news-detail__text\">\u00abRecuerden que gran parte de la electricidad, el petr\u00f3leo y el gas que recibe Canad\u00e1 se transportan a trav\u00e9s de EEUU\u00bb, asegur\u00f3 el mandatario en un lunes marcado por la tensi\u00f3n entre ambos pa\u00edses.<\/p>\n<p class=\"L6-news-detail__text\">Pocas horas antes de este mensaje, <b>Trump anunci\u00f3 nuevos aranceles del 50% a veh\u00edculos y al acero provenientes de Canad\u00e1 <\/b>a partir de enero de 2027, adem\u00e1s de los que entraron en vigor el s\u00e1bado, en una nueva escalada en la guerra comercial.<\/p>\n<p>Guerra abierta de insultos<\/p>\n<p class=\"L6-news-detail__text\">El enfrentamiento comercial entre Canad\u00e1 y EEUU, provocado por los aranceles que Washington ha impuesto a su aliado, deriv\u00f3 este lunes en una <b>guerra abierta de insultos<\/b> entre el presidente estadounidense, Donald Trump, y el jefe de Gobierno de la provincia de Ontario, Doug Ford.<\/p>\n<p class=\"L6-news-detail__text\">Ford abri\u00f3 las hostilidades al afirmar este lunes en una entrevista radiof\u00f3nica que <b>Trump pod\u00eda besarle \u00abel culo\u00bb <\/b>tras el anuncio del presidente estadounidense que elevar\u00e1 al 50% desde enero de 2027 los aranceles a autom\u00f3viles, componentes y acero canadienses.<\/p>\n<p class=\"L6-news-detail__text\">El dirigente de Ontario, provincia donde se concentra gran parte del sector del autom\u00f3vil de Canad\u00e1, pidi\u00f3 adem\u00e1s utilizar \u00abtodas las herramientas\u00bb disponibles contra Washington, incluida la posible restricci\u00f3n de la venta de electricidad y minerales cr\u00edticos a EEUU.<\/p>\n<p class=\"L6-news-detail__text\">Trump respondi\u00f3 en las redes sociales calificando a Ford de \u00ablacayo\u00bb del primer ministro canadiense, Mark Carney, y de hermano \u00abmenos carism\u00e1tico, inteligente y, en general, poco impresionante\u00bb del \u00abdifunto y gran Rob Ford\u00bb, que fue, entre 2010 y 2014, alcalde de Toronto, la capital de Ontario y mayor ciudad del pa\u00eds.<\/p>\n<p class=\"L6-news-detail__text\">Doug Ford, l\u00edder del Partido Conservador de Ontario, replic\u00f3 poco despu\u00e9s<b> llamando a Trump \u00abdictador\u00bb, \u00abtirano\u00bb, \u00abrey de las bancarrotas\u00bb y \u00abperdedor\u00bb<\/b>. \u00abHe tratado con tipos como t\u00fa toda mi vida y, \u00bfsabes qu\u00e9? Todos terminan siendo perdedores, porque eres un perdedor\u00bb, declar\u00f3 Ford a las c\u00e1maras de televisi\u00f3n.<\/p>\n<p class=\"L6-news-detail__text\">El jefe de Gobierno de Ontario<b> amenaz\u00f3 con imponer recargos a las exportaciones el\u00e9ctricas<\/b> y cortar el suministro de minerales cr\u00edticos a Estados Unidos.<\/p>\n<p class=\"L6-news-detail__text\">La referencia de Trump a Rob Ford rescat\u00f3 una de<b> las figuras m\u00e1s pol\u00e9micas de la pol\u00edtica canadiense<\/b> reciente. Mientras cumpl\u00eda su mandato como alcalde de Toronto, Rob Ford alcanz\u00f3 notoriedad internacional en 2013 <b>tras admitir que hab\u00eda fumado &#8216;crack&#8217;<\/b>, seg\u00fan dijo, durante uno de sus episodios de embriaguez.<\/p>\n<p class=\"L6-news-detail__text\">La revelaci\u00f3n sigui\u00f3 a meses de controversia sobre un v\u00eddeo en el que supuestamente aparec\u00eda consumiendo la droga. Ford se neg\u00f3 a dimitir pese a los esc\u00e1ndalos relacionados con drogas, alcohol y prostitutas, y el Ayuntamiento de Toronto termin\u00f3 retir\u00e1ndole buena parte de sus poderes ejecutivos. <b>Rob Ford muri\u00f3 en 2016 de c\u00e1ncer.<\/b><\/p>\n<p class=\"L6-news-detail__text\">La relaci\u00f3n entre Trump y Ford, cuyas pol\u00edticas han sido calificadas como populistas por los comentaristas pol\u00edticos del pa\u00eds, no siempre ha sido hostil. En noviembre de 2016, poco despu\u00e9s de que Trump ganase por primera vez las elecciones presidenciales estadounidenses, Ford declar\u00f3 que habr\u00eda votado por el republicano a pesar de sus comentarios despectivos sobre mujeres y mexicanos.<\/p>\n<p class=\"L6-news-detail__text\">Tres a\u00f1os despu\u00e9s, en 2019, Ford volvi\u00f3 a declararse partidario de Trump. \u00abDios bendiga al presidente y que nadie se equivoque. Soy un gran republicano, soy partidario suyo, de mentalidad conservadora\u00bb.<\/p>\n<p class=\"L6-news-detail__text\">Pero las pol\u00edticas proteccionistas de Trump provocaron que Ford endureciese su postura contra el l\u00edder republicano en 2020, cuando Washington impuso aranceles a las exportaciones canadienses de aluminio.<\/p>\n<p class=\"L6-news-detail__text\"><b>La ruptura definitiva se produjo en octubre de 2025<\/b>, cuando Ford decidi\u00f3 utilizar fragmentos de un discurso del expresidente Ronald Reagan en anuncios de televisi\u00f3n emitidos en EEUU para atacar los aranceles de Trump. El presidente estadounidense reaccion\u00f3 suspendiendo las negociaciones comerciales con Canad\u00e1 y, posteriormente, aumentando los aranceles al pa\u00eds vecino.<\/p>\n<p class=\"L6-news-detail__text\"><a title=\"*A\u00f1ade laSexta como tu medio de referencia en Google y no te pierdas toda la actualidad y el mejor contenido\" href=\"https:\/\/www.google.com\/preferences\/source?q=lasexta.com\" target=\"_blank\" rel=\"nofollow noopener\"><b>*A\u00f1ade laSexta como tu medio de referencia en Google y no te pierdas toda la actualidad y el mejor contenido<\/b><\/a><\/p>\n<p class=\"L6-support-news-video__title\">CRISIS MIGRATORIA<\/p>\n<p> <a href=\"https:\/\/www.lasexta.com\/noticias\/nacional\/irresponsabilidad-necesidad-sigue-choque-gobierno-peticion-confinamiento-ceuta-feijoo_202608246a8c95697b9bc81c9ed7daca.html\" class=\"L6-news__link\" rel=\"nofollow noopener\" target=\"_blank\">\u00bfIrresponsabilidad o necesidad?: sigue el choque entre el Gobierno y el PP por la petici\u00f3n de confinamiento en Ceuta de Feij\u00f3o<\/p>\n<p class=\"recirculation-video-desc\">Los detalles El l\u00edder de los &#8216;populares&#8217; exigi\u00f3 esta medida este domingo. Pese a lo que dicen los expertos, en G\u00e9nova mantienen el argumentario de un Feij\u00f3o que ha encontrado r\u00e9plica desde el Gobierno.<\/p>\n<p> <\/a><\/p>\n","protected":false},"excerpt":{"rendered":"El presidente de Estados Unidos, Donald Trump, ha elevado el tono en su guerra arancelaria tras amenazar este&hellip;\n","protected":false},"author":2,"featured_media":730116,"comment_status":"","ping_status":"","sticky":false,"template":"","format":"standard","meta":{"footnotes":""},"categories":[42],"tags":[122593,17,18,3730,2125,352,629,13,14,11,61,62,63,64,19,20,9,10,15,110362,16,12,21,22,65,66,67],"class_list":["post-730115","post","type-post","status-publish","format-standard","has-post-thumbnail","category-internacional","tag-aranceles-eeuu","tag-breaking-news","tag-breakingnews","tag-canada","tag-directo","tag-donald-trump","tag-estados-unidos","tag-featured-news","tag-featurednews","tag-headlines","tag-internacional","tag-international","tag-international-news","tag-internationalnews","tag-latest-news","tag-latestnews","tag-news","tag-noticias","tag-noticias-destacadas","tag-noticias-ultima-hora","tag-noticiasdestacadas","tag-titulares","tag-ultimas-noticias","tag-ultimasnoticias","tag-world","tag-world-news","tag-worldnews"],"share_on_mastodon":{"url":"","error":"Validation failed: Text character limit of 500 exceeded"},"_links":{"self":[{"href":"https:\/\/www.europesays.com\/es\/wp-json\/wp\/v2\/posts\/730115","targetHints":{"allow":["GET"]}}],"collection":[{"href":"https:\/\/www.europesays.com\/es\/wp-json\/wp\/v2\/posts"}],"about":[{"href":"https:\/\/www.europesays.com\/es\/wp-json\/wp\/v2\/types\/post"}],"author":[{"embeddable":true,"href":"https:\/\/www.europesays.com\/es\/wp-json\/wp\/v2\/users\/2"}],"replies":[{"embeddable":true,"href":"https:\/\/www.europesays.com\/es\/wp-json\/wp\/v2\/comments?post=730115"}],"version-history":[{"count":0,"href":"https:\/\/www.europesays.com\/es\/wp-json\/wp\/v2\/posts\/730115\/revisions"}],"wp:featuredmedia":[{"embeddable":true,"href":"https:\/\/www.europesays.com\/es\/wp-json\/wp\/v2\/media\/730116"}],"wp:attachment":[{"href":"https:\/\/www.europesays.com\/es\/wp-json\/wp\/v2\/media?parent=730115"}],"wp:term":[{"taxonomy":"category","embeddable":true,"href":"https:\/\/www.europesays.com\/es\/wp-json\/wp\/v2\/categories?post=730115"},{"taxonomy":"post_tag","embeddable":true,"href":"https:\/\/www.europesays.com\/es\/wp-json\/wp\/v2\/tags?post=730115"}],"curies":[{"name":"wp","href":"https:\/\/api.w.org\/{rel}","templated":true}]}}