{"id":730241,"date":"2026-08-25T11:50:17","date_gmt":"2026-08-25T11:50:17","guid":{"rendered":"https:\/\/www.europesays.com\/es\/730241\/"},"modified":"2026-08-25T11:50:17","modified_gmt":"2026-08-25T11:50:17","slug":"la-rioja-enviara-vacunas-a-ceuta-por-solidaridad-y-empatia","status":"publish","type":"post","link":"https:\/\/www.europesays.com\/es\/730241\/","title":{"rendered":"La Rioja enviar\u00e1 vacunas a Ceuta por \u00absolidaridad y empat\u00eda\u00bb"},"content":{"rendered":"<p><a href=\"#\" onclick=\"window.open('https:\/\/www.facebook.com\/sharer.php?u=https:\/\/nuevecuatrouno.com\/2026\/08\/25\/gobierno-rioja-envio-vacunas-ceuta-solidaridad-empatia\/&amp;t=La Rioja enviar\u00e1 vacunas a Ceuta por \u00absolidaridad y empat\u00eda\u00bb, pero a\u00fan no sabe cu\u00e1ntas', 'facebookShare', 'width=626,height=436'); return false;\" title=\"Facebook\"><\/p>\n<p>COMPARTE<\/p>\n<p><\/a><br \/>\n<a href=\"#\" onclick=\"window.open('https:\/\/x.com\/share?text=La Rioja enviar\u00e1 vacunas a Ceuta por \u00absolidaridad y empat\u00eda\u00bb, pero a\u00fan no sabe cu\u00e1ntas -&amp;url=https:\/\/nuevecuatrouno.com\/2026\/08\/25\/gobierno-rioja-envio-vacunas-ceuta-solidaridad-empatia\/', 'twitterShare', 'width=626,height=436'); return false;\" title=\"X\"><img decoding=\"async\" src=\"https:\/\/www.europesays.com\/es\/wp-content\/uploads\/2026\/08\/1787658615_445_x-twitter-art.png\" style=\"padding-top: 6px;\"\/>POSTEA<\/a><br \/>\n<a href=\"whatsapp:\/\/send?text=La Rioja enviar\u00e1 vacunas a Ceuta por \u00absolidaridad y empat\u00eda\u00bb, pero a\u00fan no sabe cu\u00e1ntas https:\/\/nuevecuatrouno.com\/2026\/08\/25\/gobierno-rioja-envio-vacunas-ceuta-solidaridad-empatia\/\" rel=\"nofollow\"><\/p>\n<p>WHATSAPP<\/p>\n<p><\/a><br \/>\n<a href=\"http:\/\/nuevecuatrouno.com\/cdn-cgi\/l\/email-protection#0f307c7a6d656a6c7b32436e2f5d6660656e2f6a6179666e7dccae2f796e6c7a616e7c2f6e2f4c6a7a7b6e2f7f607d2fcda47c6063666b6e7d666b6e6b2f762f6a627f6e7bcca26ecdb4232f7f6a7d602f6eccb5612f61602f7c6e6d6a2f6c7accae617b6e7c296e627f344d404b5632cdb05e7acca62f79666b6e302f476a2f79667c7b602f6a7c7b6a2f6e7d7bcca26c7a63602f6a612f617a6a796a6c7a6e7b7d607a6160216c60622f762f6c7d6a602f7e7a6a2f7b6a2f7f7a6a6b6a2f66617b6a7d6a7c6e7d352f677b7b7f7c352020617a6a796a6c7a6e7b7d607a6160216c6062203d3f3d39203f37203d3a2068606d666a7d6160227d6660656e226a6179666022796e6c7a616e7c226c6a7a7b6e227c6063666b6e7d666b6e6b226a627f6e7b666e20\" rel=\"nofollow noopener\" target=\"_blank\"><\/p>\n<p>Email<\/p>\n<p><\/a><\/p>\n<p>El Gobierno de La Rioja enviar\u00e1 vacunas a Ceuta por \u00absolidaridad y empat\u00eda\u00bb, pero no puede concretar cu\u00e1ntas porque \u00abno est\u00e1 clara la cantidad global que se va a enviar por parte de las comunidades\u00bb, y tampoco se han establecido los \u00abcriterios\u00bb de aportaci\u00f3n.<\/p>\n<p>As\u00ed lo ha afirmado este martes el portavoz del Ejecutivo riojano, Alfonso Dom\u00ednguez, durante una rueda informativa, en la que ha respondido a una pregunta sobre la reuni\u00f3n mantenida entre el Ministerio de Sanidad y representantes de las comunidades aut\u00f3nomas.<\/p>\n<p>Dom\u00ednguez ha indicado que \u00abes parad\u00f3jico que despu\u00e9s de una reuni\u00f3n de tres horas ni siquiera est\u00e9 clara cu\u00e1l es la cantidad global de vacunas que se van a enviar por parte de las comunidades aut\u00f3nomas Ceuta\u00bb.<\/p>\n<p>Ha precisado que \u00abla comunicaci\u00f3n oficial que tiene el Gobierno de La Rioja es que son 25.000 vacunas\u00bb en total, pero \u00abhay comunicaciones p\u00fablicas que hablan de 45.000\u00bb, a lo que se une el que \u00abtampoco est\u00e1n establecidos los criterios para determinar cuantas va a aportar cada comunidad\u00bb.<\/p>\n<p>Sin embargo, ha incidido en que La Rioja s\u00ed que va a enviar vacunas a Ceuta, y ha lanzado un mensaje de \u00abtranquilidad a todos los riojanos porque se mantendr\u00e1 un \u2018stock\u2019 m\u00e1s que necesario para atender cualquier circunstancia que se pueda producir en el futuro en esta regi\u00f3n\u00bb.<\/p>\n<p>Ha trasladado a \u00ablos compatriotas de Ceuta, que han vivido y est\u00e1n viviendo una situaci\u00f3n compleja desde el pasado 31 de julio, con much\u00edsimo sufrimiento e incertidumbre, que La Rioja va a ser solidaria en todo aquello que puedan requerir para la soluci\u00f3n de esta crisis\u00bb.<\/p>\n<p>Respecto a la conferencia sectorial de Infancia y Adolescencia prevista el pr\u00f3ximo d\u00eda 27 para abordar la situaci\u00f3n de los menores migrantes no acompa\u00f1ados en Ceuta, Dom\u00ednguez ha especificado que el Gobierno riojano tiene \u00abcero informaci\u00f3n\u00bb del Ejecutivo central sobre esta cuesti\u00f3n.<\/p>\n<p>\u00abNo tenemos absolutamente nada, y por tanto no tenemos nada que decir, cuando recibamos informaci\u00f3n, nos posicionaremos sobre ella\u00bb, ha remarcado.<\/p>\n<p><img decoding=\"async\" src=\"https:\/\/www.europesays.com\/es\/wp-content\/uploads\/2026\/08\/1787658617_914_cabecera-nuevecuatrouno-2026.png\"\/><\/p>\n","protected":false},"excerpt":{"rendered":"COMPARTE POSTEA WHATSAPP Email El Gobierno de La Rioja enviar\u00e1 vacunas a Ceuta por \u00absolidaridad y empat\u00eda\u00bb, pero&hellip;\n","protected":false},"author":2,"featured_media":730242,"comment_status":"","ping_status":"","sticky":false,"template":"","format":"standard","meta":{"footnotes":""},"categories":[8],"tags":[808,17,18,25,24,13,14,103225,11,19,20,9,10,15,16,23,12,21,22],"class_list":["post-730241","post","type-post","status-publish","format-standard","has-post-thumbnail","category-espana","tag-ahora","tag-breaking-news","tag-breakingnews","tag-es","tag-espana","tag-featured-news","tag-featurednews","tag-gobierno-de-la-rioja","tag-headlines","tag-latest-news","tag-latestnews","tag-news","tag-noticias","tag-noticias-destacadas","tag-noticiasdestacadas","tag-spain","tag-titulares","tag-ultimas-noticias","tag-ultimasnoticias"],"share_on_mastodon":{"url":"https:\/\/pubeurope.com\/@es\/117156003558338041","error":""},"_links":{"self":[{"href":"https:\/\/www.europesays.com\/es\/wp-json\/wp\/v2\/posts\/730241","targetHints":{"allow":["GET"]}}],"collection":[{"href":"https:\/\/www.europesays.com\/es\/wp-json\/wp\/v2\/posts"}],"about":[{"href":"https:\/\/www.europesays.com\/es\/wp-json\/wp\/v2\/types\/post"}],"author":[{"embeddable":true,"href":"https:\/\/www.europesays.com\/es\/wp-json\/wp\/v2\/users\/2"}],"replies":[{"embeddable":true,"href":"https:\/\/www.europesays.com\/es\/wp-json\/wp\/v2\/comments?post=730241"}],"version-history":[{"count":0,"href":"https:\/\/www.europesays.com\/es\/wp-json\/wp\/v2\/posts\/730241\/revisions"}],"wp:featuredmedia":[{"embeddable":true,"href":"https:\/\/www.europesays.com\/es\/wp-json\/wp\/v2\/media\/730242"}],"wp:attachment":[{"href":"https:\/\/www.europesays.com\/es\/wp-json\/wp\/v2\/media?parent=730241"}],"wp:term":[{"taxonomy":"category","embeddable":true,"href":"https:\/\/www.europesays.com\/es\/wp-json\/wp\/v2\/categories?post=730241"},{"taxonomy":"post_tag","embeddable":true,"href":"https:\/\/www.europesays.com\/es\/wp-json\/wp\/v2\/tags?post=730241"}],"curies":[{"name":"wp","href":"https:\/\/api.w.org\/{rel}","templated":true}]}}