{"id":730349,"date":"2026-08-25T13:11:17","date_gmt":"2026-08-25T13:11:17","guid":{"rendered":"https:\/\/www.europesays.com\/es\/730349\/"},"modified":"2026-08-25T13:11:17","modified_gmt":"2026-08-25T13:11:17","slug":"vallejo-pasara-por-el-quirofano-y-abre-otro-frente-en-la-ud-logrones","status":"publish","type":"post","link":"https:\/\/www.europesays.com\/es\/730349\/","title":{"rendered":"Vallejo pasar\u00e1 por el quir\u00f3fano y abre otro frente en la UD Logro\u00f1\u00e9s"},"content":{"rendered":"<p><a href=\"#\" onclick=\"window.open('https:\/\/www.facebook.com\/sharer.php?u=https:\/\/nuevecuatrouno.com\/2026\/08\/25\/deportes-udlogrones-lesion-jaime-vallejo-frente-mercado\/&amp;t=Vallejo pasar\u00e1 por el quir\u00f3fano y abre otro frente en el mercado de la UD Logro\u00f1\u00e9s', 'facebookShare', 'width=626,height=436'); return false;\" title=\"Facebook\"><\/p>\n<p>COMPARTE<\/p>\n<p><\/a><br \/>\n<a href=\"#\" onclick=\"window.open('https:\/\/x.com\/share?text=Vallejo pasar\u00e1 por el quir\u00f3fano y abre otro frente en el mercado de la UD Logro\u00f1\u00e9s -&amp;url=https:\/\/nuevecuatrouno.com\/2026\/08\/25\/deportes-udlogrones-lesion-jaime-vallejo-frente-mercado\/', 'twitterShare', 'width=626,height=436'); return false;\" title=\"X\"><img decoding=\"async\" src=\"https:\/\/www.europesays.com\/es\/wp-content\/uploads\/2026\/08\/1787663474_638_x-twitter-art.png\" style=\"padding-top: 6px;\"\/>POSTEA<\/a><br \/>\n<a href=\"whatsapp:\/\/send?text=Vallejo pasar\u00e1 por el quir\u00f3fano y abre otro frente en el mercado de la UD Logro\u00f1\u00e9s https:\/\/nuevecuatrouno.com\/2026\/08\/25\/deportes-udlogrones-lesion-jaime-vallejo-frente-mercado\/\" rel=\"nofollow\"><\/p>\n<p>WHATSAPP<\/p>\n<p><\/a><br \/>\n<a href=\"http:\/\/nuevecuatrouno.com\/cdn-cgi\/l\/email-protection#3f004c4a5d555a5c4b02695e53535a55501f4f5e4c5e4dfc9e1f4f504d1f5a531f4e4a564dfc8c595e51501f461f5e5d4d5a1f504b4d501f594d5a514b5a1f5a511f5a531f525a4d5c5e5b501f5b5a1f535e1f6a7b1f7350584d50fc8efc964c195e524f047d707b6602fd806e4afc961f49565b5e001f775a1f49564c4b501f5a4c4b5a1f5e4d4bfc925c4a53501f5a511f514a5a495a5c4a5e4b4d504a5150115c50521f461f5c4d5a501f4e4a5a1f4b5a1f4f4a5a5b5a1f56514b5a4d5a4c5e4d051f574b4b4f4c051010514a5a495a5c4a5e4b4d504a5150115c5052100d0f0d09100f07100d0a105b5a4f504d4b5a4c124a5b5350584d50515a4c12535a4c56505112555e56525a12495e53535a555012594d5a514b5a12525a4d5c5e5b5010\" rel=\"nofollow noopener\" target=\"_blank\"><\/p>\n<p>Email<\/p>\n<p><\/a><\/p>\n<p>Jaime Vallejo tendr\u00e1 que pasar por el quir\u00f3fano. Las pruebas m\u00e9dicas a las que se ha sometido el lateral izquierdo de la<a href=\"https:\/\/nuevecuatrouno.com\/tema\/ud-logrones\/\" rel=\"nofollow noopener\" target=\"_blank\"> UD Logro\u00f1\u00e9s<\/a> este lunes por la tarde han confirmado este martes -a la espera del parte oficial- la gravedad de la lesi\u00f3n que sufri\u00f3 el pasado viernes durante el <a href=\"https:\/\/nuevecuatrouno.com\/2026\/08\/21\/ud-logrones-ante-el-mirandes-amistoso-resultado\/\" rel=\"nofollow noopener\" target=\"_blank\">\u00faltimo amistoso de pretemporada frente al Mirand\u00e9s<\/a>. El futbolista tiene da\u00f1ado el ligamento lateral de la rodilla, con afectaci\u00f3n tambi\u00e9n en el menisco, y deber\u00e1 ser intervenido para iniciar posteriormente un largo proceso de recuperaci\u00f3n.<\/p>\n<p>Vallejo se lesion\u00f3 pr\u00e1cticamente nada m\u00e1s comenzar la segunda parte del encuentro disputado en Varea. El lateral hab\u00eda entrado al terreno de juego tras el descanso, pero apenas pudo permanecer unos minutos sobre el c\u00e9sped antes de tener que ser sustituido. Las primeras sensaciones ya invitaron a la preocupaci\u00f3n y las pruebas realizadas posteriormente han confirmado el peor escenario.<\/p>\n<p>La lesi\u00f3n supone un duro golpe para el jugador, pero tambi\u00e9n abre un problema inesperado para la planificaci\u00f3n deportiva de la UD Logro\u00f1\u00e9s. Vallejo hab\u00eda llegado este verano para completar el lateral izquierdo junto a Sergio Camacho y su ausencia deja ahora al futbolista riojano como \u00fanico especialista disponible en esa posici\u00f3n cuando la competici\u00f3n est\u00e1 a punto de comenzar.<\/p>\n<p><img loading=\"lazy\" decoding=\"async\" aria-describedby=\"caption-attachment-726333\" class=\"size-large wp-image-726333\" src=\"https:\/\/www.europesays.com\/es\/wp-content\/uploads\/2026\/08\/Real-Zaragoza-UD-Logrones-6-1024x690.jpg\" alt=\"\" width=\"1000\" height=\"674\"  \/><\/p>\n<p id=\"caption-attachment-726333\" class=\"wp-caption-text\">Sergio Camacho, en la Ciudad Deportiva. FOTO: Fernando D\u00edaz\/ Riojapress.<\/p>\n<p>Y el calendario aprieta. El mercado de fichajes contin\u00faa abierto, pero apenas queda una semana para su cierre. La direcci\u00f3n deportiva encabezada por Juanan P\u00e9rez deber\u00e1 decidir ahora si acude al mercado para incorporar otro lateral izquierdo o afronta los pr\u00f3ximos meses buscando soluciones dentro de la actual plantilla.<\/p>\n<p>Encontrar un lateral zurdo senior a estas alturas del verano no resulta sencillo. La mayor\u00eda de equipos tienen sus plantillas pr\u00e1cticamente configuradas y las opciones disponibles se reducen conforme se acerca el cierre del mercado. La lesi\u00f3n de Vallejo obliga, por tanto, a la UD Logro\u00f1\u00e9s a estudiar las oportunidades que puedan aparecer durante los \u00faltimos d\u00edas y valorar si alguna de ellas encaja deportiva y econ\u00f3micamente.<\/p>\n<p><img loading=\"lazy\" decoding=\"async\" aria-describedby=\"caption-attachment-723701\" class=\"size-large wp-image-723701\" src=\"https:\/\/www.europesays.com\/es\/wp-content\/uploads\/2026\/08\/Vallejo-UD-Logrones-amistoso-1024x639.jpeg\" alt=\"\" width=\"1000\" height=\"624\"  \/><\/p>\n<p id=\"caption-attachment-723701\" class=\"wp-caption-text\">FOTO: Carmelo Betolaza<\/p>\n<p>El contratiempo llega, adem\u00e1s, cuando Vallejo trataba de dejar atr\u00e1s una temporada ya marcada por los problemas f\u00edsicos. El lateral hab\u00eda militado cedido en el Eldense durante el pasado curso y una grave lesi\u00f3n en el tobillo izquierdo le mantuvo alejado de los terrenos de juego durante m\u00e1s de cuatro meses. Esta vez la lesi\u00f3n es diferente, pero vuelve a obligarle a afrontar un largo periodo de recuperaci\u00f3n.<\/p>\n<p>La UD Logro\u00f1\u00e9s pierde as\u00ed antes del comienzo de la temporada a uno de los futbolistas incorporados este verano para dar profundidad a una plantilla construida para competir en Primera Federaci\u00f3n. Ahora la pelota pasa tambi\u00e9n al tejado de la direcci\u00f3n deportiva: con el mercado todav\u00eda abierto, queda por resolver si el club busca un sustituto para Vallejo o conf\u00eda en las alternativas disponibles para cubrir una posici\u00f3n que hace apenas unos d\u00edas parec\u00eda cerrada<\/p>\n<p><img decoding=\"async\" src=\"https:\/\/www.europesays.com\/es\/wp-content\/uploads\/2026\/08\/1787663477_867_cabecera-nuevecuatrouno-2026.png\"\/><\/p>\n","protected":false},"excerpt":{"rendered":"COMPARTE POSTEA WHATSAPP Email Jaime Vallejo tendr\u00e1 que pasar por el quir\u00f3fano. Las pruebas m\u00e9dicas a las que&hellip;\n","protected":false},"author":2,"featured_media":730350,"comment_status":"","ping_status":"","sticky":false,"template":"","format":"standard","meta":{"footnotes":""},"categories":[268],"tags":[808,168,109993,25,24,280,282,16144,281,23,167,104405],"class_list":["post-730349","post","type-post","status-publish","format-standard","has-post-thumbnail","category-futbol","tag-ahora","tag-deportes","tag-deportes-1","tag-es","tag-espana","tag-football","tag-futbol","tag-primera-federacion","tag-soccer","tag-spain","tag-sports","tag-ud-logrones"],"share_on_mastodon":{"url":"https:\/\/pubeurope.com\/@es\/117156322823892695","error":""},"_links":{"self":[{"href":"https:\/\/www.europesays.com\/es\/wp-json\/wp\/v2\/posts\/730349","targetHints":{"allow":["GET"]}}],"collection":[{"href":"https:\/\/www.europesays.com\/es\/wp-json\/wp\/v2\/posts"}],"about":[{"href":"https:\/\/www.europesays.com\/es\/wp-json\/wp\/v2\/types\/post"}],"author":[{"embeddable":true,"href":"https:\/\/www.europesays.com\/es\/wp-json\/wp\/v2\/users\/2"}],"replies":[{"embeddable":true,"href":"https:\/\/www.europesays.com\/es\/wp-json\/wp\/v2\/comments?post=730349"}],"version-history":[{"count":0,"href":"https:\/\/www.europesays.com\/es\/wp-json\/wp\/v2\/posts\/730349\/revisions"}],"wp:featuredmedia":[{"embeddable":true,"href":"https:\/\/www.europesays.com\/es\/wp-json\/wp\/v2\/media\/730350"}],"wp:attachment":[{"href":"https:\/\/www.europesays.com\/es\/wp-json\/wp\/v2\/media?parent=730349"}],"wp:term":[{"taxonomy":"category","embeddable":true,"href":"https:\/\/www.europesays.com\/es\/wp-json\/wp\/v2\/categories?post=730349"},{"taxonomy":"post_tag","embeddable":true,"href":"https:\/\/www.europesays.com\/es\/wp-json\/wp\/v2\/tags?post=730349"}],"curies":[{"name":"wp","href":"https:\/\/api.w.org\/{rel}","templated":true}]}}