{"id":730567,"date":"2026-08-25T16:03:12","date_gmt":"2026-08-25T16:03:12","guid":{"rendered":"https:\/\/www.europesays.com\/es\/730567\/"},"modified":"2026-08-25T16:03:12","modified_gmt":"2026-08-25T16:03:12","slug":"owen-wilson-vuelve-a-coger-un-palo-de-golf-en-la-segunda-temporada-de-sticks-de-apple-tv-fecha-primeras-imagenes-y-rhea-seehorn","status":"publish","type":"post","link":"https:\/\/www.europesays.com\/es\/730567\/","title":{"rendered":"Owen Wilson vuelve a coger un palo de golf en la segunda temporada de &#8216;Sticks&#8217;, de Apple TV: fecha, primeras im\u00e1genes y Rhea Seehorn"},"content":{"rendered":"<p>Puede que <b>el golf<\/b> no sea lo m\u00e1s seguido de nuestro pa\u00eds, aunque <a href=\"https:\/\/www.larazon.es\/deportes\/quienes-son-otros-golfistas-espanoles-que-juegan-liv-golf-saudi_202312086572da7762c50d0001c23ebb.html\" rel=\"nofollow noopener\" target=\"_blank\">hemos tenido nuestras rachas<\/a> gracias especialmente a Severiano ballesteros, Sergio Garc\u00eda Fern\u00e1ndez, Jos\u00e9 Mar\u00eda Olaz\u00e1bal o, m\u00e1s recientemente Jon Rahm, por lo que si nos pusi\u00e9ramos a ver <b>una serie relacionada con este deporte<\/b> seguro que algo de vocabulario.<\/p>\n<p>Por eso podemos recomendaros sin miedo <b>Sticks: cracks del golf<\/b>, una <b>exclusiva de Apple TV protagonizada por Owen Wilson<\/b>, Marc Maron, Timothy Olyphant y Peter Dager, entre un elenco mucho m\u00e1s amplio, que estren\u00f3 su primera temporada en 2025 y que este mismo <b>noviembre <\/b>contar\u00e1 con <b>una segunda<\/b> con bastantes y jugosas novedades.<\/p>\n<p>Im\u00e1genes y fecha de estreno<\/p>\n<p>La principal de ellas es que <b>Pryce Cahill<\/b>, el antiguo jugador profesional interpretado por Owen Wilson,<b> no se limitar\u00e1 a continuar ayudando al joven Santi <\/b>en su camino hacia el golf profesional. Tras lo ocurrido en la primera temporada, la nueva entrega colocar\u00e1 a ambos ante nuevos desaf\u00edos mientras <b>Pryce se plantea algo que parec\u00eda improbable: regresar a la competici\u00f3n<\/b> e intentar convertirse en el jugador de mayor edad en ganar un grande.<\/p>\n<p>Para conseguirlo <b>contar\u00e1 con la ayuda de Amanda<\/b>, una <b>nueva entrenadora interpretada por Rhea Seehorn<\/b>, que se incorpora al reparto en un papel secundario. La actriz es especialmente conocida por interpretar a Kim Wexler en\u00a0Better Call Saul, pero tambi\u00e9n es la protagonista de\u00a0Pluribus, otra de las grandes apuestas de Apple TV, de la que seguimos esperando nuevas noticias <a href=\"https:\/\/www.larazon.es\/tecnologia-consumo\/asi-iba-a-ser-el-final-de-pluribus-antes-de-que-apple-y-sony-mandaran-cambiarlo-por-completo_20251224694bb865af09df501092d548.html\" rel=\"nofollow noopener\" target=\"_blank\">relativas a su segunda temporada<\/a>.\u00a0<\/p>\n<p>La segunda temporada de\u00a0Sticks: cracks del golf\u00a0<b>llegar\u00e1 a Apple TV el\u00a04 de noviembre<\/b> de 2026\u00a0con <b>dos episodios<\/b>, para continuar despu\u00e9s con <b>un cap\u00edtulo semanal hasta el 30 de diciembre<\/b>. En total ser\u00e1n <b>diez episodios<\/b>.<\/p>\n<p>M\u00e1s actores y golfistas<\/p>\n<p>Junto a Wilson, Peter Dager, Marc Maron, Mariana Trevi\u00f1o, Lilli Kay, Judy Greer y Timothy Olyphant <b>regresar\u00e1n para esta segunda temporada<\/b>, a la que <b>tambi\u00e9n se incorporan<\/b> John Higgins, Billy Zane, Rex Linn, Sasha Alexander y Missi Pyle. Adem\u00e1s, habr\u00e1 <b>nuevas apariciones de figuras vinculadas al mundo del golf<\/b> como Jim Nantz, Trevor Immelman, Matt Scharff y Dan Rapaport.\u00a0<\/p>\n","protected":false},"excerpt":{"rendered":"Puede que el golf no sea lo m\u00e1s seguido de nuestro pa\u00eds, aunque hemos tenido nuestras rachas gracias&hellip;\n","protected":false},"author":2,"featured_media":730568,"comment_status":"","ping_status":"","sticky":false,"template":"","format":"standard","meta":{"footnotes":""},"categories":[171],"tags":[2823,146,147,25,24,23,6879,214],"class_list":["post-730567","post","type-post","status-publish","format-standard","has-post-thumbnail","category-tv","tag-apple","tag-entertainment","tag-entretenimiento","tag-es","tag-espana","tag-spain","tag-streaming","tag-tv"],"share_on_mastodon":{"url":"https:\/\/pubeurope.com\/@es\/117156997401491823","error":""},"_links":{"self":[{"href":"https:\/\/www.europesays.com\/es\/wp-json\/wp\/v2\/posts\/730567","targetHints":{"allow":["GET"]}}],"collection":[{"href":"https:\/\/www.europesays.com\/es\/wp-json\/wp\/v2\/posts"}],"about":[{"href":"https:\/\/www.europesays.com\/es\/wp-json\/wp\/v2\/types\/post"}],"author":[{"embeddable":true,"href":"https:\/\/www.europesays.com\/es\/wp-json\/wp\/v2\/users\/2"}],"replies":[{"embeddable":true,"href":"https:\/\/www.europesays.com\/es\/wp-json\/wp\/v2\/comments?post=730567"}],"version-history":[{"count":0,"href":"https:\/\/www.europesays.com\/es\/wp-json\/wp\/v2\/posts\/730567\/revisions"}],"wp:featuredmedia":[{"embeddable":true,"href":"https:\/\/www.europesays.com\/es\/wp-json\/wp\/v2\/media\/730568"}],"wp:attachment":[{"href":"https:\/\/www.europesays.com\/es\/wp-json\/wp\/v2\/media?parent=730567"}],"wp:term":[{"taxonomy":"category","embeddable":true,"href":"https:\/\/www.europesays.com\/es\/wp-json\/wp\/v2\/categories?post=730567"},{"taxonomy":"post_tag","embeddable":true,"href":"https:\/\/www.europesays.com\/es\/wp-json\/wp\/v2\/tags?post=730567"}],"curies":[{"name":"wp","href":"https:\/\/api.w.org\/{rel}","templated":true}]}}