{"id":730615,"date":"2026-08-25T16:38:16","date_gmt":"2026-08-25T16:38:16","guid":{"rendered":"https:\/\/www.europesays.com\/es\/730615\/"},"modified":"2026-08-25T16:38:16","modified_gmt":"2026-08-25T16:38:16","slug":"renault-5-e-tech-2027-todas-las-mejoras-al-descubierto","status":"publish","type":"post","link":"https:\/\/www.europesays.com\/es\/730615\/","title":{"rendered":"Renault 5 E-Tech 2027: todas las mejoras, al descubierto"},"content":{"rendered":"<p data-journey-content=\"true\" data-node-id=\"4\" class=\"css-1ood0zq emevuu60\">Renault lanza una liger\u00edsima actualizaci\u00f3n del <a href=\"https:\/\/www.caranddriver.com\/es\/pruebas-coches\/a64576818\/prueba-expres-renault-5-e-tech\/\" target=\"_blank\" data-vars-ga-outbound-link=\"https:\/\/www.caranddriver.com\/es\/pruebas-coches\/a64576818\/prueba-expres-renault-5-e-tech\/\" data-vars-ga-ux-element=\"Hyperlink\" data-vars-ga-call-to-action=\"5 E-Tech\" data-node-id=\"4.1\" class=\"body-link css-1jjwy84 emevuu60\" rel=\"nofollow noopener\">5 E-Tech<\/a>, recordemos, un modelo 100% el\u00e9ctrico. Recordemos que hace unas semanas, este modelo incorpor\u00f3 una petici\u00f3n que muchos clientes ped\u00edan a gritos, las <a href=\"https:\/\/www.caranddriver.com\/es\/coches\/novedades\/a71240712\/renault-5-electrico-levas\/\" target=\"_blank\" data-vars-ga-outbound-link=\"https:\/\/www.caranddriver.com\/es\/coches\/novedades\/a71240712\/renault-5-electrico-levas\/\" data-vars-ga-ux-element=\"Hyperlink\" data-vars-ga-call-to-action=\"levas en el volante\" data-node-id=\"4.3\" class=\"body-link css-1jjwy84 emevuu60\" rel=\"nofollow noopener\">levas en el volante<\/a> para modificar la regeneraci\u00f3n en marcha, soluci\u00f3n disponible \u00fanicamente en los acabados m\u00e1s altos.<\/p>\n<p data-journey-content=\"true\" data-node-id=\"10\" class=\"css-1ood0zq emevuu60\">Bien, ahora, el Renault 5 E-Tech estrena novedades en toda la gama. Comenzaremos por las m\u00e1s importantes que afectan al apartado t\u00e9cnico del veh\u00edculo y que permiten al divertido utilitario franc\u00e9s hacer frente a la hornada de nuevos coches peque\u00f1os con enchufe como el Cupra Raval y el VW ID. Polo. <strong data-node-id=\"10.1\">Otras alternativas son los <a href=\"https:\/\/www.caranddriver.com\/es\/coches\/novedades\/a70380738\/hyundai-inster-oferta-49-kwh-maxx\/\" target=\"_blank\" data-vars-ga-outbound-link=\"https:\/\/www.caranddriver.com\/es\/coches\/novedades\/a70380738\/hyundai-inster-oferta-49-kwh-maxx\/\" data-vars-ga-ux-element=\"Hyperlink\" data-vars-ga-call-to-action=\"Hyundai Inster\" data-node-id=\"10.1.1\" class=\"body-link css-1jjwy84 emevuu60\" rel=\"nofollow noopener\">Hyundai Inster<\/a>, <a href=\"https:\/\/www.caranddriver.com\/es\/coches\/novedades\/a64846585\/byd-dolphin-surf\/\" target=\"_blank\" data-vars-ga-outbound-link=\"https:\/\/www.caranddriver.com\/es\/coches\/novedades\/a64846585\/byd-dolphin-surf\/\" data-vars-ga-ux-element=\"Hyperlink\" data-vars-ga-call-to-action=\"BYD Dolphin Surf\" data-node-id=\"10.1.3\" class=\"body-link css-1jjwy84 emevuu60\" rel=\"nofollow noopener\">BYD Dolphin Surf<\/a> o Peugeot E-208.<\/strong><\/p>\n<p><img draggable=\"true\" alt=\"renault 5 e tech 2027\" title=\"renault 5 e tech 2027\" loading=\"lazy\" width=\"2200\" height=\"1236\" decoding=\"async\" data-nimg=\"1\" style=\"color:transparent;width:100%;height:auto;\"   src=\"https:\/\/www.europesays.com\/es\/wp-content\/uploads\/2026\/08\/a2281edb-7806-45a9-bbcd-5f0fd8824f9e.jpg\" class=\"css-0 e1ddfba50\"\/><\/p>\n<p>Renault\/\/Car and Driver<\/p>\n<p><strong data-node-id=\"12.0\">Nueva bater\u00eda LFP para el Renault 5 de acceso<\/strong><\/p>\n<p data-journey-content=\"true\" data-node-id=\"16\" class=\"css-1ood0zq emevuu60\">Renault decide modificar ligeramente el 5 en su versi\u00f3n de acceso Five. Entre las mejoras que incorpora est\u00e1 una bater\u00eda LFP (fosfato de hierro y litio) de 36,5 kWh \u201cdise\u00f1ada para optimizar la densidad energ\u00e9tica en relaci\u00f3n con su tama\u00f1o y peso\u201d. Sustituye a la actual de 40 kWh. <strong data-node-id=\"16.1\">La otra gran mejora est\u00e1 en la sustituci\u00f3n del motor de 95 CV por otro de 110 CV procedente de la familia Twingo E-Tech.<\/strong><\/p>\n<p><img draggable=\"true\" alt=\"renault 5 e tech 2027\" title=\"renault 5 e tech 2027\" loading=\"lazy\" width=\"2200\" height=\"1238\" decoding=\"async\" data-nimg=\"1\" style=\"color:transparent;width:100%;height:auto;\"   src=\"https:\/\/www.europesays.com\/es\/wp-content\/uploads\/2026\/08\/309f06ad-6618-4d22-9909-8ccf6fe0a69e.jpg\" class=\"css-0 e1ddfba50\"\/><\/p>\n<p>Renault\/\/Car and Driver<\/p>\n<p data-journey-content=\"true\" data-node-id=\"22\" class=\"css-1ood0zq emevuu60\">El Renault 5 E-Tech Five incluir\u00e1 tambi\u00e9n de serie cargador embarcado de corriente alterna de 6,6 kW y uno de corriente continua de 80 kW compatible con carga r\u00e1pida.<\/p>\n<p><img draggable=\"true\" alt=\"renault 5 e tech 2027\" title=\"renault 5 e tech 2027\" loading=\"lazy\" width=\"2200\" height=\"1237\" decoding=\"async\" data-nimg=\"1\" style=\"color:transparent;width:100%;height:auto;\"   src=\"https:\/\/www.europesays.com\/es\/wp-content\/uploads\/2026\/08\/76b990ae-95dc-4db2-88bb-2137d9a12714.jpg\" class=\"css-0 e1ddfba50\"\/><\/p>\n<p>Renault\/\/Car and Driver<\/p>\n<p data-journey-content=\"true\" data-node-id=\"27\" class=\"css-1ood0zq emevuu60\">Renault dice que el 5 E-Tech Five consigue estirar la autonom\u00eda a 305 km tambi\u00e9n gracias a las soluciones aerodin\u00e1micas implantadas como una carrocer\u00eda ligeramente m\u00e1s baja (no especifican cu\u00e1ntos mil\u00edmetros) y unos espejos retrovisores redise\u00f1ados. <strong data-node-id=\"27.1\">Estas dos mejoras estar\u00e1n disponibles en el resto de la gama y benefician a las variantes con pila de 52 kWh, que consiguen hasta 20 km adicionales de autonom\u00eda<\/strong> (430 km por los 410 km del anterior).<\/p>\n<p><strong data-node-id=\"28.0\">El Renault 5 E-Tech gana en atractivo visual y equipamiento<\/strong><\/p>\n<p data-journey-content=\"true\" data-node-id=\"32\" class=\"css-1ood0zq emevuu60\">Adem\u00e1s, el Renault 5 E-Tech en su versi\u00f3n 2027 se podr\u00e1 configurar con el rojo Rojo Fuego y el Gris Pizarra Metalizado. Otros opcionales en cuanto a imagen son el techo negro estrellado y los contornos de \u00e9ste en rojo o titanio c\u00e1lido.<\/p>\n<p><img draggable=\"true\" alt=\"renault 5 e tech 2027\" title=\"renault 5 e tech 2027\" loading=\"lazy\" width=\"2200\" height=\"1467\" decoding=\"async\" data-nimg=\"1\" style=\"color:transparent;width:100%;height:auto;\"   src=\"https:\/\/www.europesays.com\/es\/wp-content\/uploads\/2026\/08\/12c1a8ac-8fd5-4bc6-83d4-1e1c93e43167.jpg\" class=\"css-0 e1ddfba50\"\/><\/p>\n<p>Renault\/\/Car and Driver<\/p>\n<p data-journey-content=\"true\" data-node-id=\"37\" class=\"css-1ood0zq emevuu60\">Las llantas pueden ser doradas en las versiones Techno e Iconic Cinq y estrena adhesivos para el techo y los retrovisores denominados Vibrant5 y Hyper5. Y la tapicer\u00eda de Iconic es azul jaspeado en lugar de amarillo jaspeado.<\/p>\n<p><img draggable=\"true\" alt=\"renault 5 e tech 2027\" title=\"renault 5 e tech 2027\" loading=\"lazy\" width=\"2200\" height=\"1467\" decoding=\"async\" data-nimg=\"1\" style=\"color:transparent;width:100%;height:auto;\"   src=\"https:\/\/www.europesays.com\/es\/wp-content\/uploads\/2026\/08\/af2ad462-96f0-40c5-8281-deb9114e1be2.jpg\" class=\"css-0 e1ddfba50\"\/><\/p>\n<p>Renault\/\/Car and Driver<\/p>\n<p data-journey-content=\"true\" data-node-id=\"42\" class=\"css-1ood0zq emevuu60\">En cuanto a equipamiento, <strong data-node-id=\"42.1\">el Renault 5 E-Tech incorpora llamada de emergencia e-call compatible con redes 4G, una base de carga inal\u00e1mbrica refrigerada y Gemini, que sustituir\u00e1 a Google Assistant.<\/strong> Se elimina el bot\u00f3n de los modos de conducci\u00f3n en el volante.<\/p>\n<p><img draggable=\"true\" alt=\"renault 5 e tech 2027\" title=\"renault 5 e tech 2027\" loading=\"lazy\" width=\"2200\" height=\"1467\" decoding=\"async\" data-nimg=\"1\" style=\"color:transparent;width:100%;height:auto;\"   src=\"https:\/\/www.europesays.com\/es\/wp-content\/uploads\/2026\/08\/39c52950-6539-4b5a-bc4f-6d896ad9f638.jpg\" class=\"css-0 e1ddfba50\"\/><\/p>\n<p>Renault\/\/Car and Driver<\/p>\n<p><strong data-node-id=\"44.0\">Precio y equipamiento Renault 5 E-Tech 2027<\/strong><\/p>\n<p data-journey-content=\"true\" data-node-id=\"48\" class=\"css-1ood0zq emevuu60\">De momento, no hay confirmaci\u00f3n oficial de los precios y de si Renault aprovechar\u00e1 para ajustarlos a ra\u00edz de la llegada de nuevos y potentes adversarios o si los mantendr\u00e1. <\/p>\n","protected":false},"excerpt":{"rendered":"Renault lanza una liger\u00edsima actualizaci\u00f3n del 5 E-Tech, recordemos, un modelo 100% el\u00e9ctrico. Recordemos que hace unas semanas,&hellip;\n","protected":false},"author":2,"featured_media":730616,"comment_status":"","ping_status":"","sticky":false,"template":"","format":"standard","meta":{"footnotes":""},"categories":[80],"tags":[82,95,94,25,24,975,23],"class_list":["post-730615","post","type-post","status-publish","format-standard","has-post-thumbnail","category-economia","tag-business","tag-economia","tag-economy","tag-es","tag-espana","tag-seo","tag-spain"],"share_on_mastodon":{"url":"https:\/\/pubeurope.com\/@es\/117157135196784624","error":""},"_links":{"self":[{"href":"https:\/\/www.europesays.com\/es\/wp-json\/wp\/v2\/posts\/730615","targetHints":{"allow":["GET"]}}],"collection":[{"href":"https:\/\/www.europesays.com\/es\/wp-json\/wp\/v2\/posts"}],"about":[{"href":"https:\/\/www.europesays.com\/es\/wp-json\/wp\/v2\/types\/post"}],"author":[{"embeddable":true,"href":"https:\/\/www.europesays.com\/es\/wp-json\/wp\/v2\/users\/2"}],"replies":[{"embeddable":true,"href":"https:\/\/www.europesays.com\/es\/wp-json\/wp\/v2\/comments?post=730615"}],"version-history":[{"count":0,"href":"https:\/\/www.europesays.com\/es\/wp-json\/wp\/v2\/posts\/730615\/revisions"}],"wp:featuredmedia":[{"embeddable":true,"href":"https:\/\/www.europesays.com\/es\/wp-json\/wp\/v2\/media\/730616"}],"wp:attachment":[{"href":"https:\/\/www.europesays.com\/es\/wp-json\/wp\/v2\/media?parent=730615"}],"wp:term":[{"taxonomy":"category","embeddable":true,"href":"https:\/\/www.europesays.com\/es\/wp-json\/wp\/v2\/categories?post=730615"},{"taxonomy":"post_tag","embeddable":true,"href":"https:\/\/www.europesays.com\/es\/wp-json\/wp\/v2\/tags?post=730615"}],"curies":[{"name":"wp","href":"https:\/\/api.w.org\/{rel}","templated":true}]}}