{"id":730679,"date":"2026-08-25T17:26:11","date_gmt":"2026-08-25T17:26:11","guid":{"rendered":"https:\/\/www.europesays.com\/es\/730679\/"},"modified":"2026-08-25T17:26:11","modified_gmt":"2026-08-25T17:26:11","slug":"el-mando-unico-en-ceuta-que-ha-aprobado-el-consejo-de-ministros","status":"publish","type":"post","link":"https:\/\/www.europesays.com\/es\/730679\/","title":{"rendered":"El mando \u00fanico en Ceuta que ha aprobado el Consejo de Ministros"},"content":{"rendered":"<p>El Consejo de Ministros <a href=\"https:\/\/www.youtube.com\/watch?v=BVvQnRka40M\" rel=\"nofollow noopener\" target=\"_blank\">ha aprobado<\/a> este martes la constituci\u00f3n de un mando \u00fanico para gestionar la crisis <a href=\"https:\/\/www.newtral.es\/narrativas-desinformacion-mafias-ong-ceuta-ayuda-migrantes\/20260820\/\" rel=\"nofollow noopener\" target=\"_blank\">en Ceuta<\/a> casi un mes despu\u00e9s de la entrada masiva de migrantes que tuvo lugar el 30 de julio. Para ello, se declara la situaci\u00f3n de inter\u00e9s para la Seguridad Nacional.<\/p>\n<p>El Gobierno tomar\u00e1 el control de la crisis en esta ciudad aut\u00f3noma despu\u00e9s de haber sido solicitado por el presidente ceut\u00ed, el popular Juan Jes\u00fas Vivas. Una medida que se materializ\u00f3 en la reuni\u00f3n entre Vivas y el vicepresidente primero Carlos Cuerpo de este lunes.<\/p>\n<ul class=\"wp-block-list\">\n<li>Cuerpo <a href=\"https:\/\/www.youtube.com\/watch?v=-YlvJ1cLgsE\" rel=\"nofollow noopener\" target=\"_blank\">ha se\u00f1alado<\/a> que \u201cse abre un nuevo horizonte en este mando \u00fanico en esta etapa de la gesti\u00f3n de la crisis que esperamos que d\u00e9 resultados lo antes posible\u201d.<\/li>\n<\/ul>\n<p><strong>Qu\u00e9 significa crear un mando \u00fanico ante una crisis<\/strong><\/p>\n<p>La ley de Seguridad Nacional <a href=\"https:\/\/www.boe.es\/buscar\/act.php?id=BOE-A-2015-10389\" rel=\"nofollow noopener\" target=\"_blank\">establece<\/a> que la gesti\u00f3n de crisis es \u201cel conjunto ordinario de actuaciones dirigidas a detectar y valorar los riesgos y las amenazas concretos para la Seguridad Nacional, facilitar el proceso de toma de decisiones y asegurar una respuesta \u00f3ptima y coordinada de los recursos del Estado que sean necesarios\u201d.<\/p>\n<p><strong>Un desarrollo \u201cgradual\u201d.<\/strong> La norma tambi\u00e9n recoge que la gesti\u00f3n de crisis se desarrollar\u00e1 a trav\u00e9s de \u201cinstrumentos de prevenci\u00f3n, detecci\u00f3n, respuesta, retorno a la normalidad y evaluaci\u00f3n\u201d. Adem\u00e1s, su desarrollo ser\u00e1 \u201cgradual e implicar\u00e1 a los diferentes \u00f3rganos que componen la estructura del Sistema de Seguridad Nacional, seg\u00fan sus competencias y de acuerdo con la situaci\u00f3n de crisis que se produzca\u201d.<\/p>\n<ul class=\"wp-block-list\">\n<li>Carlos Cuerpo <a href=\"https:\/\/www.lamoncloa.gob.es\/serviciosdeprensa\/notasprensa\/economia-comercio-empresa\/Paginas\/2026\/250826-mando-unico-ceuta.aspx\" rel=\"nofollow noopener\" target=\"_blank\">ha indicado<\/a> que, ahora mismo, se encuentran \u201cinmersos\u201d en la fase de \u201crepatriar a aquellos que no tengan derecho a permanecer en nuestro pa\u00eds, y de acoger de manera adecuada a los menores y a aquellos solicitantes de asilo que s\u00ed lo tengan\u201d.<\/li>\n<\/ul>\n<p><strong>Qu\u00e9 es una situaci\u00f3n de inter\u00e9s para la Seguridad Nacional<\/strong><\/p>\n<p>Este estado, regulado a trav\u00e9s de la ley de Seguridad Nacional, <a href=\"https:\/\/www.boe.es\/buscar\/act.php?id=BOE-A-2015-10389#:~:text=2.%20La%20situaci%C3%B3n,en%20esta%20ley.\" rel=\"nofollow noopener\" target=\"_blank\">se define<\/a> como una situaci\u00f3n que, \u201cpor la gravedad de sus efectos y la dimensi\u00f3n, urgencia y transversalidad de las medidas para su resoluci\u00f3n, requiere de la coordinaci\u00f3n reforzada de las autoridades competentes en el desempe\u00f1o de sus atribuciones ordinarias\u201d.<\/p>\n<ul class=\"wp-block-list\">\n<li>\u201cQueremos incluir la importancia de garantizar que esta crisis no pase factura a la ciudad aut\u00f3noma de Ceuta, y que su poblaci\u00f3n recupere el \u00e1nimo y la seguridad respecto a las posibilidades de desarrollo de proyectos y de prosperidad en la ciudad\u201d, ha subrayado el vicepresidente primero.<\/li>\n<\/ul>\n<p><strong>Un matiz.<\/strong> Una \u201csituaci\u00f3n de inter\u00e9s para la Seguridad Nacional\u201d no es lo mismo que una \u201cemergencia de inter\u00e9s nacional\u201d. Esta \u00faltima, regulada por la ley del Sistema Nacional de Protecci\u00f3n Civil de 2015, se utiliza ante cat\u00e1strofes naturales, industriales o tecnol\u00f3gicas; mientras que la primera est\u00e1 pensada para crisis que afectan a la seguridad nacional y requieren de una coordinaci\u00f3n reforzada.<\/p>\n<p><strong>Qui\u00e9n compone el mando \u00fanico en Ceuta<\/strong><\/p>\n<p>El puesto de mando \u00fanico en Ceuta estar\u00e1 encabezado por \u00c1ngel V\u00edctor Torres, ministro de Pol\u00edtica Territorial y Memoria Democr\u00e1tica.<\/p>\n<p>El \u201ccomit\u00e9 especializado\u201d estar\u00e1 integrado por los ministros del Gobierno cuyos departamentos est\u00e1n involucrados en la crisis migratoria; por representantes del Ejecutivo ceut\u00ed, como el propio Vivas; por el delegado del Gobierno en la ciudad aut\u00f3noma, Miguel \u00c1ngel P\u00e9rez Triano; y miembros del Cuerpo Nacional de Inteligencia (CNI) y del departamento de Seguridad Nacional.<\/p>\n<p><strong>Es la primera vez que se activa en Espa\u00f1a<\/strong><\/p>\n<p>Esta es la primera ocasi\u00f3n en la que se activa el mando \u00fanico en Espa\u00f1a por una \u201csituaci\u00f3n de inter\u00e9s para la Seguridad Nacional\u201d, ha indicado Elma Saiz, ministra de Inclusi\u00f3n, Seguridad Social y Migraciones.<\/p>\n<ul class=\"wp-block-list\">\n<li>La <a href=\"https:\/\/www.boe.es\/buscar\/act.php?id=BOE-A-2015-10389\" rel=\"nofollow noopener\" target=\"_blank\">ley de Seguridad Nacional<\/a>, una norma de 2015, es el texto que regula el funcionamiento de este mecanismo, que no equivale a declarar un estado de alarma, excepci\u00f3n o sitio. La normativa establece que declarar este tipo de situaci\u00f3n corresponde al presidente del Gobierno, quien lo activa a trav\u00e9s de un real decreto que define el alcance de la crisis en cuesti\u00f3n.<\/li>\n<\/ul>\n<ul class=\"wp-block-list\">\n<li>La ley tambi\u00e9n abre la posibilidad de activar instrumentos preventivos de manera anticipada para analizar si la crisis puede derivar en una situaci\u00f3n de inter\u00e9s para la Seguridad Nacional.<\/li>\n<\/ul>\n<p><strong>Rendir cuentas.<\/strong> El Ejecutivo deber\u00e1 informar \u201cinmediatamente\u201d al Congreso de los Diputados de las medidas adoptadas y de la evoluci\u00f3n de la situaci\u00f3n de inter\u00e9s para la Seguridad Nacional.<\/p>\n<p><strong>Otras medidas adoptadas por el Consejo de Ministros<\/strong><\/p>\n<p>El vicepresidente primero Carlos Cuerpo tambi\u00e9n ha anunciado una \u201campliaci\u00f3n extraordinaria\u201d del Plan Integral de Desarrollo Socioecon\u00f3mico que la Administraci\u00f3n central y la de Ceuta <a href=\"https:\/\/s3.eu-west-1.amazonaws.com\/attachments.apirocket.io\/weii2vwx\/66977778d62cfd5943ec7bb3\/T5sV2Justn\/PlanIntegralCeuta.pdf\" rel=\"nofollow noopener\" target=\"_blank\">impulsaron<\/a> en el a\u00f1o 2022: \u201cUn plan que se dise\u00f1\u00f3 para contribuir al crecimiento econ\u00f3mico de la ciudad aut\u00f3noma\u201d.<\/p>\n<p><strong>A\u00fan por concretar.<\/strong> Esta ampliaci\u00f3n incorporar\u00eda \u201cmedidas de choque inmediatas, orientadas a mejorar las condiciones del empresariado, de los aut\u00f3nomos y de los trabajadores de Ceuta\u201d. El Gobierno y la ciudad aut\u00f3noma definir\u00e1n esas medidas en los pr\u00f3ximos d\u00edas, y las trabajar\u00e1n con los principales agentes sociales, asociaciones y sectores m\u00e1s relevantes.<\/p>\n<p><strong>Con tres objetivos.<\/strong> Cuerpo ha se\u00f1alado que el conjunto de medidas se orientar\u00e1 hacia tres objetivos: reforzar la seguridad urbana y fronteriza de Ceuta; gestionar los retornos y ofrecer soluciones a las personas migrantes presentes en la ciudad; y fortalecer los servicios p\u00fablicos y revitalizar la econom\u00eda ceut\u00ed.<\/p>\n","protected":false},"excerpt":{"rendered":"El Consejo de Ministros ha aprobado este martes la constituci\u00f3n de un mando \u00fanico para gestionar la crisis&hellip;\n","protected":false},"author":2,"featured_media":730680,"comment_status":"","ping_status":"","sticky":false,"template":"","format":"standard","meta":{"footnotes":""},"categories":[8],"tags":[17,18,4486,12493,25,24,13,14,11,19,20,890,9,10,15,16,585,23,12,21,22],"class_list":["post-730679","post","type-post","status-publish","format-standard","has-post-thumbnail","category-espana","tag-breaking-news","tag-breakingnews","tag-ceuta","tag-consejo-de-ministros","tag-es","tag-espana","tag-featured-news","tag-featurednews","tag-headlines","tag-latest-news","tag-latestnews","tag-migrantes","tag-news","tag-noticias","tag-noticias-destacadas","tag-noticiasdestacadas","tag-seguridad","tag-spain","tag-titulares","tag-ultimas-noticias","tag-ultimasnoticias"],"share_on_mastodon":{"url":"https:\/\/pubeurope.com\/@es\/117157323654789143","error":""},"_links":{"self":[{"href":"https:\/\/www.europesays.com\/es\/wp-json\/wp\/v2\/posts\/730679","targetHints":{"allow":["GET"]}}],"collection":[{"href":"https:\/\/www.europesays.com\/es\/wp-json\/wp\/v2\/posts"}],"about":[{"href":"https:\/\/www.europesays.com\/es\/wp-json\/wp\/v2\/types\/post"}],"author":[{"embeddable":true,"href":"https:\/\/www.europesays.com\/es\/wp-json\/wp\/v2\/users\/2"}],"replies":[{"embeddable":true,"href":"https:\/\/www.europesays.com\/es\/wp-json\/wp\/v2\/comments?post=730679"}],"version-history":[{"count":0,"href":"https:\/\/www.europesays.com\/es\/wp-json\/wp\/v2\/posts\/730679\/revisions"}],"wp:featuredmedia":[{"embeddable":true,"href":"https:\/\/www.europesays.com\/es\/wp-json\/wp\/v2\/media\/730680"}],"wp:attachment":[{"href":"https:\/\/www.europesays.com\/es\/wp-json\/wp\/v2\/media?parent=730679"}],"wp:term":[{"taxonomy":"category","embeddable":true,"href":"https:\/\/www.europesays.com\/es\/wp-json\/wp\/v2\/categories?post=730679"},{"taxonomy":"post_tag","embeddable":true,"href":"https:\/\/www.europesays.com\/es\/wp-json\/wp\/v2\/tags?post=730679"}],"curies":[{"name":"wp","href":"https:\/\/api.w.org\/{rel}","templated":true}]}}