{"id":730749,"date":"2026-08-25T18:19:15","date_gmt":"2026-08-25T18:19:15","guid":{"rendered":"https:\/\/www.europesays.com\/es\/730749\/"},"modified":"2026-08-25T18:19:15","modified_gmt":"2026-08-25T18:19:15","slug":"pogacar-vuelve-a-vestirse-de-superheroe-en-la-vuelta-a-espana-ciclismo-deportes","status":"publish","type":"post","link":"https:\/\/www.europesays.com\/es\/730749\/","title":{"rendered":"Pogacar vuelve a vestirse de superh\u00e9roe en la Vuelta a Espa\u00f1a | Ciclismo | Deportes"},"content":{"rendered":"<p class=\"\">Lo volvi\u00f3 a hacer. Pero no por habitual deja de ser extraordinario, una oda al ciclismo y a los valientes, una plasticidad infinita. Es la firma de Pogacar en el ciclismo, ese que ha agitado y remodelado con sus exhibiciones, ese que ya se escribe alrededor de sus gestas y que el tiempo situar\u00e1 como leyenda y referencia. Y entre ellas estar\u00e1, a buen seguro, el ataque a 50 kil\u00f3metros de meta en la cuarta etapa <a href=\"https:\/\/elpais.com\/noticias\/vuelta-espana\/\" target=\"_blank\" rel=\"noreferrer nofollow noopener\" title=\"https:\/\/elpais.com\/noticias\/vuelta-espana\/\">de la Vuelta<\/a>, en la ascensi\u00f3n a la Collada de Beixal\u00eds, cuando dej\u00f3 a todos boquiabiertos y petrificados \u2014quiz\u00e1 no as\u00ed a Gall, que lo intent\u00f3, pero no le dieron las piernas\u2014, cuando aclar\u00f3 que \u00e9l compite contra s\u00ed mismo y nadie m\u00e1s. De ah\u00ed al cielo y 2m40s de ventaja sobre sus perseguidores (3m20s en la general). Es un superh\u00e9roe, aunque un superh\u00e9roe matem\u00e1tico.<\/p>\n<p class=\"\">Cuentan desde el UAE que Pogacar plantea el ciclismo de forma diferente a lo establecido, que como tiene tantos pulmones, piernas y cabeza, puede hacerlo, <a href=\"https:\/\/elpais.com\/deportes\/ciclismo\/2026-08-21\/pogacar-quiere-cerrar-el-circulo-con-la-vuelta-a-espana.html\" target=\"_blank\" rel=\"noreferrer nofollow noopener\" title=\"https:\/\/elpais.com\/deportes\/ciclismo\/2026-08-21\/pogacar-quiere-cerrar-el-circulo-con-la-vuelta-a-espana.html\">ya que no hay equipo que siga su ritmo<\/a> si se lo propone. Y ah\u00ed es donde nace su f\u00f3rmula. Resulta que para Pogi el riesgo a perder una etapa se multiplica cuantos menos kil\u00f3metros quedan porque, entiende y con raz\u00f3n, que intervienen m\u00e1s condicionantes, como que haya uno m\u00e1s r\u00e1pido, que otro tenga a m\u00e1s gregarios, que vete a saber t\u00fa c\u00f3mo estar\u00e1 el trazado, cualquier cosa. As\u00ed que, describen desde su equipo, el marciano de la bici plantea duelos durante una hora que acaban convirti\u00e9ndose en confrontamientos de t\u00fa a t\u00fa porque sin equipo capaz de seguirle, solo unos pocos lo intentan. Y, claro, no pasan del intento. Andorra lo atestigu\u00f3.<\/p>\n<p>M\u00e1s informaci\u00f3n<\/p>\n<p class=\"\">Vive el pa\u00eds vecino por y para la bicicleta cuando no hay nieve \u2014incluso cuando la hay\u2014, residencia de muchos de los profesionales del pelot\u00f3n por sus facilidades para alcanzar las monta\u00f1as, orograf\u00eda perfecta y rodar sin demasiado tr\u00e1fico, tambi\u00e9n lugar que ayuda en lo fiscal. Y Andorra evidenci\u00f3 su fiebre por el deporte con la llegada de la caravana de los autocares de los diferentes equipos del pelot\u00f3n. Daba igual que fuera el Pinarello en la Massana o el Picnic en Ordino, aunque sobre todo el UAE en Escaldes <a href=\"https:\/\/elpais.com\/deportes\/ciclismo\/2026-08-03\/tadej-pogacar-confirma-su-participacion-en-la-vuelta-una-de-las-pocas-carreras-que-aun-no-ha-ganado.html\" target=\"_blank\" rel=\"noreferrer nofollow noopener\" title=\"https:\/\/elpais.com\/deportes\/ciclismo\/2026-08-03\/tadej-pogacar-confirma-su-participacion-en-la-vuelta-una-de-las-pocas-carreras-que-aun-no-ha-ganado.html\">por la presencia de Pogacar<\/a>, pues desde la noche hasta la ma\u00f1ana, antes de la etapa, las aglomeraciones de los aficionados en busca de un aut\u00f3grafo o de alg\u00fan regalo fueron mastod\u00f3nticas. Lo mismo ocurri\u00f3 en la ciudad, sobrepasada por el tr\u00e1fico, colas y m\u00e1s colas, como tambi\u00e9n en el parking de los autocares, donde los equipos se dieron un ba\u00f1o de masas, adem\u00e1s de disfrutar en muchos casos de familiares y amigos que se acercaron a dar un \u00faltimo aliento para lo que resta. Y lo primero era la etapa \u00edntegra en Andorra con tres puertos de primera categor\u00eda por delante (Envalira, Beixal\u00eds, Ordino y La Comella), tambi\u00e9n uno \u00faltimo de tercera. Un castigo para las piernas, un aperitivo para Pogacar.<\/p>\n<p class=\"\">Desde el principio de la etapa el ritmo corri\u00f3 a cargo del UAE, con las mismas dosis de aquiescencia como de impotencia de los dem\u00e1s. Fueron ellos los que abortaron una fuga masiva de una treintena de corredores al abrirse el tel\u00f3n. Pero tambi\u00e9n fueron ellos los que despu\u00e9s concedieron otra escapada de diez corredores, no unos cualquiera. All\u00ed estaban Castrillo y Garc\u00eda Pierna (Movistar), Lutsenko (NSN) y Fortunato (Astana), entre otros, adem\u00e1s de cuatro del Visma: Van Aert, Armirail, Brennan y Tulett. Terreno pantanoso que tambi\u00e9n comprendi\u00f3 Decathlon, que se puso el mono de trabajo en el primer puerto para que las distancias nunca fueran definitivas, que tambi\u00e9n levant\u00f3 el dedo para se\u00f1alar a su jefe de filas, Gall, aspirante terrenal. Y entre todos fagocitaron a los valientes. Aunque ya se hab\u00eda desmigado un poco el grupo. La selecci\u00f3n natural, sin embargo, se hizo en la siguiente ascensi\u00f3n, en la Collada de Beixal\u00eds, de nuevo con Decathlon haciendo una exhibici\u00f3n de fuerza. Era su estrategia, la de poner ritmo y dejar a todos con la lengua fuera, am\u00e9n de Pogacar, claro. La del Visma fue meter gente en la fuga. Pero ni una ni otra sirvieron para difuminar al dios de la bicicleta, que hizo su Juan Palomo particular, que volvi\u00f3 a explicar que al ciclismo ya no se corre para ganar si no para acabar tras \u00e9l. <\/p>\n<p class=\"\">Atac\u00f3 Pogacar, de pie sobre la bici, pisotones de fuego, pedaleadas sin igual. Gall, que estaba por delante y mirando de refil\u00f3n, fue el \u00fanico que quiso echarle el lazo. Y, aunque lo consigui\u00f3 durante un rato, pronto se dio cuenta de que jugaban con motores distintos. Baj\u00f3 el ritmo y aguard\u00f3 a sus verdaderos rivales, como Onley, Carapaz, Kuss, Roglic, Mas\u2026 Y entre todos ellos tambi\u00e9n libraron una bella batalla: una en la que Onley defendi\u00f3 su aspiraci\u00f3n al podio; una en la que Gall pareci\u00f3 temblar por momentos aunque supo reponerse; una en la que Carapaz se content\u00f3 con aguantar; una en la que Roglic evidenci\u00f3 que en la Vuelta est\u00e1 como en casa \u2014suma cuatro laureles\u2014, ni que sea despu\u00e9s de haberse pegado un topetazo que puso en duda su participaci\u00f3n; y una en la que Mas tambi\u00e9n explic\u00f3 que <a href=\"https:\/\/elpais.com\/deportes\/ciclismo\/2026-08-22\/enric-mas-vuelvo-a-disfrutar-del-sufrimiento.html\" target=\"_blank\" rel=\"noreferrer nofollow noopener\" title=\"https:\/\/elpais.com\/deportes\/ciclismo\/2026-08-22\/enric-mas-vuelvo-a-disfrutar-del-sufrimiento.html\">le falta poco para ser el de siempre<\/a>. Pero una que, tambi\u00e9n, est\u00e1 muy lejos de Pogacar.<\/p>\n<p class=\"\">Los rom\u00e1nticos vieron en el ataque de la Collada de Beixal\u00eds la cuadratura del c\u00edrculo, pues en 2019, un \u00e1ngel alado aliado con la locura lanz\u00f3 un ataque de 45 kil\u00f3metros en la pen\u00faltima etapa en las laderas de Pe\u00f1a Negra, en la traves\u00eda hasta la ascensi\u00f3n a la Plataforma de Gredos que se convirti\u00f3 en la tercera victoria de etapa de la ronda. Entonces no le sirvi\u00f3 m\u00e1s que para entrar en el podio, tercero tras Roglic y Valverde. Pero en Andorra constat\u00f3 que va a lograr llevar el maillot rojo desde el primer d\u00eda \u2014tras vencer por nueve cent\u00e9simas la crono\u2014 al \u00faltimo, y eso que esto no ha hecho m\u00e1s que empezar, pues todav\u00eda no se ha llegado a Espa\u00f1a, juez Andorra a las primeras de cambio. Fue un ejercicio de superioridad superlativo, un ataque tan loco como demoledor, un espect\u00e1culo que ni siquiera le priv\u00f3 de chocar los pu\u00f1os en la \u00faltima ascensi\u00f3n con Adam Yates, compa\u00f1ero de equipo que admiraba desde la cuneta un recital que adorn\u00f3 la afici\u00f3n con pasillos humanos alent\u00e1ndole, un gobierno sin fisuras con 119 victorias en su palmar\u00e9s, una epopeya tras otra, un superh\u00e9roe en solitario y matem\u00e1tico, un reinado sin fin. <\/p>\n<p> Etapas <\/p>\n<ul class=\"stages\">\n<li><a href=\"https:\/\/elpais.com\/deportes\/ciclismo\/2026-08-23\/brennan-culmina-la-jugada-maestra-del-visma-en-la-vuelta-a-espana.html\" rel=\"nofollow noopener\" target=\"_blank\"><br \/>\n<tr>\n<td>2<\/td>\n<td><img decoding=\"async\" title=\"Mixta\" loading=\"lazy\" class=\"s-inb icon\" src=\"https:\/\/static.prisa.com\/assets\/scores\/img\/les\/iconset\/ciclismo\/half-hilly-stage.svg\" width=\"20\" height=\"20\"\/><\/td>\n<td>\n<p>Monaco &#8211; Manosque<\/p>\n<p><img decoding=\"async\" title=\"Reino Unido\" loading=\"lazy\" class=\"in-team-logo\" src=\"https:\/\/static.prisa.com\/aside\/resizer\/resize\/img\/common\/countries\/gbr.svg\" width=\"18\" height=\"12\" img=\"\"\/>Matthew BrennanTVL<\/td>\n<td>\n<p class=\"km\">214 Km<\/p>\n<p class=\"date\">Dom 23-Agosto<\/p>\n<\/td>\n<\/tr>\n<\/li>\n<li><a href=\"https:\/\/elpais.com\/deportes\/ciclismo\/2026-08-24\/la-etapa-3-de-la-vuelta-se-cancela-por-una-fuerte-granizada.html\" rel=\"nofollow noopener\" target=\"_blank\"><br \/>\n<tr>\n<td>3<\/td>\n<td><img decoding=\"async\" title=\"Monta\u00f1a\" loading=\"lazy\" class=\"s-inb icon\" src=\"https:\/\/static.prisa.com\/assets\/scores\/img\/les\/iconset\/ciclismo\/hilly-stage.svg\" width=\"20\" height=\"20\"\/><\/td>\n<td>\n<p>Gruissan-Aude &#8211; Font Romeu<\/p>\n<\/td>\n<td>\n<p class=\"km\">174 Km<\/p>\n<p class=\"date\">Lun 24-Agosto<\/p>\n<\/td>\n<\/tr>\n<\/li>\n<li><a href=\"https:\/\/elpais.com\/deportes\/resultados\/ciclismo\/vuelta_espana\/2026\/directo\/regular-a-4-69c66e1b201bd94\/\" rel=\"nofollow noopener\" target=\"_blank\"><br \/>\n<tr>\n<td>4<\/td>\n<td><img decoding=\"async\" title=\"Monta\u00f1a\" loading=\"lazy\" class=\"s-inb icon\" src=\"https:\/\/static.prisa.com\/assets\/scores\/img\/les\/iconset\/ciclismo\/hilly-stage.svg\" width=\"20\" height=\"20\"\/><\/td>\n<td>\n<p>Andorra La Vella &#8211; Andorra La Vella<\/p>\n<p><img decoding=\"async\" title=\"Eslovenia\" loading=\"lazy\" class=\"in-team-logo\" src=\"https:\/\/static.prisa.com\/aside\/resizer\/resize\/img\/common\/countries\/slo.svg\" width=\"18\" height=\"12\" img=\"\"\/>Tadej PogacarUAD<\/td>\n<td>\n<p class=\"km\">104 Km<\/p>\n<p class=\"date\">Mar 25-Agosto<\/p>\n<\/td>\n<\/tr>\n<\/li>\n<li>\n<tr>\n<td>5<\/td>\n<td><img decoding=\"async\" title=\"Llana\" loading=\"lazy\" class=\"s-inb icon\" src=\"https:\/\/static.prisa.com\/assets\/scores\/img\/les\/iconset\/ciclismo\/flat-stage.svg\" width=\"20\" height=\"20\"\/><\/td>\n<td>\n<p>Falset &#8211; Roquetes<\/p>\n<\/td>\n<td>\n<p class=\"km\">173 Km<\/p>\n<p class=\"date\">Mi\u00e9 26-Agosto<\/p>\n<\/td>\n<\/tr>\n<\/li>\n<li>\n<tr>\n<td>6<\/td>\n<td><img decoding=\"async\" title=\"Monta\u00f1a\" loading=\"lazy\" class=\"s-inb icon\" src=\"https:\/\/static.prisa.com\/assets\/scores\/img\/les\/iconset\/ciclismo\/hilly-stage.svg\" width=\"20\" height=\"20\"\/><\/td>\n<td>\n<p>Alcossebre &#8211; Castell\u00f3n<\/p>\n<\/td>\n<td>\n<p class=\"km\">177 Km<\/p>\n<p class=\"date\">Jue 27-Agosto<\/p>\n<\/td>\n<\/tr>\n<\/li>\n<\/ul>\n","protected":false},"excerpt":{"rendered":"Lo volvi\u00f3 a hacer. Pero no por habitual deja de ser extraordinario, una oda al ciclismo y a&hellip;\n","protected":false},"author":2,"featured_media":730750,"comment_status":"","ping_status":"","sticky":false,"template":"","format":"standard","meta":{"footnotes":""},"categories":[273],"tags":[129951,2839,313,2838,1540,312,168,927,25,24,549,23,167,7603],"class_list":["post-730749","post","type-post","status-publish","format-standard","has-post-thumbnail","category-ciclismo","tag-andorra-la-vella","tag-carreras-ciclistas","tag-ciclismo","tag-ciclistas","tag-competiciones","tag-cycling","tag-deportes","tag-deportistas","tag-es","tag-espana","tag-pogacar","tag-spain","tag-sports","tag-vuelta-espana"],"share_on_mastodon":{"url":"https:\/\/pubeurope.com\/@es\/117157533037538925","error":""},"_links":{"self":[{"href":"https:\/\/www.europesays.com\/es\/wp-json\/wp\/v2\/posts\/730749","targetHints":{"allow":["GET"]}}],"collection":[{"href":"https:\/\/www.europesays.com\/es\/wp-json\/wp\/v2\/posts"}],"about":[{"href":"https:\/\/www.europesays.com\/es\/wp-json\/wp\/v2\/types\/post"}],"author":[{"embeddable":true,"href":"https:\/\/www.europesays.com\/es\/wp-json\/wp\/v2\/users\/2"}],"replies":[{"embeddable":true,"href":"https:\/\/www.europesays.com\/es\/wp-json\/wp\/v2\/comments?post=730749"}],"version-history":[{"count":0,"href":"https:\/\/www.europesays.com\/es\/wp-json\/wp\/v2\/posts\/730749\/revisions"}],"wp:featuredmedia":[{"embeddable":true,"href":"https:\/\/www.europesays.com\/es\/wp-json\/wp\/v2\/media\/730750"}],"wp:attachment":[{"href":"https:\/\/www.europesays.com\/es\/wp-json\/wp\/v2\/media?parent=730749"}],"wp:term":[{"taxonomy":"category","embeddable":true,"href":"https:\/\/www.europesays.com\/es\/wp-json\/wp\/v2\/categories?post=730749"},{"taxonomy":"post_tag","embeddable":true,"href":"https:\/\/www.europesays.com\/es\/wp-json\/wp\/v2\/tags?post=730749"}],"curies":[{"name":"wp","href":"https:\/\/api.w.org\/{rel}","templated":true}]}}