{"id":730811,"date":"2026-08-25T19:04:15","date_gmt":"2026-08-25T19:04:15","guid":{"rendered":"https:\/\/www.europesays.com\/es\/730811\/"},"modified":"2026-08-25T19:04:15","modified_gmt":"2026-08-25T19:04:15","slug":"alcaraz-haria-muy-bien-en-escucharle-atencion-al-consejo-de-roger-federer-a-carlos","status":"publish","type":"post","link":"https:\/\/www.europesays.com\/es\/730811\/","title":{"rendered":"Alcaraz har\u00eda muy bien en escucharle: atenci\u00f3n al consejo de Roger Federer a Carlos"},"content":{"rendered":"<p class=\"L6-news-detail__text\"><b>Roger Federer<\/b> compareci\u00f3 este lunes en rueda de prensa antes de su partido de exhibici\u00f3n en el marco del <b>US Open.<\/b><\/p>\n<p class=\"L6-news-detail__text\">Entre otros aspectos, el ganador de 20 Grand Slams habl\u00f3 sobre <b><a title=\"Carlos Alcaraz\" href=\"https:\/\/www.lasexta.com\/noticias\/deportes\/tenis\/federer-vuelta-carlos-alcaraz-open-nunca-pude-jugar_202608256a8d448e2bcaf82098eae77e.html\" target=\"_blank\" rel=\"nofollow noopener\">Carlos Alcaraz<\/a> <\/b>y sobre la lesi\u00f3n que le ha apartado de las pistas desde el pasado mes de abril.<\/p>\n<p class=\"L6-news-detail__text\">Seg\u00fan el suizo, el murciano se lesion\u00f3 en el peor momento de la temporada: \u00abNo conozco la gravedad exacta de cada caso ni c\u00f3mo llegaron a ese punto, pero obviamente<b> el peor momento para lesionarte es justo antes de Roland Garros<\/b>, porque despu\u00e9s se encadenan Roland Garros y Wimbledon\u00bb.<\/p>\n<p class=\"L6-news-detail__text\">\u00abEvidentemente eso complica mucho el US Open,<b> y lo hemos visto con Carlos<\/b>. Yo siempre intent\u00e9 mantener un calendario equilibrado, con suficientes descansos, aunque es m\u00e1s f\u00e1cil decirlo que hacerlo. Tambi\u00e9n asum\u00ed riesgos, hubo momentos en los que a\u00f1ad\u00ed alg\u00fan torneo m\u00e1s de los que deber\u00eda haber jugado, pero consegu\u00ed superarlos\u00bb, ha explicado.<\/p>\n<p class=\"L6-news-detail__text\">Es por ello que le lanz\u00f3 un consejo: \u00ab<b>Creo que tambi\u00e9n es importante priorizar lo que realmente es importante para ti.<\/b> Puede ser la gira americana, como ocurre aqu\u00ed, o Australia para los australianos. Cada jugador tiene momentos del a\u00f1o en los que quiere llegar a su m\u00e1ximo nivel, porque no puedes estar al cien por cien veinte veces al a\u00f1o. Creo que los aficionados tambi\u00e9n deber\u00edan entender eso. Es muy dif\u00edcil estar al m\u00e1ximo en cada partido\u00bb.<\/p>\n<p class=\"L6-news-detail__text\">\u00abEstoy orgulloso de haber podido jugar de enero a noviembre durante toda mi carrera. Nunca me perd\u00ed realmente la temporada indoor, Australia o las giras americanas. Siempre intentaba estar presente en todas partes. Obviamente siempre ten\u00edamos mucho cuidado con lo que ven\u00eda despu\u00e9s, y <b>nunca quise que todo girara \u00fanicamente alrededor de los Grand Slam<\/b>\u00ab, zanj\u00f3.<\/p>\n<p class=\"L6-support-news-video__title\">Confiscaron banderas de la Estelada <\/p>\n<p> <a href=\"https:\/\/www.lasexta.com\/noticias\/deportes\/futbol\/policia-abre-investigacion-esclarecer-ocurrido-previa-elche-barca_202608246a8c6346a1aaa80b041f3d23.html\" class=\"L6-news__link\" rel=\"nofollow noopener\" target=\"_blank\">La Polic\u00eda abre una investigaci\u00f3n para esclarecer lo ocurrido en la previa del Elche &#8211; Bar\u00e7a<\/p>\n<p class=\"recirculation-video-desc\">Pilar Bernab\u00e9, delegada del Gobierno en la Comunidad Valenciana, le ha comunicado a su hom\u00f3logo en Catalu\u00f1a, Carlos Prieto, que las autoridades se encuentran investigando el uso desproporcionado de la fuerza contra aficionados cul\u00e9s.<\/p>\n<p> <\/a><\/p>\n","protected":false},"excerpt":{"rendered":"Roger Federer compareci\u00f3 este lunes en rueda de prensa antes de su partido de exhibici\u00f3n en el marco&hellip;\n","protected":false},"author":2,"featured_media":730812,"comment_status":"","ping_status":"","sticky":false,"template":"","format":"standard","meta":{"footnotes":""},"categories":[274],"tags":[114511,168,25,24,110362,3440,23,167,327,326],"class_list":["post-730811","post","type-post","status-publish","format-standard","has-post-thumbnail","category-tenis","tag-carlos-alcaraz-garfia","tag-deportes","tag-es","tag-espana","tag-noticias-ultima-hora","tag-roger-federer","tag-spain","tag-sports","tag-tenis","tag-tennis"],"share_on_mastodon":{"url":"https:\/\/pubeurope.com\/@es\/117157709022560174","error":""},"_links":{"self":[{"href":"https:\/\/www.europesays.com\/es\/wp-json\/wp\/v2\/posts\/730811","targetHints":{"allow":["GET"]}}],"collection":[{"href":"https:\/\/www.europesays.com\/es\/wp-json\/wp\/v2\/posts"}],"about":[{"href":"https:\/\/www.europesays.com\/es\/wp-json\/wp\/v2\/types\/post"}],"author":[{"embeddable":true,"href":"https:\/\/www.europesays.com\/es\/wp-json\/wp\/v2\/users\/2"}],"replies":[{"embeddable":true,"href":"https:\/\/www.europesays.com\/es\/wp-json\/wp\/v2\/comments?post=730811"}],"version-history":[{"count":0,"href":"https:\/\/www.europesays.com\/es\/wp-json\/wp\/v2\/posts\/730811\/revisions"}],"wp:featuredmedia":[{"embeddable":true,"href":"https:\/\/www.europesays.com\/es\/wp-json\/wp\/v2\/media\/730812"}],"wp:attachment":[{"href":"https:\/\/www.europesays.com\/es\/wp-json\/wp\/v2\/media?parent=730811"}],"wp:term":[{"taxonomy":"category","embeddable":true,"href":"https:\/\/www.europesays.com\/es\/wp-json\/wp\/v2\/categories?post=730811"},{"taxonomy":"post_tag","embeddable":true,"href":"https:\/\/www.europesays.com\/es\/wp-json\/wp\/v2\/tags?post=730811"}],"curies":[{"name":"wp","href":"https:\/\/api.w.org\/{rel}","templated":true}]}}