{"id":730819,"date":"2026-08-25T19:09:22","date_gmt":"2026-08-25T19:09:22","guid":{"rendered":"https:\/\/www.europesays.com\/es\/730819\/"},"modified":"2026-08-25T19:09:22","modified_gmt":"2026-08-25T19:09:22","slug":"ridley-scott-director-de-cine-a-las-playas-espanolas-han-llegado-miles-de-personas-del-norte-de-africa-que-nadie-ha-podido-detener-eso-va-a-suceder-cada-vez-mas","status":"publish","type":"post","link":"https:\/\/www.europesays.com\/es\/730819\/","title":{"rendered":"Ridley Scott, director de cine: \u00abA las playas espa\u00f1olas han llegado miles de personas del norte de \u00c1frica que nadie ha podido detener. Eso va a suceder cada vez m\u00e1s\u00bb"},"content":{"rendered":"<p data-journey-content=\"true\" data-node-id=\"5\" class=\"body-dropcap css-obqcq8 emevuu60\">A sus casi 89 a\u00f1os, el genio que nos trajo \u2018Blade Runner\u2019, \u2018Alien, el octavo pasajero\u2019 y \u2018Gladiator\u2019 sigue demostrando su buen pulso tras la c\u00e1mara, con la misma energ\u00eda y unas ganas incre\u00edbles de seguir contando historias. Esta vez se ha subido a este futuro extremo e incierto, territorio recurrente en sus propuestas, y que sigue despertando su ilusi\u00f3n como cineasta a la hora de trabajar. Y no es f\u00e1cil, porque Ridley Scott, responsable de una de las carreras m\u00e1s dilatadas de la historia del cine, no se enamora f\u00e1cilmente de los proyectos. Hablamos con el director en Londres, y nos cuenta que necesita enamorarse \u201csobre el papel, ya sea de un libro o de una idea que te cuentan. <strong data-node-id=\"5.1\">Todo est\u00e1 en la escritura, en el papel, y si consigues que funcione sobre el papel, ese papel se convierte en el plano de la pel\u00edcula, como los planos de un edificio que vas a construir. Eso lo es todo y lo m\u00e1s dif\u00edcil. <\/strong>Una vez est\u00e1 sobre el papel, para m\u00ed es sencillo. Todo lo dem\u00e1s se me da bien (risas)\u201d.<\/p>\n<p><img draggable=\"true\" alt=\"ridley scott\" title=\"ridley scott\" loading=\"lazy\" width=\"2500\" height=\"3760\" decoding=\"async\" data-nimg=\"1\" style=\"color:transparent;width:100%;height:auto;\"   src=\"https:\/\/www.europesays.com\/es\/wp-content\/uploads\/2026\/08\/8457c71c-42e7-4e3d-9d82-76480da774e0.jpg\" class=\"css-0 e1ddfba50\"\/><\/p>\n<p>Getty Images<\/p>\n<p data-journey-content=\"true\" data-node-id=\"12\" class=\"css-1ood0zq emevuu60\">Para su adaptaci\u00f3n cinematogr\u00e1fica de la novela, Ridley Scott ha contado con un reparto de lujo, encabezado por la estrella del momento, Jacob Elordi. El australiano se mete en la piel de Hig, un mec\u00e1nico antes de la llegada del virus, que, junto a su perro Jasper, se dedica a recolectar recursos y vigilar las inmediaciones de su refugio con su avioneta. Hig comparte espacio y discusiones vitales con Bangley, un extraordinario francotirador interpretado por Josh Brolin, aunque el deseo del joven radica en descubrir el estado del mundo m\u00e1s all\u00e1 de la zona que controlan. Margaret Qualley, otra joven que trata de sobrevivir al desastre, y Guy Pearce, su padre en el film, completan el elenco, con alguna que otra sorpresa.<\/p>\n<p><img draggable=\"true\" alt=\"la constelacion del perro\" title=\"la constelacion del perro\" loading=\"lazy\" width=\"7728\" height=\"5152\" decoding=\"async\" data-nimg=\"1\" style=\"color:transparent;width:100%;height:auto;\"   src=\"https:\/\/www.europesays.com\/es\/wp-content\/uploads\/2026\/08\/111c2d8d-2598-4635-ade8-22eaa135d11f.jpg\" class=\"css-0 e1ddfba50\"\/><\/p>\n<p>Disney<\/p>\n<p data-journey-content=\"true\" data-node-id=\"19\" class=\"css-1ood0zq emevuu60\">La historia presenta al mundo sobreviviendo en el alambre, como otras pel\u00edculas adaptadas de libros que cuentan el devenir de la humanidad tras un gran colapso mundial. Los animales campan a sus anchas, los edificios han sido saqueados y los recursos son limitados. Y, casi desde el primer momento, descubrimos que el culpable de esta situaci\u00f3n es un virus. Pero aqu\u00ed no hay ni zombis ni otras criaturas que naveguen entre el terror y la fantas\u00eda: es, simplemente, un mundo devastado, sin reglas, marcado por el desarrollo letal de una enfermedad. Una circunstancia que, seis a\u00f1os despu\u00e9s del despertar del COVID-19, nos obliga a abrir muchos los ojos, viajar al pasado y pensar en lo que pudo haber sido si la situaci\u00f3n hubiese sido as\u00ed de extrema.<\/p>\n<p data-journey-content=\"true\" data-node-id=\"23\" class=\"css-1ood0zq emevuu60\">Preguntamos a Ridley Scott si la crisis del coronavirus le inspir\u00f3 para construir su visi\u00f3n de \u2018La constelaci\u00f3n del perro\u2019, si utiliz\u00f3 las sensaciones que se vivieron entonces, al menos en lo que al comportamiento humano se refiere y a la gesti\u00f3n del descontrol: \u201cTodo esto puede desencadenarse porque aparezca un virus que no sepamos c\u00f3mo afrontar, pero tambi\u00e9n por una crisis financiera como la de 2008. Se abri\u00f3 un abismo financiero y llegamos a pensar que los bancos estaban acabados. <strong data-node-id=\"23.1\">Cuando sucede algo as\u00ed, tienes caos, p\u00e1nico y anarqu\u00eda. Con un virus, imagina una pandemia mundial a una escala enorme. \u00bfQu\u00e9 ocurre entonces? Hace poco, a las playas espa\u00f1olas han llegado miles de personas del norte de \u00c1frica que nadie ha podido detener. Eso va a suceder cada vez m\u00e1s. <\/strong>Ya estamos avanzando en esa direcci\u00f3n. As\u00ed que la pel\u00edcula es una advertencia. Da igual c\u00f3mo suceda. No es una cuesti\u00f3n de si ocurrir\u00e1, sino de cu\u00e1ndo\u201d.<\/p>\n<p><img draggable=\"true\" alt=\"la constelacion del perro\" title=\"la constelacion del perro\" loading=\"lazy\" width=\"2000\" height=\"2600\" decoding=\"async\" data-nimg=\"1\" style=\"color:transparent;width:100%;height:auto;\"   src=\"https:\/\/www.europesays.com\/es\/wp-content\/uploads\/2026\/08\/65a8f349-74cb-4c99-b35c-1437b834aa86.jpg\" class=\"css-0 e1ddfba50\"\/><\/p>\n<p>Disney<\/p>\n<p data-journey-content=\"true\" data-node-id=\"28\" class=\"css-1ood0zq emevuu60\">\u2018La constelaci\u00f3n del perro\u2019 se desarrolla en un futuro postapocal\u00edptico y contiene muchos de los ingredientes que decoran estas historias, pero no es, ni mucho menos, una pel\u00edcula vertiginosa, poblada de escenas de acci\u00f3n y momentos cr\u00edticos. El escritor, Peter Heller, fue un poco m\u00e1s all\u00e1 extendiendo momentos de calma, reflexi\u00f3n y rutina en un contexto extremo e in\u00e9dita. Tambi\u00e9n existen, por supuesto, secuencias de tensi\u00f3n, acci\u00f3n e incluso terror, pero se equilibra con la quietud de un mundo que necesita empezar desde cero. Ridley Scott lo plasm\u00f3 en pantalla a la perfecci\u00f3n, tratando el material, en ocasiones, como un western: el avi\u00f3n que maneja Jacob Elordi, fundamental en la trama a nivel pr\u00e1ctico, funciona tambi\u00e9n como elemento de desconexi\u00f3n y sosiego para el protagonista y el espectador, como un cowboy que recorre las amplias llanuras americanas con su caballo: \u201c<strong data-node-id=\"28.1\">La pel\u00edcula se parece mucho a un western, en parte por el paisaje y el aislamiento. Y me encanta que Jacob y Josh sean una pareja de lo m\u00e1s dispar. Se toleran el uno al otro, pero al mismo tiempo cada uno necesita al otro<\/strong>\u201d.<\/p>\n<p><img draggable=\"true\" alt=\"la constelacion del perro\" title=\"la constelacion del perro\" loading=\"lazy\" width=\"5000\" height=\"3333\" decoding=\"async\" data-nimg=\"1\" style=\"color:transparent;width:100%;height:auto;\"   src=\"https:\/\/www.europesays.com\/es\/wp-content\/uploads\/2026\/08\/17d34c5a-9816-48f8-a4df-5a873d6f7916.jpg\" class=\"css-0 e1ddfba50\"\/><\/p>\n<p>Disney<\/p>\n<p data-journey-content=\"true\" data-node-id=\"34\" class=\"css-1ood0zq emevuu60\">Un ejemplo claro de esta representaci\u00f3n m\u00e1s profunda durante el desastre se demuestra en la importancia que tanto Heller como Scott entregan a las peque\u00f1as cosas. Durante el metraje, en medio del caos, la suciedad y la desesperanza, incluso del desprecio, la inseguridad y el miedo, existe una rendija por la que entra un aire un poco m\u00e1s limpio: se habla de caf\u00e9, cigarrillos e incluso tortitas con cierta nostalgia. Ridley Scott nos explica c\u00f3mo funcionan esos elementos en historias de estas caracter\u00edsticas: \u201cForman parte de nuestra vida. Forman parte de la condici\u00f3n humana, de nuestra zona de confort. El caf\u00e9, los cigarrillos&#8230; No deber\u00edas hacerlo, aunque lo haces de vez en cuando. <strong data-node-id=\"34.1\">Yo fumaba cuatro paquetes de Marlboro al d\u00eda. Les quitaba la punta para que fueran m\u00e1s fuertes. Es incre\u00edble que siga aqu\u00ed. Es un milagro.<\/strong> Pero las peque\u00f1as cosas significan mucho. Hay una canci\u00f3n sobre eso, \u201cLittle Things Mean a Lot\u201d. As\u00ed que ah\u00ed lo tienes\u201d.<\/p>\n<p><img draggable=\"true\" alt=\"la constelacion del perro\" title=\"la constelacion del perro\" loading=\"lazy\" width=\"4500\" height=\"3000\" decoding=\"async\" data-nimg=\"1\" style=\"color:transparent;width:100%;height:auto;\"   src=\"https:\/\/www.europesays.com\/es\/wp-content\/uploads\/2026\/08\/b6ae2bc2-40fb-464b-819e-3ef468df588a.jpg\" class=\"css-0 e1ddfba50\"\/><\/p>\n<p>Disney<\/p>\n<p data-journey-content=\"true\" data-node-id=\"39\" class=\"css-1ood0zq emevuu60\">Entrando en materia, preguntamos al director por una de las escenas m\u00e1s potentes de la cinta, donde Josh Brolin se enfrenta a una tribu de rebeldes durante la noche, empleando varios planos subjetivos de visi\u00f3n nocturna en la construcci\u00f3n de la secuencia: \u201cCuando dibujo, me hago una idea muy clara en la cabeza de lo que quiero conseguir. Tengo la suerte de tener buen ojo. Para m\u00ed, la escuela de arte fue una formaci\u00f3n excelente: siete a\u00f1os, una formaci\u00f3n equivalente a la de un doctor; cuatro a\u00f1os de experiencia pr\u00e1ctica y tres a\u00f1os en la Royal College of Art. <strong data-node-id=\"39.1\">Muchos chicos dicen: \u2018No necesito ir a la universidad\u2019. Yo digo: \u2018Bueno, s\u00ed necesitas la universidad, no te enga\u00f1es\u2019<\/strong>. Utilizo todo lo que aprend\u00ed en la escuela de arte. Entonces, para una secuencia as\u00ed, me siento y pienso: \u2018\u00bfC\u00f3mo puedo hacer esto con visi\u00f3n nocturna?\u2019. Entonces, me lo invento, lo dibujo y el equipo de efectos visuales lo recoge y lo desarrolla hasta convertirlo en una imagen\u201d.<\/p>\n<p data-journey-content=\"true\" data-node-id=\"43\" class=\"css-1ood0zq emevuu60\">Antes de terminar nuestra entrevista, le preguntamos sobre su experiencia de trabajar con varios actores espa\u00f1oles a lo largo de su extensa carrera, como Javier Bardem (\u2018The Counselor\u2019), Mar\u00eda Valverde (\u2018Exodus: Dioses y reyes\u2019) o Fernando Rey (\u20181492: La conquista del para\u00edso\u2019). \u201cY con Pen\u00e9lope Cruz\u201d, recuerda \u00e9l, con quien trabaj\u00f3 en \u2018The Counselor\u2019 junto al mencionado Bardem. \u201c<strong data-node-id=\"43.1\">Es de armas tomar (risas)<\/strong>\u201d, recalca sobre la actriz de Alcobendas. \u201cSolo recuerdo cosas buenas de ellos\u201d, dice. <\/p>\n<p><img draggable=\"true\" alt=\"la constelacion del perro\" title=\"la constelacion del perro\" loading=\"lazy\" width=\"2000\" height=\"2857\" decoding=\"async\" data-nimg=\"1\" style=\"color:transparent;width:100%;height:auto;\"   src=\"https:\/\/www.europesays.com\/es\/wp-content\/uploads\/2026\/08\/0b5b05b6-62da-46b2-9036-38402151b2a8.jpg\" class=\"css-0 e1ddfba50\"\/><\/p>\n<p>Disney<\/p>\n","protected":false},"excerpt":{"rendered":"A sus casi 89 a\u00f1os, el genio que nos trajo \u2018Blade Runner\u2019, \u2018Alien, el octavo pasajero\u2019 y \u2018Gladiator\u2019&hellip;\n","protected":false},"author":2,"featured_media":730820,"comment_status":"","ping_status":"","sticky":false,"template":"","format":"standard","meta":{"footnotes":""},"categories":[174],"tags":[255,1180,146,147,25,24,256,23],"class_list":["post-730819","post","type-post","status-publish","format-standard","has-post-thumbnail","category-famosos","tag-celebrities","tag-editorial","tag-entertainment","tag-entretenimiento","tag-es","tag-espana","tag-famosos","tag-spain"],"share_on_mastodon":{"url":"https:\/\/pubeurope.com\/@es\/117157729484263147","error":""},"_links":{"self":[{"href":"https:\/\/www.europesays.com\/es\/wp-json\/wp\/v2\/posts\/730819","targetHints":{"allow":["GET"]}}],"collection":[{"href":"https:\/\/www.europesays.com\/es\/wp-json\/wp\/v2\/posts"}],"about":[{"href":"https:\/\/www.europesays.com\/es\/wp-json\/wp\/v2\/types\/post"}],"author":[{"embeddable":true,"href":"https:\/\/www.europesays.com\/es\/wp-json\/wp\/v2\/users\/2"}],"replies":[{"embeddable":true,"href":"https:\/\/www.europesays.com\/es\/wp-json\/wp\/v2\/comments?post=730819"}],"version-history":[{"count":0,"href":"https:\/\/www.europesays.com\/es\/wp-json\/wp\/v2\/posts\/730819\/revisions"}],"wp:featuredmedia":[{"embeddable":true,"href":"https:\/\/www.europesays.com\/es\/wp-json\/wp\/v2\/media\/730820"}],"wp:attachment":[{"href":"https:\/\/www.europesays.com\/es\/wp-json\/wp\/v2\/media?parent=730819"}],"wp:term":[{"taxonomy":"category","embeddable":true,"href":"https:\/\/www.europesays.com\/es\/wp-json\/wp\/v2\/categories?post=730819"},{"taxonomy":"post_tag","embeddable":true,"href":"https:\/\/www.europesays.com\/es\/wp-json\/wp\/v2\/tags?post=730819"}],"curies":[{"name":"wp","href":"https:\/\/api.w.org\/{rel}","templated":true}]}}