{"id":730921,"date":"2026-08-25T20:31:22","date_gmt":"2026-08-25T20:31:22","guid":{"rendered":"https:\/\/www.europesays.com\/es\/730921\/"},"modified":"2026-08-25T20:31:22","modified_gmt":"2026-08-25T20:31:22","slug":"nuevo-incendio-forestal-en-collserola-barcelona","status":"publish","type":"post","link":"https:\/\/www.europesays.com\/es\/730921\/","title":{"rendered":"Nuevo incendio forestal en Collserola, Barcelona"},"content":{"rendered":"<p class=\"ft-text ft-helper-closenews\">Un <strong>incendio forestal<\/strong> se ha declarado este martes a primera hora de la tarde en <strong>Collserola<\/strong>, en la zona situada en las inmediaciones del barrio de <strong>Canyelles, <\/strong>pertenecientes al distrito de Nou Barris, en <strong>Barcelona<\/strong>. A las 19:30 horas,  los bomberos han informado de que el incendio sigue activo y ha avanzado en uno de sus flancos, por su extremo norte, lo que ha obligado a desalojar de forma preventiva a 35 habitantes de las calles Castellb\u00ed y Lli\u00e7\u00e0, en el barrio de Torre Bar\u00f3, los m\u00e1s pr\u00f3ximos a la zona forestal afectada. Adem\u00e1s, Protecci\u00f3n Civil ha enviado un mensaje a los m\u00f3viles de vecinos de la zona hacia las 16:45 horas para ordenar el confinamiento preventivo de los residentes en los barrios de Ciutat Meridiana (11.568 residentes) y Torre Bar\u00f3 (3.235 vecinos), en los que se ha permitido la movilidad en algunas zonas alejadas del foco. Se ha lanzado una segunda Es-alert sobre las 18:30 horas repitiendo la directriz y llamando a acatar las indicaciones para no acercarse a las inmediaciones del fuego. Los Agents Rurals, que investigan las causas del siniestro, han a\u00f1adido que <strong>han ardido al menos 35 hect\u00e1reas<\/strong>. <\/p>\n<p class=\"ft-text\"><strong>\u00abEsperamos que la situaci\u00f3n mejore ambientalmente en las pr\u00f3ximas horas y controlar los flancos\u00bb<\/strong>, ha expresado el jefe de intervenci\u00f3n del operativo, Sergi Bover, en una comparecencia junto al alcalde de Barcelona, Jaume Collboni, a las 19:30 horas. Las llamas han provocado una <strong>gran columna de humo<\/strong> visible desde varios puntos de la capital catalana y que el viento ha arrastrado sobre todo en direcci\u00f3n hacia el Vall\u00e8s Occidental, como tambi\u00e9n hacia los dos barrios en los que se ha instado a sus habitantes a que se encierren. El dispositivo desplazado al lugar <strong>se ha ampliado de ocho dotaciones iniciales a<\/strong> <strong>39 y luego hasta 63, <\/strong>que trabajan en la zona para controlar las llamas<strong>. Los Bomberos de Barcelona<\/strong> aportan 17 equipos y 70 bomberos, mientras los<strong> Bombers de la Generalitat<\/strong> colaboran con 46 dotaciones -incluidos 12 <strong>medios a\u00e9reos- <\/strong>y 140 agentes.<\/p>\n<p class=\"ft-text\">El fuego se ha originado en la carretera alta de Roquetes y afecta a una zona que pertenece al <strong>Parc Natural de Collserola<\/strong>. Las llamas han empezado en una zona forestal que hay por encima de la <strong>ronda de la Guineueta Vella<\/strong>, donde han <strong>ardido unos matorrales<\/strong>, seg\u00fan han informado fuentes municipales. El aviso del incendio se ha recibido sobre las <strong>15:30 horas <\/strong>y el fuego ha crecido al ascender por una colina. \u00abEl aire empujaba en el flanco derecho y, cuando ha parado, el izquierdo ha comenzado a evolucionar negativamente, a\u00fan estamos trabajando en \u00e9l\u00bb, ha se\u00f1alado Bover a las 19:30 horas. El jefe de intervenci\u00f3n ha marcado que el objetivo en las pr\u00f3ximas horas se centra en \u00abprocurar que no haya un cambio de condiciones a peor por la noche y que los flancos se descontrolen\u00bb. Por su parte, Collboni ha confiado que el fuego est\u00e9 controlado \u00aben las pr\u00f3ximas horas\u00bb. <\/p>\n<p class=\"ft-text\">Los cuerpos de emergencia no temen a priori que las llamas alcancen domicilios, aunque se mantienen vigilantes. Asimismo, tratan de contener que profundice en la masa forestal, hacia el Vall\u00e8s. Bover ha agregado que <strong>\u00abel \u00fanico barrio donde podr\u00eda impactar un foco secundario que podr\u00eda desarrollarse m\u00e1s ser\u00eda en la parte superior de Ciutat Meridiana\u00bb<\/strong>. Precisamente, las llamas han virado hacia ese sector al atardecer, seg\u00fan algunos testigos. \u00abEstamos trabajando para que no pase pero, si llega a las casas, estamos ah\u00ed\u00bb, ha calmado.<\/p>\n<p class=\"ft-text\">El Ayuntamiento de Barcelona ha ofrecido a los desalojados los puntos de reuni\u00f3n que se han habilitado en los barrios perjudicados por el humo y las llamas. En todo caso, todos los evacuados han optado por trasladarse a casas de familiares y allegados. En paralelo, el consistorio ha <strong>activado el plan de actuaci\u00f3n municipal en fase de alerta<\/strong>. La Guardia Urbana ha cortado la entrada a pistas forestales, la carretera de Horta a Cerdanyola, la del cementerio de Collserola en el Vall\u00e8s Occidental y la carretera alta de Roquetes. Adem\u00e1s, regulan la movilidad y aseguran el per\u00edmetro para vigilar los accesos. El fuego tambi\u00e9n ha obligado a que los trenes de la <strong>l\u00ednea R4 de Rodalies no se detengan en la estaci\u00f3n de Torre Bar\u00f3-Vallbona<\/strong>, informa Pau Lizana Manuel.<\/p>\n<p>Ceniza en las casas<\/p>\n<p class=\"ft-text\">El incendio se localiza en las proximidades de viviendas situadas en la monta\u00f1a de Collserola. <strong>\u201cNos est\u00e1 cayendo la ceniza cerca de casa\u201d<\/strong>, ha explicado la presidenta de la Asociaci\u00f3n de Vecinos de Torre Bar\u00f3, <strong>Valeria Ortiz<\/strong>. La entidad ha trasladado un mensaje a los vecinos para tranquilizarlos y, al mismo tiempo, para que se resguarden del humo y las llamas. \u201cHemos dado aviso a los vecinos de la parte alta del barrio para act\u00faen con sentido com\u00fan, <strong>no salgan de casa, cierren las ventanas<\/strong> y los que est\u00e9n en zona forestal, que son la mayor\u00eda, refresquen su entorno para ayudar a que el fuego no se extienda\u201d, ha comentado Ortiz. La asociaci\u00f3n ha apuntado que el incendio se ha originado en una zona conocida como<strong> Les Cubetes<\/strong>, en la parte de la monta\u00f1a pr\u00f3xima al cementerio y en el l\u00edmite entre Torre Bar\u00f3 y Canyelles.<\/p>\n<p><img decoding=\"async\" src=\"https:\/\/www.europesays.com\/es\/wp-content\/uploads\/2026\/08\/31c060c2-75c4-48eb-b270-2ae79edcea6f_alta-libre-aspect-ratio_default_0_x425y408.jpg\" width=\"1200\" height=\"1726\" alt=\"El mensaje que los vecinos de Torre Bar\u00f3 y Ciutat Meridiana han recibido para que se confinen a causa del fuego.\" class=\"ft-helper-img-rd\" loading=\"lazy\" fetchpriority=\"auto\"\/><\/p>\n<p class=\"ft-helper-fontColor-quaternary ft-helper-fontSize-body-S ft-helper-spacer-t-xxs\">El mensaje que los vecinos de Torre Bar\u00f3 y Ciutat Meridiana han recibido para que se confinen a causa del fuego.  \/ CEDIDA<\/p>\n<p class=\"ft-text\">Vecinos de <strong>Nou Barris<\/strong> han asegurado que han <strong>o\u00eddo explosiones<\/strong> y han visto<strong> \u00abchispazos\u00bb<\/strong> al desatarse el fuego. En la zona perjudicada hay varias torres de alta tensi\u00f3n. Tambi\u00e9n se han registrado <strong>bajadas de tensi\u00f3n <\/strong>en algunas calles de los aleda\u00f1os.<\/p>\n<p><img decoding=\"async\" src=\"https:\/\/www.europesays.com\/es\/wp-content\/uploads\/2026\/08\/d2f59ffb-207f-4f3d-8c9e-76a778c56904_alta-libre-aspect-ratio_default_0_x640y240.jpg\" width=\"1200\" height=\"675\" alt=\"El incendio de Collserola en Nou Barris, en una imagen a\u00e9rea.\" class=\"ft-helper-img-rd\" loading=\"lazy\" fetchpriority=\"auto\"\/><\/p>\n<p class=\"ft-helper-fontColor-quaternary ft-helper-fontSize-body-S ft-helper-spacer-t-xxs\">El incendio de Collserola en Nou Barris, en una imagen a\u00e9rea.  \/ BOMBERS DE LA GENERALITAT<\/p>\n<p>Dos incendios en menos de dos semanas<\/p>\n<p class=\"ft-text\">A su vez, vecinos de Nou Barris explican que la intensidad del humo ha ido disminuyendo tras la llegada de los bomberos y los aviones que han arrojado agua para tratar de extinguir las llamas. En todo caso, a\u00f1aden que <strong>el fuerte olor a humo impregna el contorno<\/strong>.<\/p>\n<p class=\"ft-text\">Hace apenas <strong>11 d\u00edas<\/strong>, Collserola ya fue escenario de <a class=\"ft-link ft-link--decoration\" href=\"https:\/\/www.elperiodico.com\/es\/opinion\/20260818\/collserola-proteger-bosque-proteger-barcelona-133463529\" rel=\"nofollow noopener\" target=\"_blank\">otro incendio forestal<\/a>, en aquella ocasi\u00f3n en una zona m\u00e1s pr\u00f3xima al <strong>Llobregat<\/strong>, en la monta\u00f1a de <strong>Sant Pere M\u00e0rtir<\/strong>. En ese caso, la <strong>Guardia Urbana<\/strong> <a class=\"ft-link ft-link--decoration\" href=\"https:\/\/www.elperiodico.com\/es\/barcelona\/20260814\/incendio-forestal-collserola-133365742\" target=\"_blank\" rel=\"nofollow noopener\">termin\u00f3 deteniendo a un sospechoso acusado de provocar el fuego<\/a> de forma intencionada.<\/p>\n<p data-close=\"closedContent\" class=\"subscribeHideForDisplay\">Suscr\u00edbete para seguir leyendo<\/p>\n","protected":false},"excerpt":{"rendered":"Un incendio forestal se ha declarado este martes a primera hora de la tarde en Collserola, en la&hellip;\n","protected":false},"author":2,"featured_media":730922,"comment_status":"","ping_status":"","sticky":false,"template":"","format":"standard","meta":{"footnotes":""},"categories":[8],"tags":[210,4343,17,18,25,24,13,14,11,129969,4342,8877,19,20,9,10,15,16,23,12,21,22],"class_list":["post-730921","post","type-post","status-publish","format-standard","has-post-thumbnail","category-espana","tag-barcelona","tag-bomberos","tag-breaking-news","tag-breakingnews","tag-es","tag-espana","tag-featured-news","tag-featurednews","tag-headlines","tag-incendio-forestal-collserola-les-roquetes-barcelona","tag-incendios","tag-incendios-forestales","tag-latest-news","tag-latestnews","tag-news","tag-noticias","tag-noticias-destacadas","tag-noticiasdestacadas","tag-spain","tag-titulares","tag-ultimas-noticias","tag-ultimasnoticias"],"share_on_mastodon":{"url":"https:\/\/pubeurope.com\/@es\/117158051939630672","error":""},"_links":{"self":[{"href":"https:\/\/www.europesays.com\/es\/wp-json\/wp\/v2\/posts\/730921","targetHints":{"allow":["GET"]}}],"collection":[{"href":"https:\/\/www.europesays.com\/es\/wp-json\/wp\/v2\/posts"}],"about":[{"href":"https:\/\/www.europesays.com\/es\/wp-json\/wp\/v2\/types\/post"}],"author":[{"embeddable":true,"href":"https:\/\/www.europesays.com\/es\/wp-json\/wp\/v2\/users\/2"}],"replies":[{"embeddable":true,"href":"https:\/\/www.europesays.com\/es\/wp-json\/wp\/v2\/comments?post=730921"}],"version-history":[{"count":0,"href":"https:\/\/www.europesays.com\/es\/wp-json\/wp\/v2\/posts\/730921\/revisions"}],"wp:featuredmedia":[{"embeddable":true,"href":"https:\/\/www.europesays.com\/es\/wp-json\/wp\/v2\/media\/730922"}],"wp:attachment":[{"href":"https:\/\/www.europesays.com\/es\/wp-json\/wp\/v2\/media?parent=730921"}],"wp:term":[{"taxonomy":"category","embeddable":true,"href":"https:\/\/www.europesays.com\/es\/wp-json\/wp\/v2\/categories?post=730921"},{"taxonomy":"post_tag","embeddable":true,"href":"https:\/\/www.europesays.com\/es\/wp-json\/wp\/v2\/tags?post=730921"}],"curies":[{"name":"wp","href":"https:\/\/api.w.org\/{rel}","templated":true}]}}