{"id":730951,"date":"2026-08-25T20:54:16","date_gmt":"2026-08-25T20:54:16","guid":{"rendered":"https:\/\/www.europesays.com\/es\/730951\/"},"modified":"2026-08-25T20:54:16","modified_gmt":"2026-08-25T20:54:16","slug":"ceuta-se-rebela-contra-la-primera-decision-del-mando-unico-de-instalar-a-invasores-en-polideportivos-y-cuarteles","status":"publish","type":"post","link":"https:\/\/www.europesays.com\/es\/730951\/","title":{"rendered":"Ceuta se rebela contra la primera decisi\u00f3n del Mando \u00danico de instalar a invasores en polideportivos y cuarteles"},"content":{"rendered":"<p class=\"paragraph\" id=\"paragraph_1\">El reci\u00e9n aprobado Real Decreto por el que se declara la <a data-forcefollow=\"false\" data-sponsored=\"false\" href=\"https:\/\/www.elespanol.com\/espana\/politica\/20260825\/mohamed-vi-reaparece-ceremonia-religiosa-reclamo-liberar-territorios-ocupados-ceuta-melilla\/1003744362190_0.html?utm_cmp_rs=linksinline\" rel=\"nofollow noopener\" target=\"_blank\">Situaci\u00f3n de Inter\u00e9s para la Seguridad Nacional en la ciudad de Ceuta<\/a> ha sido la gota que ha colmado el vaso para que la ciudad aut\u00f3noma se eche a las calles indignada por la gesti\u00f3n de la crisis migratoria.<\/p>\n<p class=\"paragraph\" id=\"paragraph_2\">Este martes, tanto el presidente de Ceuta, Juan Jes\u00fas Vivas, como la Real Federaci\u00f3n de F\u00fatbol de Ceuta (RFFCE) y los propios vecinos han rechazado de forma tajante la utilizaci\u00f3n de espacios deportivos y cuarteles para acoger a migrantes.<\/p>\n<p class=\"paragraph\" id=\"paragraph_3\">El Real Decreto contempla que la Ciudad Aut\u00f3noma debe ceder <a data-forcefollow=\"false\" data-sponsored=\"false\" href=\"https:\/\/www.elespanol.com\/espana\/politica\/20260825\/gobierno-mantendra-diciembre-situacion-interes-seguridad-nacional-ceuta\/1003744362317_0.html?utm_cmp_rs=linksinline\" rel=\"nofollow noopener\" target=\"_blank\"><strong>todos sus espacios deportivos municipales<\/strong><\/a><strong> <\/strong>para alojarlos. El documento tambi\u00e9n recoge la cesi\u00f3n de terrenos del Ministerio de Transici\u00f3n Ecol\u00f3gica, as\u00ed como otros espacios de Defensa para el mismo fin.<\/p>\n<p><img loading=\"lazy\" decoding=\"async\" alt=\"Consejo de Seguridad Nacional, hoy.\" height=\"240\" src=\"https:\/\/www.europesays.com\/es\/wp-content\/uploads\/2026\/08\/h:240&#038;h=vkGaTFqD.jpeg\" width=\"320\" data-lazy-status=\"processed\" data-lazy-info=\"remove loading item 1\"\/><\/p>\n<p class=\"paragraph\" id=\"paragraph_4\">En concreto, son los espacios municipales deportivos de Santa Amelia, La Libertad y Antonio Campoamor, as\u00ed como el complejo Deportivo Guillermo Molina y el D\u00edaz Flor, ambos dotados con <strong>piscina climatizada<\/strong>. Todos ellos son <strong>dotaciones deportivas cubiertas.<\/strong><\/p>\n<p class=\"paragraph\" id=\"paragraph_5\">En total, los cinco polideportivos en los que los ceut\u00edes practican deporte, dejando \u00fanicamente fuera instalaciones como el <strong>Estadio de F\u00fatbol municipal<\/strong> &#8216;Alfonso Murube&#8217; y <strong>las pistas deportivas de barrio,<\/strong> siendo todas ellas descubiertas.<\/p>\n<p class=\"paragraph\" id=\"paragraph_6\">Adem\u00e1s, su situaci\u00f3n en la ciudad, de acuerdo a la distribuci\u00f3n de equipamientos deportivos, supone que en la pr\u00e1ctica totalidad de los barrios ceut\u00edes habr\u00e1 zonas que albergar\u00e1n migrantes.<\/p>\n<p class=\"paragraph\" id=\"paragraph_7\">Por su parte, el Gobierno pone a disposici\u00f3n siete espacios. De ellos el \u00fanico equipamiento cubierto y en uso son las instalaciones deportivas del <strong>IES Puertas del Campo<\/strong>, que pertenecen al Ministerio de Educaci\u00f3n, Formaci\u00f3n Profesional y Deportes. El resto corresponde a<strong> aparcamientos, solares y terrenos bald\u00edos<\/strong>, as\u00ed como de dos edificios que llevan d\u00e9cadas sin utilizarse.<\/p>\n<p><img decoding=\"async\" alt=\"Migrantes llegados a Ceuta reclaman 'asilo'.\" height=\"960\" loading=\"lazy\" width=\"1706\" data-lazy-status=\"processed\" id=\"db738c29bf\" src=\"https:\/\/www.elespanol.com\/reportajes\/20260825\/gobierno-convierte-ceuta-gran-ceti-requisa-polideportivos-fin-ano-alojar-ilegales\/[\" https:=\"\" data-lazy-info=\"changed src\"\/><\/p>\n<p>Rechazo de los ceut\u00edes<\/p>\n<p class=\"paragraph\" id=\"paragraph_8\">La medida <strong>no ha sido bien recibida<\/strong> ni por el propio presidente de Ceuta, <strong>Juan Jes\u00fas Vivas<\/strong>, quien ha mostrado su preocupaci\u00f3n ante un posible aumento de la tensi\u00f3n en la convivencia; ni por la <strong>Real Federaci\u00f3n de F\u00fatbol de Ceuta (RFFCE) <\/strong>ya que consideran \u00abesenciales\u00bb dichas instalaciones \u2014las incluidas en el Real Decreto\u2014 para la actividad deportiva de la ciudad.<\/p>\n<p class=\"paragraph\" id=\"paragraph_9\">\u00abLos emplazamientos que el borrador de Real Decreto contempla como potenciales recursos de acogida de personas en situaci\u00f3n irregular, consideramos que pueden <strong>tensionar a\u00fan m\u00e1s la convivencia en Ceuta<\/strong>, con el perjuicio a\u00f1adido de poder suspender una gran parte de la actividad deportiva en la ciudad\u00bb, ha expresado <strong>Vivas <\/strong>en declaraciones para El Faro de Ceuta.<\/p>\n<p class=\"paragraph\" id=\"paragraph_10\">Es m\u00e1s, seg\u00fan han se\u00f1alado fuentes del Gobierno auton\u00f3mico a EFE este martes, <strong>Ceuta activar\u00e1 \u00abtodos los mecanismos legales necesarios\u00bb<\/strong> para impedir que sus polideportivos sean utilizados para acoger a los migrantes.<\/p>\n<p class=\"paragraph\" id=\"paragraph_11\">Son las mismas fuentes las que han indicado que el presidente ceut\u00ed remiti\u00f3 el pasado domingo al Gobierno central un listado de posibles emplazamientos para atender la emergencia en el que, seg\u00fan aseguran, no figuraba ninguno de los polideportivos ni de las instalaciones municipales incorporadas al borrador.<\/p>\n<p class=\"paragraph\" id=\"paragraph_12\">En la misma l\u00ednea argumental que Vivas se ha expresado la <strong>RFFCE<\/strong>, ya que ha advertido que <strong>\u00abestas instalaciones son esenciales para la actividad deportiva de la ciudad\u00bb <\/strong>y ha recordado que el f\u00fatbol ceut\u00ed cuenta con m\u00e1s de 3.000 jugadores y jugadoras, la mayor\u00eda menores, cuya pr\u00e1ctica deportiva y actividades de ocio llevan cerca de un mes \u00abgravemente limitadas\u00bb.<\/p>\n<p class=\"paragraph\" id=\"paragraph_13\">A su juicio, \u00abprivar ahora a los menores de espacios seguros para practicar deporte<strong> <\/strong>agravar\u00eda una situaci\u00f3n que ya afecta a su bienestar f\u00edsico, emocional y social, ya que el deporte constituye tambi\u00e9n un \u00e1mbito de convivencia, socializaci\u00f3n, aprendizaje y desarrollo personal\u00bb.<\/p>\n<p class=\"paragraph\" id=\"paragraph_14\">Asimismo, m\u00e1s de 500 ceut\u00edes se han concentrado a las cuatro de la tarde de este martes frente al acuartelamiento Fiscer \u2014una de las instalaciones que el Gobierno ha confirmado que ser\u00e1 utilizada para alojar a los inmigrantes\u2014 portando banderas de Espa\u00f1a y al grito de <strong>\u00abInvasores, expulsi\u00f3n\u00bb<\/strong>.<\/p>\n<p class=\"paragraph\" id=\"paragraph_15\">Lo que ha empezado como una protesta se ha transformado en una manifestaci\u00f3n que ha acabado en la puerta del Hotel Ulises \u2014a escasos 200 metros de la Delegaci\u00f3n del Gobierno en Ceuta\u2014, donde se aloja el ministro de Pol\u00edtica Territorial y Memoria Democr\u00e1tica de Espa\u00f1a, <strong>\u00c1ngel V\u00edctor Torres<\/strong> y donde se encontraba comiendo el delegado del Gobierno en la ciudad aut\u00f3noma, <strong>Miguel \u00c1ngel P\u00e9rez Triano<\/strong>.<\/p>\n<p>                                                            Cientos de vecinos se manifiestan en Ceuta.<\/p>\n<p>Sin polideportivos ni cuarteles<\/p>\n<p class=\"paragraph\" id=\"paragraph_16\">El Real Decreto, casi un mes despu\u00e9s de la invasi\u00f3n de 80.000 migrantes, recoge que estas medidas estar\u00e1n en vigor <strong>hasta el 31 de diciembre<\/strong>, al haber estipulado que \u00abla situaci\u00f3n de inter\u00e9s para la Seguridad Nacional\u00bb se extender\u00e1 hasta esa fecha.<\/p>\n<p class=\"paragraph\" id=\"paragraph_17\">No obstante, antes de esa fecha, Pedro S\u00e1nchez, \u00abprevio informe del Consejo de Seguridad Nacional\u00bb podr\u00e1 acordar <strong>una pr\u00f3rroga<\/strong> de las medidas, \u00abla <strong>modificaci\u00f3n<\/strong> de su alcance material o geogr\u00e1fico\u00bb o su<strong> finalizaci\u00f3n<\/strong> anticipada.<\/p>\n<p class=\"paragraph\" id=\"paragraph_18\">Cabe rese\u00f1ar que el Gobierno ceut\u00ed cerr\u00f3, a consecuencia de la invasi\u00f3n migratoria, todas sus instalaciones deportivas.<\/p>\n<p class=\"paragraph\" id=\"paragraph_19\">En agosto ha ejecutado<strong> labores de mantenimiento<\/strong> en los dos grandes espacios deportivos cubiertos que aglutinan un mayor n\u00famero de usuarios: el <strong>&#8216;Jos\u00e9 Ram\u00f3n L\u00f3pez D\u00edaz-Flor&#8217; y el &#8216;Guillermo Molina<\/strong>&#8216;, que ha reabierto sus puertas hace escasos d\u00edas.<\/p>\n<p class=\"paragraph\" id=\"paragraph_20\">Los cinco espacios deportivos puestos a disposici\u00f3n del Mando <strong>\u00danico<\/strong> acogen las escuelas deportivas y actividades del Instituto Ceut\u00ed de Deportes, destinadas a <strong>adultos, ni\u00f1os, mayores de 60 a\u00f1os<\/strong> y programas de salud espec\u00edficos.<\/p>\n<p class=\"paragraph\" id=\"paragraph_21\">Desde el asalto a la frontera espa\u00f1ola de finales de julio, equipamientos municipales como los campos de f\u00fatbol de la Barriada de El Pr\u00edncipe, &#8216;Tuhami Al Lal&#8217; y &#8216;Aimar Aomar&#8217; considerados como <strong>instalaciones de barrio<\/strong>, ya ven\u00edan siendo utilizados por ni\u00f1as y mujeres migrantes desde la invasi\u00f3n.<\/p>\n<p><img decoding=\"async\" alt=\"Tres mujeres de espaldas en el centro Reina Sof\u00eda, en el barrio del Pr\u00edncipe.\" height=\"960\" loading=\"lazy\" width=\"1706\" data-lazy-status=\"processed\" id=\"bf68299231\" src=\"https:\/\/www.elespanol.com\/reportajes\/20260825\/gobierno-convierte-ceuta-gran-ceti-requisa-polideportivos-fin-ano-alojar-ilegales\/[\" https:=\"\" data-lazy-info=\"changed src\"\/><\/p>\n<p class=\"paragraph\" id=\"paragraph_22\">Tambi\u00e9n el <strong>Centro Ecuestre de Ceuta<\/strong>, de titularidad p\u00fablica y dependiente de la Ciudad Aut\u00f3noma de Ceuta a trav\u00e9s del Instituto Ceut\u00ed de Deportes (ICD), sirve en estos d\u00edas de <strong>campamento para los migrantes.<\/strong><\/p>\n<p class=\"paragraph\" id=\"paragraph_23\">Se han instalado tiendas que impiden la utilizaci\u00f3n por parte de los usuarios y que tambi\u00e9n llegan a la zona de aparcamiento.<\/p>\n<p class=\"paragraph\" id=\"paragraph_24\">Esta \u00faltima zona aparece incluida en el Real Decreto, y depende del Ministerio de Defensa, al igual que los terrenos de Loma Margarita, que ya alberga dos carpas, los de Nave F\u00e1brica de Harina y los del antiguo campo de f\u00fatbol del Cuartel de Caballer\u00eda, tal y como aparecen en el documento aprobado hoy.<\/p>\n<p class=\"paragraph\" id=\"paragraph_25\">Tambi\u00e9n ha cedido terrenos el Ministerio de Transici\u00f3n Ecol\u00f3gica en la explanada del Guano, as\u00ed como otros espacios de Defensa \u00abque no se encuentren en uso\u00bb, recoge el documento, en el Acuartelamiento Coronel Fiscer.<\/p>\n<p class=\"paragraph\" id=\"paragraph_26\">Todos ellos tienen en com\u00fan adem\u00e1s que <strong>son explanadas, aparcamientos y espacios bald\u00edos<\/strong> y sin utilidad.<\/p>\n","protected":false},"excerpt":{"rendered":"El reci\u00e9n aprobado Real Decreto por el que se declara la Situaci\u00f3n de Inter\u00e9s para la Seguridad Nacional&hellip;\n","protected":false},"author":2,"featured_media":730952,"comment_status":"","ping_status":"","sticky":false,"template":"","format":"standard","meta":{"footnotes":""},"categories":[8],"tags":[17,18,4486,25,24,13,14,248,11,40209,19,20,4485,9,10,15,16,2959,4286,23,12,21,22],"class_list":["post-730951","post","type-post","status-publish","format-standard","has-post-thumbnail","category-espana","tag-breaking-news","tag-breakingnews","tag-ceuta","tag-es","tag-espana","tag-featured-news","tag-featurednews","tag-gobierno-de-espana","tag-headlines","tag-inmigracion-ilegal","tag-latest-news","tag-latestnews","tag-marruecos","tag-news","tag-noticias","tag-noticias-destacadas","tag-noticiasdestacadas","tag-pedro-sanchez","tag-reportajes","tag-spain","tag-titulares","tag-ultimas-noticias","tag-ultimasnoticias"],"share_on_mastodon":{"url":"https:\/\/pubeurope.com\/@es\/117158142718742307","error":""},"_links":{"self":[{"href":"https:\/\/www.europesays.com\/es\/wp-json\/wp\/v2\/posts\/730951","targetHints":{"allow":["GET"]}}],"collection":[{"href":"https:\/\/www.europesays.com\/es\/wp-json\/wp\/v2\/posts"}],"about":[{"href":"https:\/\/www.europesays.com\/es\/wp-json\/wp\/v2\/types\/post"}],"author":[{"embeddable":true,"href":"https:\/\/www.europesays.com\/es\/wp-json\/wp\/v2\/users\/2"}],"replies":[{"embeddable":true,"href":"https:\/\/www.europesays.com\/es\/wp-json\/wp\/v2\/comments?post=730951"}],"version-history":[{"count":0,"href":"https:\/\/www.europesays.com\/es\/wp-json\/wp\/v2\/posts\/730951\/revisions"}],"wp:featuredmedia":[{"embeddable":true,"href":"https:\/\/www.europesays.com\/es\/wp-json\/wp\/v2\/media\/730952"}],"wp:attachment":[{"href":"https:\/\/www.europesays.com\/es\/wp-json\/wp\/v2\/media?parent=730951"}],"wp:term":[{"taxonomy":"category","embeddable":true,"href":"https:\/\/www.europesays.com\/es\/wp-json\/wp\/v2\/categories?post=730951"},{"taxonomy":"post_tag","embeddable":true,"href":"https:\/\/www.europesays.com\/es\/wp-json\/wp\/v2\/tags?post=730951"}],"curies":[{"name":"wp","href":"https:\/\/api.w.org\/{rel}","templated":true}]}}