{"id":730979,"date":"2026-08-25T21:16:14","date_gmt":"2026-08-25T21:16:14","guid":{"rendered":"https:\/\/www.europesays.com\/es\/730979\/"},"modified":"2026-08-25T21:16:14","modified_gmt":"2026-08-25T21:16:14","slug":"canada-impone-nuevos-aranceles-de-entre-el-15-y-el-50-a-estados-unidos-como-represalia-a-los-de-trump-internacional","status":"publish","type":"post","link":"https:\/\/www.europesays.com\/es\/730979\/","title":{"rendered":"Canad\u00e1 impone nuevos aranceles de entre el 15% y el 50% a Estados Unidos como represalia a los de Trump | Internacional"},"content":{"rendered":"<p class=\"\">La <a href=\"https:\/\/elpais.com\/economia\/2026-08-24\/trump-anuncia-aranceles-del-50-para-vehiculos-y-acero-de-canada-desde-el-1-de-enero-de-2027.html\" target=\"_self\" rel=\"nofollow noopener\" title=\"https:\/\/elpais.com\/economia\/2026-08-24\/trump-anuncia-aranceles-del-50-para-vehiculos-y-acero-de-canada-desde-el-1-de-enero-de-2027.html\">guerra comercial entre Estados Unidos y Canad\u00e1<\/a> se acelera a ojos vista. El Gobierno de Canad\u00e1 ha confirmado de modo oficial este martes que <a href=\"https:\/\/lpais.com\/economia\/2026-08-22\/canada-y-estados-unidos-imponen-aranceles-reciprocos-e-intensifican-su-guerra-comercial.html\" target=\"_self\" rel=\"nofollow noopener\" title=\"https:\/\/lpais.com\/economia\/2026-08-22\/canada-y-estados-unidos-imponen-aranceles-reciprocos-e-intensifican-su-guerra-comercial.html\">impondr\u00e1 aranceles entre el 15% y el 50%<\/a> al acero de Estados Unidos y otros productos de ese pa\u00eds por valor de cerca de 20.000 millones de d\u00f3lares (m\u00e1s de 17.000 millones de euros). Es la respuesta a los nuevos grav\u00e1menes que ha ordenado la Administraci\u00f3n de Donald Trump contra el vecino del norte. Los nuevos impuestos entrar\u00e1n en vigor a partir del 8 de septiembre.<\/p>\n<p class=\"\">Los <a href=\"https:\/\/elpais.com\/noticias\/tratado-mexico-estados-unidos-canada\/\" target=\"_self\" rel=\"nofollow noopener\" title=\"https:\/\/elpais.com\/noticias\/tratado-mexico-estados-unidos-canada\/\">aranceles canadienses contra los bienes estadounidenses<\/a> \u201cse centrar\u00e1n en sectores como el acero, los l\u00e1cteos, los electrodom\u00e9sticos, los equipos agr\u00edcolas, el papel y la pulpa, y los productos electr\u00f3nicos\u201d, ha detallado el ministro de Finanzas de Canad\u00e1, Fran\u00e7ois Philippe Champagne. La nueva ola de grav\u00e1menes estadounidenses tambi\u00e9n se centra en esos productos. \u201cComo el primer ministro ha dicho, apoyaremos a nuestros trabajadores, nuestras empresas y nuestra industria con todo lo que haga falta durante el tiempo que haga falta\u201d, ha agregado el jefe de la econom\u00eda canadiense. \u201cEstamos unidos para luchar por Canad\u00e1\u201d.<\/p>\n<p class=\"\">El anuncio llega despu\u00e9s de que Estados Unidos impusiera aranceles contra todo tipo de productos de Canad\u00e1, desde palos de hockey a licores, tras <a href=\"https:\/\/elpais.com\/us\/economia\/2026-08-22\/fracasan-las-negociaciones-entre-ee-uu-y-canada-para-frenar-la-imposicion-de-los-aranceles-de-trump.html\" target=\"_self\" rel=\"nofollow noopener\" title=\"https:\/\/elpais.com\/us\/economia\/2026-08-22\/fracasan-las-negociaciones-entre-ee-uu-y-canada-para-frenar-la-imposicion-de-los-aranceles-de-trump.html\">el fracaso de las negociaciones comerciales<\/a> entre los dos pa\u00edses el pasado viernes. Ese d\u00eda expiraba el plazo que se hab\u00edan dado las dos delegaciones para un acuerdo que hasta mediados de la semana pasada parec\u00eda atado. Finalmente no fue posible y Washington respondi\u00f3 con las sanciones comerciales. <\/p>\n<p class=\"\">El s\u00e1bado, un dia despu\u00e9s del desencuentro, el primer ministro canadiense, Mark Carney, ya compareci\u00f3 en una rueda de prensa para anunciar que Ottawa responder\u00eda \u201cd\u00f3lar por d\u00f3lar\u201d a las medidas del pa\u00eds vecino. El jefe de Gobierno denunciaba que la Administraci\u00f3n de Trump hab\u00eda introducido exigencias \u201cinjustas\u201d y \u201cantiecon\u00f3micas\u201d en el \u00faltimo momento. \u201cNo pod\u00edamos aceptar lo que Estados Unidos hab\u00eda ofrecido, ni pod\u00edamos dar lo que nos ped\u00edan\u201d, apuntaba.<\/p>\n<p class=\"\">Este lunes, Trump intensificaba la confrontaci\u00f3n entre los dos te\u00f3ricos aliados al responder con m\u00e1s aranceles. Esta vez, contra el acero y los veh\u00edculos canadienses, y de un 50% adicional, que deber\u00e1n entrar en vigor al arranque de 2027. Y este martes el presidente estadounidense ha continuado con la escalada a su manera. En una serie de mensajes en su red social, Truth, ha calificado a Carney de \u201cprimer ministro d\u00e9bil y poco efectivo\u201d.<\/p>\n<p class=\"\">Trump tambi\u00e9n ha amenazado con cambiar el nombre del lago Ontario, uno de los Grandes Lagos, en la frontera entre los dos pa\u00edses, por el de \u201clago de Estados Unidos\u201d. La propuesta la ha completado publicando un mapa de esa masa de agua con la denominaci\u00f3n que propone. El presidente estadounidense ya firm\u00f3 una orden ejecutiva el a\u00f1o pasado para reemplazar en los documentos oficiales de su pa\u00eds el nombre del golfo de M\u00e9xico por el de \u201cgolfo de Estados Unidos\u201d (gulf of America, en ingl\u00e9s). <\/p>\n<p class=\"\">En este caso, la amenaza de cambio de nombre viene despu\u00e9s de que el gobernador de Ontario, una de las provincias canadienses m\u00e1s perjudicadas por los nuevos aranceles, ofreciera una rueda de prensa el lunes en la que se burl\u00f3 de Trump y le sugiri\u00f3 que pod\u00eda \u201cbesarle el culo\u201d. \u201cLo tengo muy grande, as\u00ed que tiene d\u00f3nde escoger\u201d, dijo entre risas. <\/p>\n<p class=\"\">El mandatario estadounidense tambi\u00e9n aseguraba en otro mensaje este martes en redes sociales que a lo largo de los \u00faltimos diez a\u00f1os \u201cEstados unidos perdi\u00f3 una media de 60.000 millones de d\u00f3lares al a\u00f1o con Canad\u00e1\u201d. \u201c\u00a1Ya no va a pasar!\u201d, ha a\u00f1adido, sin dar m\u00e1s detalles, como es habitual, sobre c\u00f3mo se calcula esa supuesta merma econ\u00f3mica para su pa\u00eds. Y en otro texto en Truth, continuaba con sus quejas sobre los supuestos agravios perpetrados por Canad\u00e1: \u201cNos han estado estafando durante d\u00e9cadas. Han cobrado aranceles del 400% y m\u00e1s a nuestros granjeros. Han echado a muchas empresas estadounidenses fant\u00e1sticas del mercado. Durante diez a\u00f1os no daban licencias a los aviones Gulfstream, hasta que me met\u00ed por medio. Quer\u00edan el 100% del mercado para el competidor canadiense del Gulfstream\u201d.<\/p>\n<p class=\"\">\u201cTrato con muchos pa\u00edses, y Canad\u00e1 es f\u00e1cilmente el m\u00e1s dif\u00edcil y menos razonable de todos. \u00a1Sienten que tienen derecho a todo, pero no son un Estado de Estados Unidos, y ya no van a tener derecho a nada!\u201d, conclu\u00eda Trump, quien en el pasado ha lanzado m\u00e1s de una vez la idea de convertir al vecino del norte en uno de los Estados integrantes de su pa\u00eds. <\/p>\n<p class=\"\">La nueva e intensa guerra comercial desatada en los \u00faltimos d\u00edas afecta a una de las relaciones econ\u00f3micas m\u00e1s intensas del mundo. Ambos vecinos intercambian bienes y servicios con un valor estimado en 900.000 millones de d\u00f3lares anuales. Estados Unidos es el principal mercado para las exportaciones del pa\u00eds aleda\u00f1o, que le suministra, entre otros productos, veh\u00edculos, repuestos de autom\u00f3vil y petr\u00f3leo. Canad\u00e1, a su vez, es el mayor comprador de bienes estadounidenses, solo por detr\u00e1s de la Uni\u00f3n Europea, seg\u00fan los datos del Departamento de Comercio estadounidense.<\/p>\n","protected":false},"excerpt":{"rendered":"La guerra comercial entre Estados Unidos y Canad\u00e1 se acelera a ojos vista. El Gobierno de Canad\u00e1 ha&hellip;\n","protected":false},"author":2,"featured_media":730980,"comment_status":"","ping_status":"","sticky":false,"template":"","format":"standard","meta":{"footnotes":""},"categories":[42],"tags":[889,4135,17,18,4329,352,95,629,13,14,5850,11,61,62,63,64,19,20,9,2556,10,15,16,17918,952,12,21,22,2558,65,66,67],"class_list":["post-730979","post","type-post","status-publish","format-standard","has-post-thumbnail","category-internacional","tag-america","tag-aranceles","tag-breaking-news","tag-breakingnews","tag-casa-blanca","tag-donald-trump","tag-economia","tag-estados-unidos","tag-featured-news","tag-featurednews","tag-guerra-comercial","tag-headlines","tag-internacional","tag-international","tag-international-news","tag-internationalnews","tag-latest-news","tag-latestnews","tag-news","tag-norteamerica","tag-noticias","tag-noticias-destacadas","tag-noticiasdestacadas","tag-partido-republicano-ee-uu","tag-politica","tag-titulares","tag-ultimas-noticias","tag-ultimasnoticias","tag-washington-d-c","tag-world","tag-world-news","tag-worldnews"],"share_on_mastodon":{"url":"","error":"Validation failed: Text character limit of 500 exceeded"},"_links":{"self":[{"href":"https:\/\/www.europesays.com\/es\/wp-json\/wp\/v2\/posts\/730979","targetHints":{"allow":["GET"]}}],"collection":[{"href":"https:\/\/www.europesays.com\/es\/wp-json\/wp\/v2\/posts"}],"about":[{"href":"https:\/\/www.europesays.com\/es\/wp-json\/wp\/v2\/types\/post"}],"author":[{"embeddable":true,"href":"https:\/\/www.europesays.com\/es\/wp-json\/wp\/v2\/users\/2"}],"replies":[{"embeddable":true,"href":"https:\/\/www.europesays.com\/es\/wp-json\/wp\/v2\/comments?post=730979"}],"version-history":[{"count":0,"href":"https:\/\/www.europesays.com\/es\/wp-json\/wp\/v2\/posts\/730979\/revisions"}],"wp:featuredmedia":[{"embeddable":true,"href":"https:\/\/www.europesays.com\/es\/wp-json\/wp\/v2\/media\/730980"}],"wp:attachment":[{"href":"https:\/\/www.europesays.com\/es\/wp-json\/wp\/v2\/media?parent=730979"}],"wp:term":[{"taxonomy":"category","embeddable":true,"href":"https:\/\/www.europesays.com\/es\/wp-json\/wp\/v2\/categories?post=730979"},{"taxonomy":"post_tag","embeddable":true,"href":"https:\/\/www.europesays.com\/es\/wp-json\/wp\/v2\/tags?post=730979"}],"curies":[{"name":"wp","href":"https:\/\/api.w.org\/{rel}","templated":true}]}}