{"id":730985,"date":"2026-08-25T21:22:20","date_gmt":"2026-08-25T21:22:20","guid":{"rendered":"https:\/\/www.europesays.com\/es\/730985\/"},"modified":"2026-08-25T21:22:20","modified_gmt":"2026-08-25T21:22:20","slug":"la-escuela-del-dp-world-tour-2026-arranca-con-38-espanoles-y-record-de-americanos","status":"publish","type":"post","link":"https:\/\/www.europesays.com\/es\/730985\/","title":{"rendered":"La Escuela del DP World Tour 2026 arranca con 38 espa\u00f1oles y r\u00e9cord de americanos"},"content":{"rendered":"<p>&#13;<br \/>\n        &#13;<br \/>\n&#13;<br \/>\n        &#13;<\/p>\n<p>            <a href=\"https:\/\/www.europesays.com\/es\/wp-content\/uploads\/2026\/08\/javierotaeguiescuela26.jpg\" data-caption=\"Javier Otaegui est\u00e1 jugando en Francia esta semana la primera fase de la Escuela del DP World Tour.\"><img decoding=\"async\" loading=\"lazy\" width=\"1122\" height=\"929\" class=\"entry-thumb td-modal-image\" src=\"https:\/\/www.europesays.com\/es\/wp-content\/uploads\/2026\/08\/javierotaeguiescuela26.jpg\" alt=\"Javier Otaegui est\u00e1 jugando en Francia esta semana la primera fase de la Escuela del DP World Tour.\" title=\"Javier Otaegui est\u00e1 jugando en Francia esta semana la primera fase de la Escuela del DP World Tour.\"\/><\/a>Javier Otaegui est\u00e1 jugando en Francia esta semana la primera fase de la Escuela del DP World Tour.<\/p>\n<p>            \u2013 Este martes 25 de agosto arranca la Escuela del DP World Tour con la celebraci\u00f3n de la primera fase. Son 10 torneos que se disputar\u00e1n a lo largo de un mes en Inglaterra (4), Francia, B\u00e9lgica, Alemania, Suecia, Austria y Dinamarca. Hoy arrancan las dos primeras sedes d<\/p>\n<p>Para seguir leyendo, Suscr\u00edbete<\/p>\n<p>    Subscription OptionsMENSUAL<\/p>\n<p>Unlimited  Entradas<\/p>\n<p>Unlimited  Galer\u00edas<\/p>\n<p>Unlimited  \u00c1lbumes<\/p>\n<p>Unlimited  P\u00e1ginas<\/p>\n<p>ANUAL + LIBRO<\/p>\n<p>Unlimited  Entradas<\/p>\n<p>Unlimited  Galer\u00edas<\/p>\n<p>Unlimited  \u00c1lbumes<\/p>\n<p>Unlimited  P\u00e1ginas<\/p>\n<p>ANUAL<\/p>\n<p>Unlimited  Entradas<\/p>\n<p>Unlimited  Galer\u00edas<\/p>\n<p>Unlimited  \u00c1lbumes<\/p>\n<p>Unlimited  P\u00e1ginas<\/p>\n<p>    Recibe 30 mulligans para gastar en <a href=\"https:\/\/thegame.ten-golf.com\" target=\"_blank\" rel=\"nofollow noopener\">TheGame<\/a> junto a tu suscripci\u00f3n anual (al final de la temporada se quitar\u00e1n los mulligans no gastados)<\/p>\n<p>    Pincha <a href=\"https:\/\/ten-golf.com\/tengolf-pone-en-marcha-el-muro-de-pago-y-crea-el-club-tengolf\" target=\"_blank\" rel=\"nofollow noopener\">aqu\u00ed<\/a> para saber m\u00e1s sobre las distintas suscripciones<\/p>\n<p>        &#13;<br \/>\n&#13;<br \/>\n        &#13;<br \/>\n            &#13;<br \/>\n            &#13;<br \/>\n&#13;<\/p>\n<p class=\"join-telegram\"><img decoding=\"async\" class=\"loading\" src=\"https:\/\/www.europesays.com\/es\/wp-content\/uploads\/2026\/08\/1787692940_15_telegram-icon.png\" alt=\"\"\/> S\u00edguenos tambi\u00e9n en <a href=\"https:\/\/telegram.org\/\" target=\"_blank\" style=\"font-weight: normal;\" rel=\"nofollow noopener\">Telegram<\/a> en el canal <a href=\"https:\/\/t.me\/tengolf\" target=\"_blank\" rel=\"nofollow\">@tengolf<\/a><\/p>\n<p>        &#13;<br \/>\n        <a class=\"will-load\" name=\"end-article\" data-id=\"post-225254\"\/>&#13;<\/p>\n","protected":false},"excerpt":{"rendered":"&#13; &#13; &#13; &#13; Javier Otaegui est\u00e1 jugando en Francia esta semana la primera fase de la Escuela&hellip;\n","protected":false},"author":2,"featured_media":730986,"comment_status":"","ping_status":"","sticky":false,"template":"","format":"standard","meta":{"footnotes":""},"categories":[275],"tags":[67644,129970,129971,70444,168,129972,25,56723,24,329,129973,40531,129974,129975,129976,129977,336,34255,338,339,340,23,167,129978],"class_list":["post-730985","post","type-post","status-publish","format-standard","has-post-thumbnail","category-golf","tag-alejandro-rodriguez","tag-andres-asin","tag-anton-vazquez","tag-carlos-pigem","tag-deportes","tag-emilio-cuartero","tag-es","tag-escuela-dp-world-tour","tag-espana","tag-golf","tag-golf-pga-france-du-vaudreuil","tag-gonzalo-leal","tag-jaime-montojo","tag-javier-otaegui","tag-jose-luis-adarraga","tag-manuel-ballesteros","tag-notificacion","tag-pablo-alperi","tag-portada","tag-portada-america","tag-portada-global","tag-spain","tag-sports","tag-the-players-golf-club"],"share_on_mastodon":{"url":"https:\/\/pubeurope.com\/@es\/117158252554610944","error":""},"_links":{"self":[{"href":"https:\/\/www.europesays.com\/es\/wp-json\/wp\/v2\/posts\/730985","targetHints":{"allow":["GET"]}}],"collection":[{"href":"https:\/\/www.europesays.com\/es\/wp-json\/wp\/v2\/posts"}],"about":[{"href":"https:\/\/www.europesays.com\/es\/wp-json\/wp\/v2\/types\/post"}],"author":[{"embeddable":true,"href":"https:\/\/www.europesays.com\/es\/wp-json\/wp\/v2\/users\/2"}],"replies":[{"embeddable":true,"href":"https:\/\/www.europesays.com\/es\/wp-json\/wp\/v2\/comments?post=730985"}],"version-history":[{"count":0,"href":"https:\/\/www.europesays.com\/es\/wp-json\/wp\/v2\/posts\/730985\/revisions"}],"wp:featuredmedia":[{"embeddable":true,"href":"https:\/\/www.europesays.com\/es\/wp-json\/wp\/v2\/media\/730986"}],"wp:attachment":[{"href":"https:\/\/www.europesays.com\/es\/wp-json\/wp\/v2\/media?parent=730985"}],"wp:term":[{"taxonomy":"category","embeddable":true,"href":"https:\/\/www.europesays.com\/es\/wp-json\/wp\/v2\/categories?post=730985"},{"taxonomy":"post_tag","embeddable":true,"href":"https:\/\/www.europesays.com\/es\/wp-json\/wp\/v2\/tags?post=730985"}],"curies":[{"name":"wp","href":"https:\/\/api.w.org\/{rel}","templated":true}]}}