{"id":730993,"date":"2026-08-25T21:28:19","date_gmt":"2026-08-25T21:28:19","guid":{"rendered":"https:\/\/www.europesays.com\/es\/730993\/"},"modified":"2026-08-25T21:28:19","modified_gmt":"2026-08-25T21:28:19","slug":"kiko-rivera-vuelve-de-nuevo-al-hospital-acompanado-de-lola-garcia-tras-su-segundo-ictus","status":"publish","type":"post","link":"https:\/\/www.europesays.com\/es\/730993\/","title":{"rendered":"Kiko Rivera vuelve de nuevo al hospital acompa\u00f1ado de Lola Garc\u00eda tras su segundo ictus"},"content":{"rendered":"<p class=\"c-paragraph\">El DJ <a href=\"https:\/\/www.20minutos.es\/tags\/personas\/kiko-rivera.html\" title=\"Kiko Rivera\" rel=\"nofollow noopener\" target=\"_blank\">Kiko Rivera<\/a> ha vuelto al hospital casi un mes despu\u00e9s de recibir el alta m\u00e9dica. Ha acudido acompa\u00f1ado por su pareja, Lola Garc\u00eda, para <b>someterse a una revisi\u00f3n<\/b> despu\u00e9s de sufrir un segundo ictus el pasado 23 de julio. Desde entonces, el hijo de <a href=\"https:\/\/www.20minutos.es\/tags\/personas\/isabel-pantoja.html\" title=\"Isabel Pantoja\" rel=\"nofollow noopener\" target=\"_blank\">Isabel Pantoja<\/a> se ha mantenido alejado de los focos y completamente centrado en su recuperaci\u00f3n.<\/p>\n<p class=\"c-paragraph\">Este lunes, Kiko ha regresado al Hospital Sagrado Coraz\u00f3n de Sevilla para realizarse unas <b>pruebas rutinarias un mes despu\u00e9s de su ingreso<\/b>, con el objetivo de controlar su estado de salud y comprobar c\u00f3mo evoluciona su estado de salud.<\/p>\n<p class=\"c-paragraph\">El DJ ha intentado mantener su m\u00e1xima privacidad durante esta visita y no se ha dejado ver ante las c\u00e1maras ni a su llegada ni a su salida del centro hospitalario. Sin embargo, su pareja s\u00ed ha sido vista entrando en el hospital para recogerle despu\u00e9s de la revisi\u00f3n. Lola Garc\u00eda <b>no ha querido hacer declaraciones a los medios<\/b>.<\/p>\n<p class=\"c-paragraph\">A pesar de encontrarse ante los periodistas, Lola ha mantenido una <b>actitud tranquila y positiva<\/b>. La bailarina ha mostrado una sonrisa mientras se dirig\u00eda al hospital para acompa\u00f1ar a Kiko de vuelta a casa y continuar con esta etapa centrada en su recuperaci\u00f3n.<\/p>\n<p class=\"c-paragraph\">El pasado 23 de julio, el propio DJ comunic\u00f3 a trav\u00e9s de sus redes sociales que hab\u00eda sufrido un segundo ictus y relacion\u00f3 el episodio con la presi\u00f3n medi\u00e1tica que llevaba soportando durante los \u00faltimos meses. \u00abHe vuelto a sufrir un ictus, esta vez ha sido un poco m\u00e1s fuerte. <b>Probablemente el estr\u00e9s ha tenido mucho que ver<\/b>. Llevo demasiado tiempo viviendo bajo una presi\u00f3n medi\u00e1tica constante, con mi nombre presente cada d\u00eda en televisiones, redes sociales y titulares\u00bb, explic\u00f3 entonces.<\/p>\n<p class=\"c-paragraph\">Por el momento, Kiko no ha dado nuevos detalles sobre las secuelas que pueda haberle dejado este segundo ictus. En su primer comunicado, s\u00ed reconoci\u00f3 que hab\u00eda sufrido algunas, aunque asegur\u00f3 que eran recuperables. \u00abAfortunadamente estoy bien. Han quedado algunas peque\u00f1as secuelas que, si Dios quiere, con el tiempo, la rehabilitaci\u00f3n y <b>mucho trabajo terminar\u00e1n desapareciendo<\/b>\u00ab, se\u00f1al\u00f3.<\/p>\n<p class=\"c-paragraph\">Ahora, Kiko Rivera contin\u00faa centrado en su recuperaci\u00f3n y mantiene su decisi\u00f3n de permanecer<b> alejado de la exposici\u00f3n p\u00fablica<\/b>. Desde su ingreso, el DJ apenas ha realizado apariciones p\u00fablicas ni ha compartido contenido en sus redes sociales, mientras afronta esta nueva etapa de rehabilitaci\u00f3n.<\/p>\n","protected":false},"excerpt":{"rendered":"El DJ Kiko Rivera ha vuelto al hospital casi un mes despu\u00e9s de recibir el alta m\u00e9dica. Ha&hellip;\n","protected":false},"author":2,"featured_media":730994,"comment_status":"","ping_status":"","sticky":false,"template":"","format":"standard","meta":{"footnotes":""},"categories":[174],"tags":[255,146,147,25,24,256,3345,3523,524,10787,23,739],"class_list":["post-730993","post","type-post","status-publish","format-standard","has-post-thumbnail","category-famosos","tag-celebrities","tag-entertainment","tag-entretenimiento","tag-es","tag-espana","tag-famosos","tag-hospital","tag-kiko","tag-nuevo","tag-rivera","tag-spain","tag-vuelve"],"share_on_mastodon":{"url":"https:\/\/pubeurope.com\/@es\/117158275543761506","error":""},"_links":{"self":[{"href":"https:\/\/www.europesays.com\/es\/wp-json\/wp\/v2\/posts\/730993","targetHints":{"allow":["GET"]}}],"collection":[{"href":"https:\/\/www.europesays.com\/es\/wp-json\/wp\/v2\/posts"}],"about":[{"href":"https:\/\/www.europesays.com\/es\/wp-json\/wp\/v2\/types\/post"}],"author":[{"embeddable":true,"href":"https:\/\/www.europesays.com\/es\/wp-json\/wp\/v2\/users\/2"}],"replies":[{"embeddable":true,"href":"https:\/\/www.europesays.com\/es\/wp-json\/wp\/v2\/comments?post=730993"}],"version-history":[{"count":0,"href":"https:\/\/www.europesays.com\/es\/wp-json\/wp\/v2\/posts\/730993\/revisions"}],"wp:featuredmedia":[{"embeddable":true,"href":"https:\/\/www.europesays.com\/es\/wp-json\/wp\/v2\/media\/730994"}],"wp:attachment":[{"href":"https:\/\/www.europesays.com\/es\/wp-json\/wp\/v2\/media?parent=730993"}],"wp:term":[{"taxonomy":"category","embeddable":true,"href":"https:\/\/www.europesays.com\/es\/wp-json\/wp\/v2\/categories?post=730993"},{"taxonomy":"post_tag","embeddable":true,"href":"https:\/\/www.europesays.com\/es\/wp-json\/wp\/v2\/tags?post=730993"}],"curies":[{"name":"wp","href":"https:\/\/api.w.org\/{rel}","templated":true}]}}