{"id":731011,"date":"2026-08-25T21:40:11","date_gmt":"2026-08-25T21:40:11","guid":{"rendered":"https:\/\/www.europesays.com\/es\/731011\/"},"modified":"2026-08-25T21:40:11","modified_gmt":"2026-08-25T21:40:11","slug":"la-crisis-de-ceuta-provoca-el-mayor-pico-xenofobo-y-racista-en-las-redes-sociales-en-un-ano-espana","status":"publish","type":"post","link":"https:\/\/www.europesays.com\/es\/731011\/","title":{"rendered":"La crisis de Ceuta provoca el mayor pico xen\u00f3fobo y racista en las redes sociales en un a\u00f1o | Espa\u00f1a"},"content":{"rendered":"<p class=\"\">La <a href=\"https:\/\/elpais.com\/espana\/2026-08-25\/la-familia-del-pequeno-siraj-lleva-26-dias-en-un-poligono-fantasma-de-ceuta-nadie-ha-venido-a-preguntarnos-nada.html\" target=\"_self\" rel=\"nofollow noopener\" title=\"https:\/\/elpais.com\/espana\/2026-08-25\/la-familia-del-pequeno-siraj-lleva-26-dias-en-un-poligono-fantasma-de-ceuta-nadie-ha-venido-a-preguntarnos-nada.html\">crisis ceut\u00ed<\/a> ha suscitado una importante subida de las expresiones de odio contra los inmigrantes en las redes sociales, que solo llegaron m\u00e1s alto durante los <a href=\"https:\/\/elpais.com\/espana\/2026-07-12\/un-ano-despues-de-las-palizas-a-domingo-e-ismael-las-heridas-siguen-abiertas-en-torre-pacheco.html\" rel=\"nofollow noopener\" target=\"_blank\">disturbios de Torre Pacheco (Murcia)<\/a> del verano pasado. En los primeros 25 d\u00edas desde el inicio de la crisis, el 30 de julio, el Observatorio del Racismo y la Xenofobia del Gobierno (<a href=\"https:\/\/www.inclusion.gob.es\/web\/oberaxe\" target=\"_self\" rel=\"nofollow noopener\" title=\"https:\/\/www.inclusion.gob.es\/web\/oberaxe\">Oberaxe<\/a>) ha detectado mediante su sistema de monitorizaci\u00f3n a trav\u00e9s de inteligencia artificial un total de 78.476 mensajes de odio, una media de 3.139 al d\u00eda. Solo en los tres primeros, se acercaron a los 17.000. El contraste con el conjunto de la serie evidencia el repunte. En los siete primeros meses del a\u00f1o, la media hab\u00eda sido de 1.294 mensajes de odio detectados al d\u00eda. Desde abril de 2025 \u2014primer mes desde el que se pueden comparar homog\u00e9neamente los datos al incorporar Oberaxe las herramientas con las que sigue trabajando\u2014 hasta final de julio de 2026, la media es de 1.838. Muy por debajo de los 3.139 de esta crisis.<\/p>\n<p class=\"\">La emergencia suscitada por la avalancha de unas 80.000 personas en los dos \u00faltimos d\u00edas de julio, que ha provocado una situaci\u00f3n de <a href=\"https:\/\/elpais.com\/espana\/2026-08-25\/marlaska-contradice-a-robles-e-insiste-en-que-el-cni-no-informo-de-la-posibilidad-de-una-entrada-masiva-en-ceuta.html\" target=\"_self\" rel=\"nofollow noopener\" title=\"https:\/\/elpais.com\/espana\/2026-08-25\/marlaska-contradice-a-robles-e-insiste-en-que-el-cni-no-informo-de-la-posibilidad-de-una-entrada-masiva-en-ceuta.html\">desbordamiento de la ciudad aut\u00f3noma que todav\u00eda est\u00e1 lejos de resolverse,<\/a> se ha convertido en un periodo de apogeo del odio digital. Los 25 d\u00edas desde el inicio de la crisis ceut\u00ed suman m\u00e1s contenido de este tipo detectado por el Oberaxe que cualquier mes completo desde abril de 2025 salvo uno, julio del a\u00f1o pasado, cuando la cifra se dispar\u00f3 hasta los 192.978, con una media de 6.225 al d\u00eda, <a href=\"https:\/\/elpais.com\/tecnologia\/2025-08-05\/asi-se-disparo-el-pico-de-odio-en-redes-sociales-durante-la-crisis-de-torre-pacheco-gracias-a-la-pasividad-de-las-companias.html\" target=\"_self\" rel=\"nofollow noopener\" title=\"https:\/\/elpais.com\/tecnologia\/2025-08-05\/asi-se-disparo-el-pico-de-odio-en-redes-sociales-durante-la-crisis-de-torre-pacheco-gracias-a-la-pasividad-de-las-companias.html\">un bum vinculado a los disturbios racistas de Torre Pacheco<\/a>, seg\u00fan acredit\u00f3 este organismo oficial en un informe monogr\u00e1fico. En ning\u00fan otro mes se han alcanzado ni siquiera los 70.000, cifra ampliamente superada entre el jueves 30 de julio y el domingo 23 de agosto.<\/p>\n<p class=\"\"><a href=\"https:\/\/www.inclusion.gob.es\/ca\/web\/oberaxe\/w\/tomas-fernandez-villazala-nuevo-director-del-observatorio-espanol-del-racismo-y-la-xenofobia-oberaxe-\" rel=\"nofollow noopener\" target=\"_blank\">Tom\u00e1s Fern\u00e1ndez<\/a>, director del Oberaxe, se\u00f1ala que la labor \u201cproactiva\u201d de las plataformas ha evitado ahora que el n\u00famero de mensajes de este tipo haya llegado a\u00fan m\u00e1s alto durante la crisis ceut\u00ed. No se refiere solo, explica, a los mensajes de odio que retiran una vez detectados por el Oberaxe, que en los \u00faltimos 30 d\u00edas se sit\u00faan por el momento en un 41,3%, sino a los que sacan de circulaci\u00f3n incluso antes de que sean computados por el Observatorio. \u201cSi no se hubiera hecho ese trabajo, al pico del d\u00eda 1 de agosto [6.615 mensajes] habr\u00eda seguido otro pico el d\u00eda 2, otro el d\u00eda 3&#8230;\u201d, se\u00f1ala Fern\u00e1ndez, comandante de la Guardia Civil, que afirma que el Oberaxe se puso en contacto con las plataformas nada m\u00e1s empezar la crisis para solicitarles que extremaran su atenci\u00f3n. Ello ha tenido un reflejo en un conteo de mensajes de odio no tan elevado como podr\u00eda haber sido, analiza.<\/p>\n<p class=\"\">Aun as\u00ed, ha sido inusualmente alto. Y no es algo fortuito. Aunque el informe detallado sobre el mes de agosto no se publicar\u00e1 hasta septiembre, el director del Oberaxe observa que entre los mensajes considerados peligrosos son frecuentes los vinculados con la crisis ceut\u00ed. Adem\u00e1s, la relaci\u00f3n entre la subida de su n\u00famero con la crisis en Ceuta salta a la vista al observar la serie de detecciones diarias de contenido de este tipo en Facebook, Instagram, X, TikTok y YouTube, las cinco redes seguidas por el Oberaxe. <\/p>\n<p class=\"\">\u00bfDe qu\u00e9 forma salta a la vista? En los 10 d\u00edas previos a que empezara la llegada masiva, la media de mensajes de odio al d\u00eda era de poco m\u00e1s de 1.500, y en ning\u00fan caso hab\u00edan superado los 2.400. El 30 de julio el n\u00famero peg\u00f3 un salto hasta m\u00e1s all\u00e1 de los 4.500, el 31 trep\u00f3 por encima de los 5.800 y el 1 de agosto alcanz\u00f3 el pico con 6.615. En solo tres jornadas, las tres primeras de la crisis, fueron casi 17.000. El primero de agosto fue el d\u00eda con mayor n\u00famero de mensajes de odio detectados desde la emergencia de Torre Pacheco. Desde entonces, se ha ido produciendo una bajada progresiva, aunque con altibajos y todav\u00eda con el odio digital detectado por encima de lo habitual.<\/p>\n<p class=\"\">\u201cSolo entre el 30 de julio y el 9 de agosto, incluido otro pico fuerte el d\u00eda 6 con m\u00e1s de 4.000, hay m\u00e1s de 40.000 mensajes de odio [casi 44.000], que es lo que podemos ver en un mes normal entero\u201d, se\u00f1ala el director del Oberaxe, que afirma que lo ocurrido en las redes sociales durante la presente crisis sirve como muestra de un patr\u00f3n que \u00e9l mismo ya describi\u00f3 como coautor del art\u00edculo <a href=\"https:\/\/www.nature.com\/articles\/s41599-024-03899-1\" rel=\"nofollow noopener\" target=\"_blank\">Del discurso de odio online a los delitos de odio offline<\/a> (Nature, 2024): existe una conexi\u00f3n directa y constante entre lo que ocurre en las calles y en las redes sociales. <\/p>\n<p class=\"\">La advertencia que comparten Fern\u00e1ndez y otros investigadores es que se trata de una din\u00e1mica que se retroalimenta. Es decir, no solo los episodios de tensi\u00f3n vinculados a la inmigraci\u00f3n en el mundo real disparan las expresiones de odio digital, sino que estas pueden traducirse en m\u00e1s conflictividad en las calles. Por eso, se\u00f1ala Fern\u00e1ndez, el <a href=\"https:\/\/elpais.com\/autor\/jacobo-garcia-garcia\/\" target=\"_self\" rel=\"nofollow noopener\" title=\"https:\/\/elpais.com\/autor\/jacobo-garcia-garcia\/\">actual contexto<\/a> obliga a vigilar con especial atenci\u00f3n el odio en las redes.<\/p>\n<p>Islamofobia<\/p>\n<p class=\"\">En los \u00faltimos 30 d\u00edas contabilizados, 25 de los cuales se inscriben en la crisis ceut\u00ed, los principales destinatarios del odio en las redes han sido los norteafricanos, con un 24% del total de los mensajes en su contra, seguidos de los inmigrantes en general (24%), los musulmanes (16%), los afrodescendientes (6%), los menores extranjeros (5%) y los jud\u00edos (5%), seg\u00fan los datos del Oberaxe. La suma de los porcentajes supera el 100% porque algunos mensajes se computan como dirigidos contra m\u00e1s de un grupo. Para dar una idea de lo que el Oberaxe considera mensaje de odio, su \u00faltimo informe detallado da algunos ejemplos: \u201cmoros violadores\u201d, \u201cvienen a vivir del cuento y a violar a mujeres libres\u201d, \u201cpurga a los moros\u201d, \u201clatinos macheteros\u201d, \u201cpoco les hizo el pintor austriaco [Hitler] a esas cucarachas\u201d&#8230;<\/p>\n<p class=\"\">Aunque no todos los norteafricanos son musulmanes, es usual que los procedentes u originarios de Marruecos, Argelia, T\u00fanez, Libia y Egipto, que son los pa\u00edses que el Oberaxe incluye en dicha categor\u00eda, sean percibidos como tales y que la motivaci\u00f3n \u00e9tnica y la religiosa de los mensajes de odio est\u00e9n vinculadas. La fotograf\u00eda final que ofrece el cuadro de destinatarios del odio digital es que su expresi\u00f3n m\u00e1s com\u00fan es la islamofobia, algo que <a href=\"https:\/\/elpais.com\/espana\/2025-10-20\/mas-del-90-de-los-mensajes-xenofobos-en-las-redes-atacan-a-norteafricanos-y-musulmanes.html\" target=\"_self\" rel=\"nofollow noopener\" title=\"https:\/\/elpais.com\/espana\/2025-10-20\/mas-del-90-de-los-mensajes-xenofobos-en-las-redes-atacan-a-norteafricanos-y-musulmanes.html\">no es una novedad que haya tra\u00eddo la crisis ceut\u00ed<\/a>. <\/p>\n<p class=\"\">Entre los fen\u00f3menos que suscitan los mensajes de odio detectados por el Oberaxe, de nuevo observando los \u00faltimos treinta d\u00edas contabilizados, sobresale la inseguridad ciudadana (56%), por delante de la cr\u00edtica a las pol\u00edticas p\u00fablicas (34%), las agresiones sexuales (15%), el terrorismo (6%), las cuestiones deportivas (6%, por ejemplo con mensajes contra futbolistas por su origen, religi\u00f3n o color de piel) y la llegada de embarcaciones (2%).<\/p>\n<p>Preocupaci\u00f3n y visiones duras<\/p>\n<p class=\"\">La crisis ceut\u00ed se produce en un contexto de progresivo incremento de la preocupaci\u00f3n por la inmigraci\u00f3n. Aunque no est\u00e1 en m\u00e1ximos \u2014<a href=\"https:\/\/elpais.com\/espana\/2024-09-18\/la-inmigracion-es-el-principal-problema-para-los-espanoles-segun-el-cis.html\" target=\"_self\" rel=\"nofollow noopener\" title=\"https:\/\/elpais.com\/espana\/2024-09-18\/la-inmigracion-es-el-principal-problema-para-los-espanoles-segun-el-cis.html\">lleg\u00f3 a superar el 30% en 2024<\/a>\u2014, el porcentaje de quienes citan la inmigraci\u00f3n como uno de los tres principales problemas tiende al alza, como se observa comparando los datos del CIS de cada junio desde 2018.<\/p>\n<p class=\"\">Pero no es solo inquietud. Tambi\u00e9n hay un endurecimiento de las posiciones. En 2024, en pleno esc\u00e1ndalo pol\u00edtico por el <a href=\"https:\/\/elpais.com\/espana\/2024-07-10\/gobierno-y-comunidades-van-al-choque-por-el-reparto-obligatorio-de-menores-migrantes.html\" rel=\"nofollow noopener\" target=\"_blank\">reparto de menores extranjeros llegados a Canarias<\/a>, casi un 75% de los espa\u00f1oles ya asociaban la inmigraci\u00f3n a conceptos negativos, seg\u00fan 40dB. Al cierre de 2025, el a\u00f1o en que Espa\u00f1a registr\u00f3 la <a href=\"https:\/\/elpais.com\/espana\/2025-12-31\/la-llegada-de-migrantes-experimenta-su-mayor-caida-desde-2019-pese-al-repunte-de-las-entradas-por-baleares.html\" rel=\"nofollow noopener\" target=\"_blank\">mayor ca\u00edda<\/a> en la llegada de inmigrantes desde 2019, <a href=\"https:\/\/www.ipsos.com\/es-es\" rel=\"nofollow noopener\" target=\"_blank\">Ipsos<\/a> mostr\u00f3 que este era el pa\u00eds de los treinta estudiados donde m\u00e1s (79%) pensaban que el flujo subir\u00eda en 2026. El discurso de la inmigraci\u00f3n \u201cmasiva\u201d o incluso de la \u201cinvasi\u00f3n\u201d cala. <\/p>\n<p class=\"\">Las opiniones est\u00e1n marcadas por la adhesi\u00f3n partidista, como muestran las encuestas al respecto de <a href=\"https:\/\/www.cis.es\/es\/\" rel=\"nofollow noopener\" target=\"_blank\">CIS<\/a> y <a href=\"https:\/\/40db.es\/\" rel=\"nofollow noopener\" target=\"_blank\">40dB.<\/a> en mayo. <a href=\"https:\/\/elpais.com\/espana\/2026-08-22\/crisis-migratoria-la-politica-espanola-se-instala-en-el-marco-propicio-para-la-extrema-derecha.html\" target=\"_self\" rel=\"nofollow noopener\" title=\"https:\/\/elpais.com\/espana\/2026-08-22\/crisis-migratoria-la-politica-espanola-se-instala-en-el-marco-propicio-para-la-extrema-derecha.html\">Cuanto m\u00e1s a la derecha el votante<\/a>, m\u00e1s duras las posiciones sobre cuestiones como la \u201cprioridad nacional\u201d, la regularizaci\u00f3n o la vinculaci\u00f3n de la inmigraci\u00f3n con problemas de seguridad o vivienda.<\/p>\n","protected":false},"excerpt":{"rendered":"La crisis ceut\u00ed ha suscitado una importante subida de las expresiones de odio contra los inmigrantes en las&hellip;\n","protected":false},"author":2,"featured_media":731012,"comment_status":"","ping_status":"","sticky":false,"template":"","format":"standard","meta":{"footnotes":""},"categories":[8],"tags":[17,18,4486,25,24,13,14,11,590,19,20,4485,9,10,15,16,3941,23,12,21,22,624,10024],"class_list":["post-731011","post","type-post","status-publish","format-standard","has-post-thumbnail","category-espana","tag-breaking-news","tag-breakingnews","tag-ceuta","tag-es","tag-espana","tag-featured-news","tag-featurednews","tag-headlines","tag-inmigracion","tag-latest-news","tag-latestnews","tag-marruecos","tag-news","tag-noticias","tag-noticias-destacadas","tag-noticiasdestacadas","tag-racismo","tag-spain","tag-titulares","tag-ultimas-noticias","tag-ultimasnoticias","tag-vox","tag-xenofobia"],"share_on_mastodon":{"url":"https:\/\/pubeurope.com\/@es\/117158322513054832","error":""},"_links":{"self":[{"href":"https:\/\/www.europesays.com\/es\/wp-json\/wp\/v2\/posts\/731011","targetHints":{"allow":["GET"]}}],"collection":[{"href":"https:\/\/www.europesays.com\/es\/wp-json\/wp\/v2\/posts"}],"about":[{"href":"https:\/\/www.europesays.com\/es\/wp-json\/wp\/v2\/types\/post"}],"author":[{"embeddable":true,"href":"https:\/\/www.europesays.com\/es\/wp-json\/wp\/v2\/users\/2"}],"replies":[{"embeddable":true,"href":"https:\/\/www.europesays.com\/es\/wp-json\/wp\/v2\/comments?post=731011"}],"version-history":[{"count":0,"href":"https:\/\/www.europesays.com\/es\/wp-json\/wp\/v2\/posts\/731011\/revisions"}],"wp:featuredmedia":[{"embeddable":true,"href":"https:\/\/www.europesays.com\/es\/wp-json\/wp\/v2\/media\/731012"}],"wp:attachment":[{"href":"https:\/\/www.europesays.com\/es\/wp-json\/wp\/v2\/media?parent=731011"}],"wp:term":[{"taxonomy":"category","embeddable":true,"href":"https:\/\/www.europesays.com\/es\/wp-json\/wp\/v2\/categories?post=731011"},{"taxonomy":"post_tag","embeddable":true,"href":"https:\/\/www.europesays.com\/es\/wp-json\/wp\/v2\/tags?post=731011"}],"curies":[{"name":"wp","href":"https:\/\/api.w.org\/{rel}","templated":true}]}}