{"id":731077,"date":"2026-08-25T22:35:21","date_gmt":"2026-08-25T22:35:21","guid":{"rendered":"https:\/\/www.europesays.com\/es\/731077\/"},"modified":"2026-08-25T22:35:21","modified_gmt":"2026-08-25T22:35:21","slug":"un-unicaja-multicultural-catorce-jugadores-y-trece-nacionalidades","status":"publish","type":"post","link":"https:\/\/www.europesays.com\/es\/731077\/","title":{"rendered":"Un Unicaja multicultural: catorce jugadores y trece nacionalidades"},"content":{"rendered":"<p style=\"\">El baloncesto es uno de esos deportes que representa, a la perfecci\u00f3n, lo globalizado que es el muno actualmente. Plantillas con jugadores de m\u00faltiples nacionalidades  &#8230; y culturas que conviven a la perfecci\u00f3n dentro y fuera de la cancha y cuyo lenguaje en com\u00fan acaba siendo siempre el ingl\u00e9s. Y como cada temporada, el roster del Unicaja acaba lo ejemplifica bastante bien. Cara a la nueva temporada 2026-27 son s\u00f3lo siete los jugadores que permanecen con respecto al pasado curso y otros siete, son caras nuevas. Aqu\u00ed repasamos la multicultural plantilla de actualmente catorce jugadores que representar\u00e1 a M\u00e1laga este a\u00f1o.<\/p>\n<p class=\"v-d-p\" style=\"\">Catorce jugadores con hasta trece nacionalidades distintas. \u00bfS\u00f3lo hay un jugador por nacionalidad? No, el truco est\u00e1 en que una buena parte de ellos cuentan, ya sea por motivos familiares o laborales, con doble nacionalidad. La mayoritaria, curiosamente, no es la espa\u00f1ola, de hecho, esta temporada son s\u00f3lo tres los deportistas nacionales\u2026 Aunque con matices dado que algunos de los que no lo son se han formado y forjado en Espa\u00f1a. Los nacionales son Alberto D\u00edaz, Jonathan Barreiro y Willy Hernang\u00f3mez (sus abuelos maternos son alemanes, de ah\u00ed su apellido Geuer), pero ella naci\u00f3 en Sevilla y es espa\u00f1ola). Asimismo, Tyson P\u00e9rez, aunque nacido en la Rep\u00fablica Dominicana, tambi\u00e9n tiene nacionalidad espa\u00f1ola al trasladarse a Galicia cuando s\u00f3lo ten\u00eda 9 a\u00f1os y formarse ya aqu\u00ed.<\/p>\n<p class=\"v-d-p\" style=\"\">Otro caso peculiar es el de Yannick Nzosa. Es congole\u00f1o, pero durante a\u00f1os estuvo tramitando, de la mano de la FEB, su nacionalizaci\u00f3n como espa\u00f1ol al haberse formado aqu\u00ed, precisamente en la cantera del Unicaja, sin embargo, el proceso nunca se complet\u00f3 de manera oficial. Y el \u00faltimo que tambi\u00e9n es cupo al ser jugador formado en nuestro pa\u00eds es Melwin Pantzar, nacido y criado en Estocolmo (de madre sueca y padre gambiano), internacional con Suecia pero formado en la cantera del Real Madrid. Eso s\u00ed, no tiene doble nacionalidad.<\/p>\n<p>\nMayor\u00eda de norteamericanos\n<\/p>\n<p class=\"v-d-p\" style=\"\">La nacionalidad mayoritaria en el equipo es la estadounidense a d\u00eda de hoy, con hasta cuatro jugadores. Aunque realmente, s\u00f3lo uno de los cuatro tiene exclusivamente el pasaporte norteamericano, y ese es Cameron Hunt. Por su parte, Kendrick Perry obtuvo tambi\u00e9n la nacionalidad montenegrina para competir con esta selecci\u00f3n nacional; David Kravish tambi\u00e9n tiene nacionalidad b\u00falgara (por inter\u00e9s deportivo para ser internacional con este pa\u00eds) y Tyler Kalinoski tambi\u00e9n tiene la nacionalidad belga. Esto hace que los tres cuenten como jugadores comunitarios, lo que impulsa el inter\u00e9s de los clubes europeos al no ocupar plaza de extracomunitarios.<\/p>\n<ul class=\"v-cmp-flg__u\">\n<li class=\"v-cmp-flg__l\">\n<ul class=\"v-u\">\n<li class=\"v-u__l\">\n<p class=\"v-u__p\">\nEspa\u00f1oles<br \/>\nAlberto D\u00edaz, Willy Hernang\u00f3mez y Jonathan Barreiro.\n<\/p>\n<\/li>\n<li class=\"v-u__l\">\n<p class=\"v-u__p\">\nNorteamericanos<br \/>\nKendrick Perry (doble nacionalidad, tambi\u00e9n montenegrino), Cameron Hunt, David Kravish (y b\u00falgaro) y Tyler Kalinoski (y belga).\n<\/p>\n<\/li>\n<li class=\"v-u__l\">\n<p class=\"v-u__p\">\nLituanos<br \/>\nSimonas Lukosius (y alem\u00e1n) e Ignas Brazdeikis ( y canadiense).\n<\/p>\n<\/li>\n<li class=\"v-u__l\">\n<p class=\"v-u__p\">\nFranc\u00e9s<br \/>\nAmine Noua.\n<\/p>\n<\/li>\n<li class=\"v-u__l\">\n<p class=\"v-u__p\">\nCongole\u00f1o<br \/>\nYannick Nzosa.\n<\/p>\n<\/li>\n<li class=\"v-u__l\">\n<p class=\"v-u__p\">\nSueco<br \/>\nMelwin Pantzar.\n<\/p>\n<\/li>\n<li class=\"v-u__l\">\n<p class=\"v-u__p\">\nBosnio<br \/>\nNihad Djedovic (y alem\u00e1n).\n<\/p>\n<\/li>\n<li class=\"v-u__l\">\n<p class=\"v-u__p\">\n<p>Dominicano<\/p>\n<p>Tyson P\u00e9rez (y espa\u00f1ol).<\/p>\n<\/p>\n<\/li>\n<li class=\"v-u__l\">\n<p class=\"v-u__p\">\nDominicano<br \/>\nTyson P\u00e9rez (y espa\u00f1ol).\n<\/p>\n<\/li>\n<\/ul>\n<\/li>\n<\/ul>\n<p class=\"v-d-p\" style=\"\">La tercera nacionalidad m\u00e1s extendida este a\u00f1o gracias a dos de los nuevos fichajes es la lituana. Aunque de nuevo, los dos reci\u00e9n llegados tienen doble nacionalidad, en su caso, por motivos familiares. Ignas Brazdeikis, a pesar de nacer en Lituania y haber sido internacional absoluto con este pa\u00eds, se cri\u00f3 en Ontario, Canad\u00e1, por lo que tiene la doble, y Simonas Lukosius tambi\u00e9n tiene dos al ser de padre lituano (y haber nacido all\u00ed) y madre alemana. De hecho, es internacional con la selecci\u00f3n germana (aunque no est\u00e9 convocado en esta ventana FIBA actual).<\/p>\n<p class=\"v-d-p\" style=\"\">Adem\u00e1s, tenemos a Amine Noua. \u00c9l s\u00f3lo tiene una nacionalidad porque, pese a que su padre es marroqu\u00ed y su madre argelina, \u00e9l naci\u00f3 en Lyon y tanto \u00e9l como su familia son ciudadanos franceses de pleno derecho. Y por \u00faltimo, a Nihad Djedovic, otro con doble nacionalidad: bosnia y alemana. Es nacido en Visegrad, Bosnia (e internacional con su pa\u00eds natal), pero tambi\u00e9n logr\u00f3 la germana durante su etapa deportiva all\u00ed.<\/p>\n<p class=\"v-d-p\" style=\"\">Una interesante mezcla de culturas que sigue ampliando el amplio listado hist\u00f3rico del club, en el que cabe destacar un par de aspectos de la nueva plantilla. Para empezar, que Melwin Pantzar se convierte en el primer sueco de la historia del club, un hito. Adem\u00e1s, tambi\u00e9n han sido escasas hasta ahora las participaciones de congole\u00f1os como Nzosa (s\u00f3lo 3) y dominicanos como P\u00e9rez (3), bosnios (7) y lituanos (6).<\/p>\n","protected":false},"excerpt":{"rendered":"El baloncesto es uno de esos deportes que representa, a la perfecci\u00f3n, lo globalizado que es el muno&hellip;\n","protected":false},"author":2,"featured_media":731078,"comment_status":"","ping_status":"","sticky":false,"template":"","format":"standard","meta":{"footnotes":""},"categories":[269],"tags":[299,298,8382,168,25,24,2713,52868,25856,23,167,13144,2246],"class_list":["post-731077","post","type-post","status-publish","format-standard","has-post-thumbnail","category-baloncesto","tag-baloncesto","tag-basketball","tag-catorce","tag-deportes","tag-es","tag-espana","tag-jugadores","tag-multicultural","tag-nacionalidades","tag-spain","tag-sports","tag-trece","tag-unicaja"],"share_on_mastodon":{"url":"https:\/\/pubeurope.com\/@es\/117158538631533628","error":""},"_links":{"self":[{"href":"https:\/\/www.europesays.com\/es\/wp-json\/wp\/v2\/posts\/731077","targetHints":{"allow":["GET"]}}],"collection":[{"href":"https:\/\/www.europesays.com\/es\/wp-json\/wp\/v2\/posts"}],"about":[{"href":"https:\/\/www.europesays.com\/es\/wp-json\/wp\/v2\/types\/post"}],"author":[{"embeddable":true,"href":"https:\/\/www.europesays.com\/es\/wp-json\/wp\/v2\/users\/2"}],"replies":[{"embeddable":true,"href":"https:\/\/www.europesays.com\/es\/wp-json\/wp\/v2\/comments?post=731077"}],"version-history":[{"count":0,"href":"https:\/\/www.europesays.com\/es\/wp-json\/wp\/v2\/posts\/731077\/revisions"}],"wp:featuredmedia":[{"embeddable":true,"href":"https:\/\/www.europesays.com\/es\/wp-json\/wp\/v2\/media\/731078"}],"wp:attachment":[{"href":"https:\/\/www.europesays.com\/es\/wp-json\/wp\/v2\/media?parent=731077"}],"wp:term":[{"taxonomy":"category","embeddable":true,"href":"https:\/\/www.europesays.com\/es\/wp-json\/wp\/v2\/categories?post=731077"},{"taxonomy":"post_tag","embeddable":true,"href":"https:\/\/www.europesays.com\/es\/wp-json\/wp\/v2\/tags?post=731077"}],"curies":[{"name":"wp","href":"https:\/\/api.w.org\/{rel}","templated":true}]}}