{"id":731087,"date":"2026-08-25T22:48:18","date_gmt":"2026-08-25T22:48:18","guid":{"rendered":"https:\/\/www.europesays.com\/es\/731087\/"},"modified":"2026-08-25T22:48:18","modified_gmt":"2026-08-25T22:48:18","slug":"la-fia-condena-los-ataques-contra-los-comisarios-tras-las-sanciones-a-colapinto-y-explora-acciones-legales","status":"publish","type":"post","link":"https:\/\/www.europesays.com\/es\/731087\/","title":{"rendered":"La FIA \u00abcondena\u00bb los ataques contra los comisarios tras las sanciones a Colapinto y explora acciones legales"},"content":{"rendered":"<p>La FIA ha denunciado los \u00abmensajes de odio\u00bb en l\u00ednea contra los comisarios del Gran Premio de los Pa\u00edses Bajos de F1, tras las dos sanciones impuestas a <a href=\"https:\/\/lat.motorsport.com\/driver\/franco-colapinto\/875930\/\" target=\"_blank\" rel=\"noopener nofollow\">Franco Colapinto<\/a> durante la carrera principal, el domingo, que suscitaron fuertes cr\u00edticas de uno de los principales patrocinadores del argentino en las redes sociales.<\/p>\n<p>Colapinto recibi\u00f3 dos sanciones importantes en Zandvoort, con la primera arruinando por completo una prueba que, sin embargo, hab\u00eda comenzado bien para el argentino. La sanci\u00f3n inicial fue por un adelantamiento del piloto de <a href=\"https:\/\/lat.motorsport.com\/team\/alpine\/37484\/\" target=\"_blank\" rel=\"noopener nofollow\">Alpine<\/a> a <a href=\"https:\/\/lat.motorsport.com\/driver\/yuki-tsunoda\/828556\/\" target=\"_blank\" rel=\"noopener nofollow\">Yuki Tsunoda<\/a> ocurrido instantes despu\u00e9s del fuerte accidente de Max Verstappen al final de la primera vuelta.<\/p>\n<p>El argentino complet\u00f3 su maniobra de adelantamiento justo en ese momento, lo que desemboc\u00f3 en un drive through.\u00a0<a href=\"https:\/\/lat.motorsport.com\/driver\/arvid-lindblad\/954022\/\" target=\"_blank\" rel=\"noopener nofollow\">Arvid Lindblad<\/a> recibi\u00f3 la misma sanci\u00f3n tras adelantar a <a href=\"https:\/\/lat.motorsport.com\/driver\/pierre-gasly\/469687\/\" target=\"_blank\" rel=\"noopener nofollow\">Pierre Gasly<\/a> en las mismas condiciones. M\u00e1s tarde en la carrera, Colapinto volvi\u00f3 a recibir una sanci\u00f3n de 10 segundos por una nueva infracci\u00f3n bajo bandera amarilla, aunque ya no influy\u00f3 en su resultado final, 14\u00b0 en la meta.<\/p>\n<p>Tambi\u00e9n lee:<\/p>\n<p>El piloto se mostr\u00f3 muy descontento tras la carrera, al considerar que el drive through hab\u00eda comprometido su carrera y explic\u00f3 su frustraci\u00f3n por lo sucedido.<\/p>\n<p>\u00abLa penalizaci\u00f3n de pase y siga fue lo que comprometi\u00f3 toda nuestra carrera. Hice una muy buena largada y estaba ah\u00ed, en zona de puntos. S\u00ed, simplemente fue complicado, creo\u00bb, comenz\u00f3 Colapinto al ser preguntado por <strong>Motorsport.com<\/strong> sobre lo sucedido.<\/p>\n<p>\u00abFue dif\u00edcil de juzgar en esas condiciones, cuando est\u00e1s peleando en la primera vuelta, haciendo una maniobra, y todo est\u00e1 mojado y h\u00famedo, con el peralte, y hay partes de coches volando por todos lados. Vi una doble bandera amarilla muy, muy tarde, cuando ya estaba terminando mi adelantamiento, y claramente era mucho m\u00e1s peligroso clavar los frenos y acelerar en mitad de la recta, sobre el peralte y con la pista mojada, cuando todo el mundo estaba haciendo trompos. As\u00ed que es una situaci\u00f3n muy complicada\u00bb.<\/p>\n<p>Tambi\u00e9n lee:<\/p>\n<p>\u00abSiento que, aunque las reglas est\u00e9n escritas, deber\u00edan ser mucho m\u00e1s flexibles y deber\u00edan tener el criterio para entender tambi\u00e9n qu\u00e9 es m\u00e1s seguro y qu\u00e9 es un poco m\u00e1s inseguro. Si alguien va 30 km\/h m\u00e1s lento en la misma parte de la pista, lo est\u00e1s adelantando y aparece una bandera amarilla, no hay mucho que puedas hacer. Es muy dif\u00edcil reaccionar a eso\u00bb.<\/p>\n<p>El mensaje de un ejecutivo de Mercado Libre<\/p>\n<p>Luego de la carrera, Sean\u00a0Summers,\u00a0Chief Marketing Officer de Mercado Libre, principal patrocinador de Colapinto en la F\u00f3rmula 1, expres\u00f3 en la red social X su disconformidad con lo ocurrido el domingo en Zandvoort.<\/p>\n<p>El directivo de la compa\u00f1\u00eda mencion\u00f3 a la cuenta oficial de la FIA en X y escribi\u00f3 el siguiente mensaje: \u00abLos comisarios est\u00e1n destruyendo la integridad de la F1. Esta temporada est\u00e1n demostrando ser terribles y est\u00e1n influyendo en los resultados de las carreras. \u00bfIncompetencia? \u00bfDeshonestidad? \u00bfAmbas? Hay algo seriamente roto en la cultura de esa organizaci\u00f3n\u00bb.<\/p>\n<p>Tambi\u00e9n lee:<\/p>\n<p>La reacci\u00f3n de la FIA a los mensajes contra los comisarios tras el GP de Pa\u00edses Bajos<\/p>\n<p>La FIA, que cre\u00f3 la campa\u00f1a United Against Online Abuse para combatir el abuso en l\u00ednea en el deporte, estar\u00eda estudiando opciones legales y emiti\u00f3 el siguiente comunicado este martes:<\/p>\n<p>\u00abAl t\u00e9rmino del Gran Premio de los Pa\u00edses Bajos, los comisarios de la FIA fueron objeto de mensajes de odio en l\u00ednea despu\u00e9s de aplicar sanciones deportivas conforme al reglamento.<\/p>\n<p>La coalici\u00f3n United Against Online Abuse condena todas las formas de odio y acoso. Es normal no estar de acuerdo con ciertas decisiones en el deporte, pero eso no debe justificar en ning\u00fan caso amenazas o ataques personales.<\/p>\n<p>Tambi\u00e9n lee:<\/p>\n<p>En 2023, la FIA lanz\u00f3 la coalici\u00f3n United Against Online Abuse despu\u00e9s de que un comisario fuera v\u00edctima de ataques dirigidos tras el Gran Premio de Estados Unidos.<\/p>\n<p>Hacemos un llamamiento a todas las personas que siguen nuestro deporte para que muestren respeto y responsabilidad, tanto en l\u00ednea como fuera de l\u00ednea\u00bb.<\/p>\n<p>\u00a0<br \/>\nLa postura de Alpine tras los hechos de Zandvoort<\/p>\n<p>El lunes, un portavoz de Alpine emiti\u00f3 un comunicado a Motorsport.com para aclarar la postura del equipo tras los comentarios del ejecutivo de Mercado Libre.<\/p>\n<p>\u00abComo equipo, trabajamos estrechamente con el organismo rector del deporte en las reglas que regulan las disputas en pista para garantizar carreras justas y emocionantes y, lo que es m\u00e1s importante, la seguridad\u00bb, dec\u00eda el comunicado. \u00abConfiamos plenamente en la FIA y en los comisarios a la hora de hacer cumplir estas reglas y aplicar sanciones deportivas durante una carrera en curso.<\/p>\n<p>\u00abConsideramos que las sanciones aplicadas por las infracciones de las banderas amarillas durante las primeras vueltas del Gran Premio de Pa\u00edses Bajos fueron ciertamente severas, pero reconocemos que se ajustaron al castigo establecido por la letra del reglamento y que fueron aplicadas de manera consistente a todos los competidores. Es algo que podemos revisar y de lo que podemos aprender como equipo.\u00bb<\/p>\n<p><a href=\"https:\/\/whatsapp.com\/channel\/0029VaDzozo5vKA8ia8T0i1G\" target=\"_blank\" rel=\"noopener nofollow\">    <img decoding=\"async\" draggable=\"false\" src=\"https:\/\/www.europesays.com\/es\/wp-content\/uploads\/2026\/08\/1787698098_321_promo-whatsapp.jpg\" alt=\"\" width=\"1200\" height=\"800\" loading=\"lazy\"\/>  <\/a>            <\/p>\n<p>            Queremos tu opini\u00f3n<\/p>\n<p class=\"mt-auto\">\u00bfQu\u00e9 le gustar\u00eda ver en Motorsport.com?<\/p>\n<p>            <a href=\"#\" class=\"ms-link text-link font-bold\">Responda a nuestra encuesta de 5 minutos.<\/a><\/p>\n<p class=\"mt-1 text-body\">&#8211; El equipo de Motorsport.com<\/p>\n","protected":false},"excerpt":{"rendered":"La FIA ha denunciado los \u00abmensajes de odio\u00bb en l\u00ednea contra los comisarios del Gran Premio de los&hellip;\n","protected":false},"author":2,"featured_media":731088,"comment_status":"","ping_status":"","sticky":false,"template":"","format":"standard","meta":{"footnotes":""},"categories":[93],"tags":[1331,168,25,24,1723,1230,116911,130003,23,167,25649],"class_list":["post-731087","post","type-post","status-publish","format-standard","has-post-thumbnail","category-deportes","tag-alpine","tag-deportes","tag-es","tag-espana","tag-franco-colapinto","tag-fu00f3rmula-1","tag-gp-de-pau00edses-bajos","tag-la-fia-condena-los-ataques-contra-los-comisarios-tras-las-sanciones-a-colapinto-y-explora-acciones-legales","tag-spain","tag-sports","tag-zandvoort"],"share_on_mastodon":{"url":"https:\/\/pubeurope.com\/@es\/117158591431720995","error":""},"_links":{"self":[{"href":"https:\/\/www.europesays.com\/es\/wp-json\/wp\/v2\/posts\/731087","targetHints":{"allow":["GET"]}}],"collection":[{"href":"https:\/\/www.europesays.com\/es\/wp-json\/wp\/v2\/posts"}],"about":[{"href":"https:\/\/www.europesays.com\/es\/wp-json\/wp\/v2\/types\/post"}],"author":[{"embeddable":true,"href":"https:\/\/www.europesays.com\/es\/wp-json\/wp\/v2\/users\/2"}],"replies":[{"embeddable":true,"href":"https:\/\/www.europesays.com\/es\/wp-json\/wp\/v2\/comments?post=731087"}],"version-history":[{"count":0,"href":"https:\/\/www.europesays.com\/es\/wp-json\/wp\/v2\/posts\/731087\/revisions"}],"wp:featuredmedia":[{"embeddable":true,"href":"https:\/\/www.europesays.com\/es\/wp-json\/wp\/v2\/media\/731088"}],"wp:attachment":[{"href":"https:\/\/www.europesays.com\/es\/wp-json\/wp\/v2\/media?parent=731087"}],"wp:term":[{"taxonomy":"category","embeddable":true,"href":"https:\/\/www.europesays.com\/es\/wp-json\/wp\/v2\/categories?post=731087"},{"taxonomy":"post_tag","embeddable":true,"href":"https:\/\/www.europesays.com\/es\/wp-json\/wp\/v2\/tags?post=731087"}],"curies":[{"name":"wp","href":"https:\/\/api.w.org\/{rel}","templated":true}]}}