{"id":731157,"date":"2026-08-25T23:39:14","date_gmt":"2026-08-25T23:39:14","guid":{"rendered":"https:\/\/www.europesays.com\/es\/731157\/"},"modified":"2026-08-25T23:39:14","modified_gmt":"2026-08-25T23:39:14","slug":"el-estrecho-de-magallanes-provoca-el-primer-conflicto-diplomatico-entre-los-aliados-kast-y-milei","status":"publish","type":"post","link":"https:\/\/www.europesays.com\/es\/731157\/","title":{"rendered":"El Estrecho de Magallanes provoca el primer conflicto diplom\u00e1tico entre los aliados Kast y Milei"},"content":{"rendered":"<p class=\"\">Los gobiernos del chileno <a href=\"https:\/\/elpais.com\/argentina\/2026-04-06\/milei-recibe-a-kast-en-buenos-aires-como-nuevo-aliado-regional.html\" target=\"_self\" rel=\"nofollow noopener\" title=\"https:\/\/elpais.com\/argentina\/2026-04-06\/milei-recibe-a-kast-en-buenos-aires-como-nuevo-aliado-regional.html\">Jos\u00e9 Antonio Kast y el argentino Javier Milei, aliados ideol\u00f3gicos<\/a>, enfrentan su primer conflicto diplom\u00e1tico desde que el ultraconservador lleg\u00f3 a La Moneda, hace cinco meses. El ministerio de Relaciones Exteriores de Kast inform\u00f3 este lunes que enviar\u00e1 una nota de protesta formal a Buenos Aires por las declaraciones del jefe de la Fuerza A\u00e9rea argentina, el brigadier general Gustavo Javier Valverde, sobre la soberan\u00eda del extremo sur de su territorio. El jefe militar argentino sostuvo que \u201cMagallanes, el sur, el Drake, todo eso es soberan\u00eda\u201d en el programa de streaming La f\u00e1brica del podcast este domingo. Valverde a\u00f1adi\u00f3 que \u201chay que hacer presencia porque eso es una llave bioce\u00e1nica Atl\u00e1ntico Pac\u00edfico\u201d. <\/p>\n<p class=\"\">Sus palabras fueron interpretadas como un cuestionamiento a la soberan\u00eda chilena en el paso austral interoce\u00e1nico y provocaron un torrente de reacciones antes de que el Gobierno argentino saliera a intentar bajar la tensi\u00f3n. <a href=\"https:\/\/elpais.com\/chile\/2026-07-15\/el-giro-hacia-washington-la-apuesta-diplomatica-de-kast-que-inquieta-a-la-izquierda.html\" target=\"_self\" rel=\"nofollow noopener\" title=\"https:\/\/elpais.com\/chile\/2026-07-15\/el-giro-hacia-washington-la-apuesta-diplomatica-de-kast-que-inquieta-a-la-izquierda.html\">El canciller chileno, Francisco P\u00e9rez MacKenna<\/a>, defendi\u00f3 que \u201cla soberan\u00eda de Chile sobre el Estrecho de Magallanes en su totalidad es indiscutible y se funda en los Tratados de 1881 y 1984 suscritos por ambos pa\u00edses\u201d. El jefe de la diplomacia chilena, que est\u00e1 de gira por Asia, hizo \u201cun severo llamado a las autoridades de otros pa\u00edses a ser responsables con sus declaraciones y no confundir a sus ciudadanos\u201d. \u201cEl Estrecho de Magallanes es indiscutiblemente chileno\u201d, apunt\u00f3 desde Vietnam. <\/p>\n<p class=\"\">Horas antes, desde La Moneda, el biministro del Interior y de la Secretar\u00eda General de la Presidencia (Segpres), Claudio Alvarado, se\u00f1al\u00f3 que \u201cobviamente\u201d no les parec\u00eda bien las declaraciones de Valverde \u201cporque el Estrecho de Magallanes, en su totalidad, es indiscutiblemente chileno, tal como lo se\u00f1alan los tratados suscritos en 1881 y en 1984 por ambos pa\u00edses\u201d. Adem\u00e1s, apunt\u00f3 que les llama la atenci\u00f3n \u201cque se levanten cada cierto tiempo este tipo de declaraciones, porque aqu\u00ed no hay nada que discutir respecto a la soberan\u00eda\u201d.<\/p>\n<p class=\"\">Desde Buenos Aires se busc\u00f3 enfriar la pol\u00e9mica y evitar que escale. <a href=\"https:\/\/x.com\/Cancilleria_Ar\/status\/2092247726377324897\/photo\/1\" target=\"_blank\" rel=\"nofollow\" title=\"https:\/\/x.com\/Cancilleria_Ar\/status\/2092247726377324897\/photo\/1\">La Canciller\u00eda argentina emiti\u00f3 este martes un comunicado<\/a> en el que reafirma que la posici\u00f3n oficial respecto al Estrecho de Magallanes es la que establecen los tratados de 1881 y 1984 y subray\u00f3 \u201cel valor estrat\u00e9gico\u201d que representa la cooperaci\u00f3n con Chile, pa\u00eds con el que comparte una frontera terrestre de m\u00e1s de 5.000 kil\u00f3metros. <\/p>\n<p class=\"\">La Canciller\u00eda argentina admiti\u00f3 la relevancia estrat\u00e9gica del extremo austral del continente sudamericano y su creciente centralidad \u201cpor sus recursos naturales estrat\u00e9gicos, por su rol en las rutas mar\u00edtimas y las cadenas globales de suministro\u201d, pero insisti\u00f3 en la cooperaci\u00f3n bilateral. \u201cNuestros pa\u00edses se reconocen mutuamente sus derechos ant\u00e1rticos, coadministran zonas especialmente protegidas, sostienen desde hace m\u00e1s de veinticinco a\u00f1os la Patrulla Ant\u00e1rtica Naval Combinada y presentan de manera conjunta la propuesta de \u00c1rea Marina Protegida en la Pen\u00ednsula Ant\u00e1rtica Occidental y el Arco de Scotia meridional\u201d, dijo la cartera encabezada por Pablo Quirno. Tras estas declaraciones, Kast abord\u00f3 este martes la pol\u00e9mica \u201cEl canciller chileno fue muy claro, y agradecemos tambi\u00e9n las declaraciones del Gobierno argentino, reconociendo la soberan\u00eda del Estrecho de Magallanes, que es Chile\u201d, afirm\u00f3.<\/p>\n<p>M\u00e1s informaci\u00f3n<\/p>\n<p class=\"\">Valverde es un piloto de caza e instructor de vuelo de 59 a\u00f1os que asumi\u00f3 la jefatura del Estado Mayor de la Fuerza A\u00e9rea de Argentina en noviembre de 2024. En el programa de streaming destac\u00f3 la \u201cexcelente\u201d relaci\u00f3n con la contraparte chilena, recordando que el comandante en jefe de la Fuerza A\u00e9rea de Chile, el general del aire Hugo Rodr\u00edguez Gonz\u00e1lez, fue su invitado en una ceremonia el 10 de agosto pasado. <\/p>\n<p class=\"\">Sus aparentes cuestionamientos sobre la soberan\u00eda de Magallanes, sin embargo, provocaron un rechazo transversal en el Congreso chileno. El diputado republicano por Magallanes Alejandro Riquelme exigi\u00f3 una nota formal y sostuvo, desde Punta Arenas, que \u201cesto es territorio chileno y todos quienes habitamos esta regi\u00f3n somos chilenos\u201d, seg\u00fan La Prensa Austral. El senador de la UDI, de la derecha tradicional, Iv\u00e1n Moreira, escribi\u00f3 en X que la soberan\u00eda chilena \u201cno est\u00e1 sujeta a interpretaciones ni a declaraciones circunstanciales\u201d y llam\u00f3 al presidente Milei a \u201cno permitir estos excesos\u201d.<\/p>\n<p class=\"\">Chile y Argentina comparten m\u00e1s de 5.000 kil\u00f3metros de frontera terrestre a lo largo de la cordillera de los Andes, pero ha sido siempre el extremo sur el punto m\u00e1s sensible de la relaci\u00f3n bilateral. A finales de los a\u00f1os setenta, con ambos pa\u00edses gobernados por dictaduras, <a href=\"https:\/\/elpais.com\/diario\/1979\/01\/10\/internacional\/284770821_850215.html\" target=\"_blank\" rel=\"noreferrer nofollow noopener\" title=\"https:\/\/elpais.com\/diario\/1979\/01\/10\/internacional\/284770821_850215.html\">estuvieron a punto de ir a la guerra por tres islas al sur del canal Beagle<\/a>, una posibilidad que la mediaci\u00f3n de la Santa Sede alej\u00f3. <\/p>\n<p class=\"\">El episodio de esta semana se suma a otro del mismo corte ocurrido el pasado 25 de enero, cuando el jefe del Servicio de Hidrograf\u00eda Naval de Argentina, el contraalmirante Hern\u00e1n Montero, afirm\u00f3 en un podcast que \u201cla boca de Magallanes es argentina\u201d, en referencia al tramo entre Cabo V\u00edrgenes y Punta D\u00fangenes. Esas declaraciones, ocurridas todav\u00eda bajo el Gobierno de Gabriel Boric, fueron calificadas de \u201cinfundadas\u201d en abril por la Canciller\u00eda de Kast, aunque no lleg\u00f3 tan lejos como esta vez. <\/p>\n","protected":false},"excerpt":{"rendered":"Los gobiernos del chileno Jos\u00e9 Antonio Kast y el argentino Javier Milei, aliados ideol\u00f3gicos, enfrentan su primer conflicto&hellip;\n","protected":false},"author":2,"featured_media":731158,"comment_status":"","ping_status":"","sticky":false,"template":"","format":"standard","meta":{"footnotes":""},"categories":[42],"tags":[889,283,17,18,2047,47619,15229,13,14,11,61,62,63,64,4245,60494,19,20,1804,9,10,15,16,31425,12,21,22,65,66,67],"class_list":["post-731157","post","type-post","status-publish","format-standard","has-post-thumbnail","category-internacional","tag-america","tag-argentina","tag-breaking-news","tag-breakingnews","tag-chile","tag-conflictos-diplomaticos","tag-diplomacia","tag-featured-news","tag-featurednews","tag-headlines","tag-internacional","tag-international","tag-international-news","tag-internationalnews","tag-javier-milei","tag-jose-antonio-kast","tag-latest-news","tag-latestnews","tag-latinoamerica","tag-news","tag-noticias","tag-noticias-destacadas","tag-noticiasdestacadas","tag-sur-global","tag-titulares","tag-ultimas-noticias","tag-ultimasnoticias","tag-world","tag-world-news","tag-worldnews"],"share_on_mastodon":{"url":"","error":"Validation failed: Text character limit of 500 exceeded"},"_links":{"self":[{"href":"https:\/\/www.europesays.com\/es\/wp-json\/wp\/v2\/posts\/731157","targetHints":{"allow":["GET"]}}],"collection":[{"href":"https:\/\/www.europesays.com\/es\/wp-json\/wp\/v2\/posts"}],"about":[{"href":"https:\/\/www.europesays.com\/es\/wp-json\/wp\/v2\/types\/post"}],"author":[{"embeddable":true,"href":"https:\/\/www.europesays.com\/es\/wp-json\/wp\/v2\/users\/2"}],"replies":[{"embeddable":true,"href":"https:\/\/www.europesays.com\/es\/wp-json\/wp\/v2\/comments?post=731157"}],"version-history":[{"count":0,"href":"https:\/\/www.europesays.com\/es\/wp-json\/wp\/v2\/posts\/731157\/revisions"}],"wp:featuredmedia":[{"embeddable":true,"href":"https:\/\/www.europesays.com\/es\/wp-json\/wp\/v2\/media\/731158"}],"wp:attachment":[{"href":"https:\/\/www.europesays.com\/es\/wp-json\/wp\/v2\/media?parent=731157"}],"wp:term":[{"taxonomy":"category","embeddable":true,"href":"https:\/\/www.europesays.com\/es\/wp-json\/wp\/v2\/categories?post=731157"},{"taxonomy":"post_tag","embeddable":true,"href":"https:\/\/www.europesays.com\/es\/wp-json\/wp\/v2\/tags?post=731157"}],"curies":[{"name":"wp","href":"https:\/\/api.w.org\/{rel}","templated":true}]}}