{"id":731183,"date":"2026-08-26T00:01:09","date_gmt":"2026-08-26T00:01:09","guid":{"rendered":"https:\/\/www.europesays.com\/es\/731183\/"},"modified":"2026-08-26T00:01:09","modified_gmt":"2026-08-26T00:01:09","slug":"por-que-el-criterio-del-lider-sigue-siendo-una-ventaja-expansion","status":"publish","type":"post","link":"https:\/\/www.europesays.com\/es\/731183\/","title":{"rendered":"Por qu\u00e9 el criterio del l\u00edder sigue siendo una ventaja &#8211; Expansi\u00f3n"},"content":{"rendered":"<ol>\n<li><a href=\"https:\/\/news.google.com\/rss\/articles\/CBMigwFBVV95cUxOQUo0UGZMazkwazVzalZsZ0p5cEhFX3BTR1VEQWVyOWk1YzlSU1U1NVp4akZteFBaNnZMNEk3SGxEZFloU2EteF90dHZNRW02ZmNsakQyclM4R0JpazFZbFFwMXdMcVk1RVFTUl85OHlPMVJwcUZCb2JYV3U5aHFEQWxlc9IBgwFBVV95cUxQX193OC1kZ1pZT19UblBrcThmMV8yMXotakFuSlVoX1R0MHdnSUo1ZXlNLUNZYWZrcENyQ0tHMndLUXhscFBidHQ1aHJoNTdYU0xzWnh5c196RTZiYlJ1MFg5NjVVWFVMaTNjVjAwOEpEeV9FRmdlSU1BLU43bGNuU2JFcw?oc=5\" target=\"_blank\" rel=\"nofollow noopener\">Por qu\u00e9 el criterio del l\u00edder sigue siendo una ventaja<\/a>&nbsp;&nbsp;Expansi\u00f3n<\/li>\n<li><a href=\"https:\/\/news.google.com\/rss\/articles\/CBMinwFBVV95cUxORWRESzVBZml6NVlWd1Vuc0hYU2kzRllxTWdvd2dHZE1NRHRJeThxOWNfcU0tNTF1ZUdCYnNkRkVmUEdKTzM3U25GaDZ2dGVHbEYwLU5LTF9Nc1pMV0NQRjhqWU9IbzNYckFvanY0R0d4SVZOa1ZKRjJQMG9OajhKa3lDdl9teW9ITmllalA3bWFfbDkwcnpwaVVBdDk5OEHSAZ8BQVVfeXFMTkVkREs1QWZpejVZVndVbnNIWFNpM0ZZcU1nb3dnR2RNTUR0SXk4cTljX3FNLTUxdWVHQmJzZEZFZlBHSk8zN1NuRmg2dnRlR2xGMC1OS0xfTXNaTFdDUEY4allPSG8zWHJBb2p2NEdHeElWTmtWSkYyUDBvTmo4Smt5Q3ZfbXlvSE5pZWpQN21hX2w5MHJ6cGlVQXQ5OThB?oc=5\" target=\"_blank\" rel=\"nofollow noopener\">Las cinco habilidades que marcar\u00e1n la vuelta al trabajo en 2026<\/a>&nbsp;&nbsp;PR Noticias<\/li>\n<li><a href=\"https:\/\/news.google.com\/rss\/articles\/CBMiswFBVV95cUxQdVZtWGFOYzU0ZEZ4MUc1YU54ZExITm9UdDFndExTNWE4WVFyek1NcGliNVVDLVJvOXJoQ2NlT2E3eUtpMktZOVY4U3JqeEJ3bGhTMmJTU01kd3FZc3l4R01MTmJldGE5UkxxbG1xOG5TQjhTMEw2NnpBN19ka2YtUnJWNnBGblVVQUloT2p2TE42UERaRXNyUVM2blh3bkd6U0FzdHp3Zi1yWlpFUjJPdGNLZ9IBuAFBVV95cUxQM0NPemZYZ3VuUGZtdnJSSHk1bGt0OWtzeU9GUEw1R21SUTBEWVppcGlidUtnMWRydEZ3c1RoVV9PSElXMlMydDZ6clpPZlZSelkwcnVPa1FCV1lpcVB2T1NjTWRJSEh4MjVjS0JGbml5djdYaG9NN3F0aFB5bzkxRExsSWxmYnZKZXVLQmVCeERyVU56Qkh1U053SjZWUjcyVl9wRmF1T254b1FhSW1sb2JoTEJmWVZO?oc=5\" target=\"_blank\" rel=\"nofollow noopener\">La IA reduce tareas y dispara la demanda de estrategas<\/a>&nbsp;&nbsp;Negocios.com<\/li>\n<li><a href=\"https:\/\/news.google.com\/rss\/articles\/CBMilAFBVV95cUxNZjA2WmNqd2k4QlhMNHNXS3A1VThiQkRLV1pqQmJYX0ljWWNNSkF6RHg0Uy05X2FfUGRKellJeW9TWmpCQVlobVpmTFVpZzcwQkRIWk9YU0Z6RGF5LWRTMEFXeWpkWEh4cjBweFlJbnpvMTJoczFUdjMybWpjYnRCeHlEZTQ4dlRmU29zOUoyRThFQUw2?oc=5\" target=\"_blank\" rel=\"nofollow noopener\">Salesforce Per\u00fa: la empresa con IA se construye desde el MVP<\/a>&nbsp;&nbsp;El Ecosistema Startup<\/li>\n<li><a href=\"https:\/\/news.google.com\/rss\/articles\/CBMiswFBVV95cUxQd044UWJGeHpHUFdDNkxhNFNoa19FVVJFV0lxOWd1WXUtamtEUGZUdVNXRXFTRkNKSWpQaUpzeVBfeFVNbklHcF9ORUFvajFqUHF3c01NclRXUGhtOTRlLWl0N0xTcGpLc1Vlc19OR2luYzV3RndGWksxd1luTnota29rUjlUY1Vsdkd6ZjBSYXhaYzQyaTJzRmZTQ1hJZHo4b0pfOGZGbG50YWNGY0xubjRXQQ?oc=5\" target=\"_blank\" rel=\"nofollow noopener\">La responsabilidad no se automatiza: el verdadero desaf\u00edo de la IA es el liderazgo<\/a>&nbsp;&nbsp;Impacto TIC<\/li>\n<\/ol>\n","protected":false},"excerpt":{"rendered":"Por qu\u00e9 el criterio del l\u00edder sigue siendo una ventaja&nbsp;&nbsp;Expansi\u00f3n Las cinco habilidades que marcar\u00e1n la vuelta al&hellip;\n","protected":false},"author":2,"featured_media":731184,"comment_status":"","ping_status":"","sticky":false,"template":"","format":"standard","meta":{"footnotes":""},"categories":[80],"tags":[82,1564,95,94,25,24,23],"class_list":["post-731183","post","type-post","status-publish","format-standard","has-post-thumbnail","category-economia","tag-business","tag-directivos","tag-economia","tag-economy","tag-es","tag-espana","tag-spain"],"share_on_mastodon":{"url":"https:\/\/pubeurope.com\/@es\/117158876799569262","error":""},"_links":{"self":[{"href":"https:\/\/www.europesays.com\/es\/wp-json\/wp\/v2\/posts\/731183","targetHints":{"allow":["GET"]}}],"collection":[{"href":"https:\/\/www.europesays.com\/es\/wp-json\/wp\/v2\/posts"}],"about":[{"href":"https:\/\/www.europesays.com\/es\/wp-json\/wp\/v2\/types\/post"}],"author":[{"embeddable":true,"href":"https:\/\/www.europesays.com\/es\/wp-json\/wp\/v2\/users\/2"}],"replies":[{"embeddable":true,"href":"https:\/\/www.europesays.com\/es\/wp-json\/wp\/v2\/comments?post=731183"}],"version-history":[{"count":0,"href":"https:\/\/www.europesays.com\/es\/wp-json\/wp\/v2\/posts\/731183\/revisions"}],"wp:featuredmedia":[{"embeddable":true,"href":"https:\/\/www.europesays.com\/es\/wp-json\/wp\/v2\/media\/731184"}],"wp:attachment":[{"href":"https:\/\/www.europesays.com\/es\/wp-json\/wp\/v2\/media?parent=731183"}],"wp:term":[{"taxonomy":"category","embeddable":true,"href":"https:\/\/www.europesays.com\/es\/wp-json\/wp\/v2\/categories?post=731183"},{"taxonomy":"post_tag","embeddable":true,"href":"https:\/\/www.europesays.com\/es\/wp-json\/wp\/v2\/tags?post=731183"}],"curies":[{"name":"wp","href":"https:\/\/api.w.org\/{rel}","templated":true}]}}