{"id":731199,"date":"2026-08-26T00:18:16","date_gmt":"2026-08-26T00:18:16","guid":{"rendered":"https:\/\/www.europesays.com\/es\/731199\/"},"modified":"2026-08-26T00:18:16","modified_gmt":"2026-08-26T00:18:16","slug":"dua-lipa-comparte-detalles-de-su-boda-con-callum-turner-fue-magico","status":"publish","type":"post","link":"https:\/\/www.europesays.com\/es\/731199\/","title":{"rendered":"Dua Lipa comparte detalles de su boda con Callum Turner: \u201cFue m\u00e1gico\u201d"},"content":{"rendered":"<p>\n          Dua Lipa encuentra inspiraci\u00f3n en el amor<\/p>\n<p>Adem\u00e1s de hablar de su boda, <b> <a class=\"Link\" href=\"https:\/\/www.quien.com\/espectaculos\/2026\/06\/20\/dua-lipa-comparte-las-primeras-fotos-de-su-boda-con-callum-turner-y-su-vestido-chanel-haute-couture\" target=\"_blank\" rel=\"nofollow noopener\">Dua Lipa<\/a>  <\/b> explic\u00f3 que su manera de entender el amor tambi\u00e9n ha cambiado con el paso de los a\u00f1os. La cantante reconoci\u00f3 que, cuando era m\u00e1s joven, encontraba buena parte de su inspiraci\u00f3n en la b\u00fasqueda de una relaci\u00f3n y en las emociones intensas que acompa\u00f1aban al desamor.<\/p>\n<p>             <img loading=\"lazy\" decoding=\"async\" src=\"https:\/\/www.europesays.com\/es\/wp-content\/uploads\/2026\/08\/1787703496_783_.webp\" class=\"lazyload\" alt=\"Dua Lipa y Callum Turner\"  data- width=\"600\" height=\"800\"\/> <\/p>\n<p>              Dua Lipa y Callum Turner<br \/>\n              (Instagram)<\/p>\n<p>\u201cCuando era m\u00e1s joven, encontraba mucha m\u00e1s inspiraci\u00f3n en la b\u00fasqueda y el deseo del amor. El desamor es una emoci\u00f3n muy fuerte y ruidosa. Pero ahora quiero descubrir qu\u00e9 sucede cuando realmente encuentras el amor. Me interesan las complejidades de una relaci\u00f3n, sus aspectos m\u00e1s tranquilos, las cosas peque\u00f1as\u201d, explic\u00f3.<\/p>\n<p>Estas palabras tambi\u00e9n reflejan una nueva etapa en su proceso creativo. Despu\u00e9s de construir buena parte de su repertorio alrededor de la b\u00fasqueda del amor, las rupturas y las relaciones, ahora la artista est\u00e1 interesada en contar qu\u00e9 ocurre cuando finalmente encuentra una relaci\u00f3n estable.<\/p>\n<p>             <img loading=\"lazy\" decoding=\"async\" src=\"https:\/\/www.europesays.com\/es\/wp-content\/uploads\/2026\/08\/1787703496_253_.webp\" class=\"lazyload\" alt=\"Dua Lipa y Callum Turner\"  data- width=\"600\" height=\"800\"\/> <\/p>\n<p>              Dua Lipa y Callum Turner<br \/>\n              (Instagram)<\/p>\n<p><b>Dua Lipa y Callum Turner<\/b> se conocieron a principios de 2024 y ese mismo a\u00f1o comenzaron a surgir las primeras versiones sobre su romance. La pareja hizo p\u00fablica su relaci\u00f3n y posteriormente confirm\u00f3 su compromiso en 2025.<\/p>\n<p>Italia ocupa adem\u00e1s un lugar especial en la historia de ambos. Tras la boda en Sicilia, la pareja disfrut\u00f3 de una luna de miel que incluy\u00f3 Sicilia, Roma y la Costa Amalfitana, mientras que Dua ha explicado anteriormente que relaciona Italia con una sensaci\u00f3n de calma y bienestar.<\/p>\n","protected":false},"excerpt":{"rendered":"Dua Lipa encuentra inspiraci\u00f3n en el amor Adem\u00e1s de hablar de su boda, Dua Lipa explic\u00f3 que su&hellip;\n","protected":false},"author":2,"featured_media":731200,"comment_status":"","ping_status":"","sticky":false,"template":"","format":"standard","meta":{"footnotes":""},"categories":[170],"tags":[29430,14008,130015,130016,130017,116470,146,147,25,24,2793,184,185,23],"class_list":["post-731199","post","type-post","status-publish","format-standard","has-post-thumbnail","category-musica","tag-callum-turner","tag-dua-lipa","tag-dua-lipa-boda","tag-dua-lipa-matrimonio","tag-dua-lipa-nueva-musica","tag-dua-lipa-y-callum-turner","tag-entertainment","tag-entretenimiento","tag-es","tag-espana","tag-espectaculos","tag-music","tag-musica","tag-spain"],"share_on_mastodon":{"url":"https:\/\/pubeurope.com\/@es\/117158943934427961","error":""},"_links":{"self":[{"href":"https:\/\/www.europesays.com\/es\/wp-json\/wp\/v2\/posts\/731199","targetHints":{"allow":["GET"]}}],"collection":[{"href":"https:\/\/www.europesays.com\/es\/wp-json\/wp\/v2\/posts"}],"about":[{"href":"https:\/\/www.europesays.com\/es\/wp-json\/wp\/v2\/types\/post"}],"author":[{"embeddable":true,"href":"https:\/\/www.europesays.com\/es\/wp-json\/wp\/v2\/users\/2"}],"replies":[{"embeddable":true,"href":"https:\/\/www.europesays.com\/es\/wp-json\/wp\/v2\/comments?post=731199"}],"version-history":[{"count":0,"href":"https:\/\/www.europesays.com\/es\/wp-json\/wp\/v2\/posts\/731199\/revisions"}],"wp:featuredmedia":[{"embeddable":true,"href":"https:\/\/www.europesays.com\/es\/wp-json\/wp\/v2\/media\/731200"}],"wp:attachment":[{"href":"https:\/\/www.europesays.com\/es\/wp-json\/wp\/v2\/media?parent=731199"}],"wp:term":[{"taxonomy":"category","embeddable":true,"href":"https:\/\/www.europesays.com\/es\/wp-json\/wp\/v2\/categories?post=731199"},{"taxonomy":"post_tag","embeddable":true,"href":"https:\/\/www.europesays.com\/es\/wp-json\/wp\/v2\/tags?post=731199"}],"curies":[{"name":"wp","href":"https:\/\/api.w.org\/{rel}","templated":true}]}}