{"id":731273,"date":"2026-08-26T01:13:07","date_gmt":"2026-08-26T01:13:07","guid":{"rendered":"https:\/\/www.europesays.com\/es\/731273\/"},"modified":"2026-08-26T01:13:07","modified_gmt":"2026-08-26T01:13:07","slug":"el-jefe-de-la-cia-viajo-a-moscu-por-que-esto-se-sabe","status":"publish","type":"post","link":"https:\/\/www.europesays.com\/es\/731273\/","title":{"rendered":"\u00bfEl jefe de la CIA viaj\u00f3 a Mosc\u00fa? \u00bfPor qu\u00e9? Esto se sabe"},"content":{"rendered":"<p>Un viaje poco com\u00fan del m\u00e1ximo responsable de la inteligencia exterior estadounidense a <a href=\"https:\/\/www.france24.com\/es\/tag\/rusia\/\" target=\"_self\" class=\"gtm-add-suggested-tag\" rel=\"nofollow noopener\">Rusia<\/a>. El director\u00a0de la <a href=\"https:\/\/www.france24.com\/es\/tag\/cia\/\" target=\"_self\" class=\"gtm-add-suggested-tag\" rel=\"nofollow noopener\">CIA<\/a>,\u00a0<a href=\"https:\/\/www.france24.com\/es\/tag\/john-ratcliffe\/\" target=\"_self\" class=\"gtm-add-suggested-tag\" rel=\"nofollow noopener\">John Ratcliffe<\/a>, visit\u00f3 <a href=\"https:\/\/www.france24.com\/es\/tag\/mosc\u00fa\/\" target=\"_self\" class=\"gtm-add-suggested-tag\" rel=\"nofollow noopener\">Mosc\u00fa<\/a> el martes 25 de agosto, seg\u00fan medios como &#8216;CBS&#8217; y &#8216;Axios&#8217;, aunque ni el Gobierno de <a href=\"https:\/\/www.france24.com\/es\/tag\/estados-unidos\/\" target=\"_self\" class=\"gtm-add-suggested-tag\" rel=\"nofollow noopener\">Estados Unidos<\/a> ni el <a href=\"https:\/\/www.france24.com\/es\/tag\/kremlin\/\" target=\"_self\" class=\"gtm-add-suggested-tag\" rel=\"nofollow noopener\">Kremlin<\/a> han confirmado oficialmente el viaje.<\/p>\n<p>Un avi\u00f3n militar estadounidense despeg\u00f3 el martes por la ma\u00f1ana de <a href=\"https:\/\/www.france24.com\/es\/tag\/letonia\/\" target=\"_self\" class=\"gtm-add-suggested-tag\" rel=\"nofollow noopener\">Letonia<\/a> con destino al aeropuerto Vnukovo de Mosc\u00fa, seg\u00fan datos del sitio web especializado &#8216;Flightradar24&#8217;. El mismo avi\u00f3n parti\u00f3 de la capital rusa a primera hora de la tarde del martes.<\/p>\n<p>Al ser interrogado durante su rueda de prensa diaria, el portavoz del Kremlin, DmitrI Peskov, respondi\u00f3 que \u00abno dispon\u00eda de esa informaci\u00f3n\u00bb. Anteriormente, tambi\u00e9n hab\u00eda declarado que no hab\u00eda reuniones programadas en el Kremlin con representantes de la Administraci\u00f3n estadounidense para esta semana.<\/p>\n<p>Por su parte, el &#8216;Financial Times&#8217; afirma que Washington pidi\u00f3 a Ucrania\u00a0<a href=\"https:\/\/www.france24.com\/fr\/tag\/ukraine\/\" target=\"_self\" class=\"gtm-add-suggested-tag\" rel=\"nofollow noopener\">,<\/a>\u00a0que accedi\u00f3, que no atacara la capital rusa, San Petersburgo, ni otras zonas del norte de Rusia\u00a0el\u00a0lunes, martes y mi\u00e9rcoles, para permitir el viaje de un alto funcionario estadounidense.\u00a0<\/p>\n<p>Existen muchos motivos que podr\u00edan justificar este viaje del jefe de la CIA: la guerra en Ucrania, el conflicto con Ir\u00e1n\u00a0<a href=\"https:\/\/www.france24.com\/fr\/tag\/iran\/\" target=\"_self\" class=\"gtm-add-suggested-tag\" rel=\"nofollow noopener\">,<\/a>\u00a0en un momento en que Washington intenta sumar a las potencias extranjeras a su estrategia de presi\u00f3n econ\u00f3mica sobre Teher\u00e1n, o incluso a los intercambios de prisioneros.<\/p>\n<p>El presidente <a href=\"https:\/\/www.france24.com\/es\/tag\/donald-trump\/\" target=\"_self\" class=\"gtm-add-suggested-tag\" rel=\"nofollow noopener\">Donald Trump<\/a>, que mantiene una l\u00ednea de comunicaci\u00f3n directa con\u00a0Vladimir Putin\u00a0, afirm\u00f3 el 11 de agosto haber conseguido la liberaci\u00f3n de un ex marine detenido en <a href=\"https:\/\/www.france24.com\/es\/tag\/rusia\/\" target=\"_self\" class=\"gtm-add-suggested-tag\" rel=\"nofollow noopener\">Rusia<\/a>, Robert Gilman, durante conversaciones personales con su hom\u00f3logo.<\/p>\n<p>Hab\u00eda enviado varias veces a su yerno,\u00a0Jared Kushner\u00a0, y a su enviado especial,\u00a0<a href=\"https:\/\/www.france24.com\/es\/tag\/steve-witkoff\/\" target=\"_self\" class=\"gtm-add-suggested-tag\" rel=\"nofollow noopener\">Steve Witkoff<\/a>,\u00a0a Mosc\u00fa para mantener conversaciones con el presidente ruso.<\/p>\n<p> <strong>Charles Zimmerman, \u00bfla raz\u00f3n?<\/strong> <\/p>\n<p>Seg\u00fan canales de Telegram rusos, el director de la <a href=\"https:\/\/www.france24.com\/es\/tag\/cia\/\" target=\"_self\" class=\"gtm-add-suggested-tag\" rel=\"nofollow noopener\">CIA<\/a>, quien estuvo implicado en el pasado en intercambios de prisioneros entre ambos pa\u00edses, lleg\u00f3 a Mosc\u00fa para otra misi\u00f3n similar, que estar\u00eda relacionada con la liberaci\u00f3n del estadounidense Charles Zimmerman.<\/p>\n<p>El veterano de la Marina estadounidense, de 58 a\u00f1os, fue condenado en enero pasado a cinco a\u00f1os de c\u00e1rcel en <a href=\"https:\/\/www.france24.com\/es\/tag\/rusia\/\" target=\"_self\" class=\"gtm-add-suggested-tag\" rel=\"nofollow noopener\">Rusia<\/a> por tenencia y tr\u00e1fico ilegal de armas.<\/p>\n<p>De acuerdo con la prensa, el estadounidense viaj\u00f3 a Rusia para conocer en persona a una chica que conoci\u00f3 por internet y fue detenido, cuando su yate atrac\u00f3 en el puerto de Sochi con un rifle a bordo.<\/p>\n<p>Los medios rusos se\u00f1alan que el presidente, Vlad\u00edmir Putin, ha firmado estos d\u00edas dos decretos secretos, uno de los cuales podr\u00eda estar relacionado con el indulto de Zimmerman.<\/p>\n<p>Con AFP, EFE y Reuters<\/p>\n","protected":false},"excerpt":{"rendered":"Un viaje poco com\u00fan del m\u00e1ximo responsable de la inteligencia exterior estadounidense a Rusia. El director\u00a0de la CIA,\u00a0John&hellip;\n","protected":false},"author":2,"featured_media":731274,"comment_status":"","ping_status":"","sticky":false,"template":"","format":"standard","meta":{"footnotes":""},"categories":[42],"tags":[17,18,51047,130091,352,629,700,13,14,7419,11,130092,61,62,63,64,19,20,9,10,15,16,1614,12,7081,21,22,7083,65,66,67],"class_list":["post-731273","post","type-post","status-publish","format-standard","has-post-thumbnail","category-internacional","tag-breaking-news","tag-breakingnews","tag-cia","tag-dmitri-peskov","tag-donald-trump","tag-estados-unidos","tag-europa","tag-featured-news","tag-featurednews","tag-guerra-en-ucrania","tag-headlines","tag-inteligencia-militar","tag-internacional","tag-international","tag-international-news","tag-internationalnews","tag-latest-news","tag-latestnews","tag-news","tag-noticias","tag-noticias-destacadas","tag-noticiasdestacadas","tag-rusia","tag-titulares","tag-ucrania","tag-ultimas-noticias","tag-ultimasnoticias","tag-vladimir-putin","tag-world","tag-world-news","tag-worldnews"],"share_on_mastodon":{"url":"https:\/\/pubeurope.com\/@es\/117159159738266579","error":""},"_links":{"self":[{"href":"https:\/\/www.europesays.com\/es\/wp-json\/wp\/v2\/posts\/731273","targetHints":{"allow":["GET"]}}],"collection":[{"href":"https:\/\/www.europesays.com\/es\/wp-json\/wp\/v2\/posts"}],"about":[{"href":"https:\/\/www.europesays.com\/es\/wp-json\/wp\/v2\/types\/post"}],"author":[{"embeddable":true,"href":"https:\/\/www.europesays.com\/es\/wp-json\/wp\/v2\/users\/2"}],"replies":[{"embeddable":true,"href":"https:\/\/www.europesays.com\/es\/wp-json\/wp\/v2\/comments?post=731273"}],"version-history":[{"count":0,"href":"https:\/\/www.europesays.com\/es\/wp-json\/wp\/v2\/posts\/731273\/revisions"}],"wp:featuredmedia":[{"embeddable":true,"href":"https:\/\/www.europesays.com\/es\/wp-json\/wp\/v2\/media\/731274"}],"wp:attachment":[{"href":"https:\/\/www.europesays.com\/es\/wp-json\/wp\/v2\/media?parent=731273"}],"wp:term":[{"taxonomy":"category","embeddable":true,"href":"https:\/\/www.europesays.com\/es\/wp-json\/wp\/v2\/categories?post=731273"},{"taxonomy":"post_tag","embeddable":true,"href":"https:\/\/www.europesays.com\/es\/wp-json\/wp\/v2\/tags?post=731273"}],"curies":[{"name":"wp","href":"https:\/\/api.w.org\/{rel}","templated":true}]}}