{"id":731361,"date":"2026-08-26T02:40:18","date_gmt":"2026-08-26T02:40:18","guid":{"rendered":"https:\/\/www.europesays.com\/es\/731361\/"},"modified":"2026-08-26T02:40:18","modified_gmt":"2026-08-26T02:40:18","slug":"matthew-mcconaughey-y-woody-harrelson-hacen-de-si-mismos-en-el-primer-trailer-de-brothers-que-se-estrena-en-menos-de-un-mes-en-apple-tv","status":"publish","type":"post","link":"https:\/\/www.europesays.com\/es\/731361\/","title":{"rendered":"Matthew McConaughey y Woody Harrelson hacen de s\u00ed mismos en el primer tr\u00e1iler de &#8216;Brothers&#8217;, que se estrena en menos de un mes en Apple TV"},"content":{"rendered":"<p>Puede que haya quien los empareje, <b>fraternalmente <\/b>hablando, <a href=\"https:\/\/www.larazon.es\/tecnologia-consumo\/series\/true-detective-de-nuevo-con-matthew-mcconaughey-y-woody-harrelson-podria-ser-una-realidad-en-un-futuro_20250603699361a59243cc133c4c6704.html\" rel=\"nofollow noopener\" target=\"_blank\">desde True Detective<\/a>, pues la <b>qu\u00edmica que ambos actores<\/b> mostraron durante la famosa serie de HBO Max fue y es a\u00fan hoy digna de menci\u00f3n, pero la amistad entre\u00a0<a href=\"https:\/\/www.larazon.es\/tecnologia-consumo\/series\/como-perder-chico-10-dias-tendra-secuela-se-espera-quekate-hudson-matthew-mcconaughey-vuelvan-interpretar-andie-ben-respectivamente_202608256a8d6442ae2f3735da1247d7.html\" rel=\"nofollow noopener\" target=\"_blank\">Matthew McConaughey<\/a> y <b>Woody Harrelson<\/b> viene de mucho m\u00e1s atr\u00e1s.<\/p>\n<p>A <b>finales de los noventa, la pel\u00edcula <\/b><b>EDtv<\/b> ya junt\u00f3 a ambos int\u00e9rpretes, quienes, curiosamente, <b>hac\u00edan el papel de dos hermanos<\/b>. Tardaron un tiempo en volver a coincidir delante de las c\u00e1maras, pero la, por otra parte olvidable, Surfer, Dude fue testigo de ello. Y ahora y tras probar en 2014 que a detectives no les gana nadie, <b>vuelven a demostrar<\/b> que <b>los hermanos no tienen por qu\u00e9 ser de los mismos padres<\/b>.<\/p>\n<p>Tr\u00e1iler y fecha<\/p>\n<p><b>O s\u00ed<\/b>, porque precisamente <b>con esa inc\u00f3gnita juega\u00a0Brothers<\/b>, la nueva <b>comedia de Apple TV<\/b> en la que <b>McConaughey y Harrelson se interpretan a s\u00ed mismos<\/b> y descubren un <b>secreto familiar<\/b> que podr\u00eda cambiar para siempre la relaci\u00f3n que mantienen desde hace d\u00e9cadas.<\/p>\n<p>Brothers contar\u00e1 con <b>ocho episodios y llegar\u00e1 a Apple TV el 23 de septiembre de 2026<\/b>, con un estreno compuesto por <b>sus dos primeros cap\u00edtulos<\/b>. A partir de entonces se lanzar\u00e1 <b>un episodio semanal<\/b> hasta el 4 de noviembre, por lo que habr\u00e1 que esperar menos de un mes para descubrir hasta d\u00f3nde llega esta disparatada investigaci\u00f3n familiar.<\/p>\n<p>Por poder&#8230;<\/p>\n<p>Todo comienza cuando <b>la hija de Woody rompe su compromiso<\/b> y este decide cargar con su familia para <b>trasladarse temporalmente al rancho de Matthew en Austin<\/b>. Lo que deber\u00eda ser una estancia para <b>ayudarles a superar el mal momento<\/b> termina complic\u00e1ndose cuando <b>Ma Mac, la madre de Matthew<\/b>, interpretada por Holland Taylor, <b>revela accidentalmente que ambos amigos podr\u00edan ser hermanos<\/b>.<\/p>\n<p>A partir de ah\u00ed, <b>Woody se lanza a investigar el pasado familiar<\/b> para descubrir si realmente existe alg\u00fan v\u00ednculo de sangre entre ellos, mientras <b>Matthew tiene que enfrentarse a un problema completamente diferente<\/b>: la posibilidad de presentarse como <b>candidato a gobernador de Texas<\/b>. La serie mezclar\u00e1 as\u00ed la b\u00fasqueda de la verdad sobre su supuesto parentesco con los problemas familiares, la fama y las particularidades de dos amigos que llevan toda una vida compartiendo experiencias.<\/p>\n","protected":false},"excerpt":{"rendered":"Puede que haya quien los empareje, fraternalmente hablando, desde True Detective, pues la qu\u00edmica que ambos actores mostraron&hellip;\n","protected":false},"author":2,"featured_media":731362,"comment_status":"","ping_status":"","sticky":false,"template":"","format":"standard","meta":{"footnotes":""},"categories":[169],"tags":[2823,177,146,147,25,24,176,6575,175,23,6879,30791],"class_list":["post-731361","post","type-post","status-publish","format-standard","has-post-thumbnail","category-cine","tag-apple","tag-cine","tag-entertainment","tag-entretenimiento","tag-es","tag-espana","tag-film","tag-matthew-mcconaughey","tag-movies","tag-spain","tag-streaming","tag-woody-harrelson"],"share_on_mastodon":{"url":"https:\/\/pubeurope.com\/@es\/117159502085622367","error":""},"_links":{"self":[{"href":"https:\/\/www.europesays.com\/es\/wp-json\/wp\/v2\/posts\/731361","targetHints":{"allow":["GET"]}}],"collection":[{"href":"https:\/\/www.europesays.com\/es\/wp-json\/wp\/v2\/posts"}],"about":[{"href":"https:\/\/www.europesays.com\/es\/wp-json\/wp\/v2\/types\/post"}],"author":[{"embeddable":true,"href":"https:\/\/www.europesays.com\/es\/wp-json\/wp\/v2\/users\/2"}],"replies":[{"embeddable":true,"href":"https:\/\/www.europesays.com\/es\/wp-json\/wp\/v2\/comments?post=731361"}],"version-history":[{"count":0,"href":"https:\/\/www.europesays.com\/es\/wp-json\/wp\/v2\/posts\/731361\/revisions"}],"wp:featuredmedia":[{"embeddable":true,"href":"https:\/\/www.europesays.com\/es\/wp-json\/wp\/v2\/media\/731362"}],"wp:attachment":[{"href":"https:\/\/www.europesays.com\/es\/wp-json\/wp\/v2\/media?parent=731361"}],"wp:term":[{"taxonomy":"category","embeddable":true,"href":"https:\/\/www.europesays.com\/es\/wp-json\/wp\/v2\/categories?post=731361"},{"taxonomy":"post_tag","embeddable":true,"href":"https:\/\/www.europesays.com\/es\/wp-json\/wp\/v2\/tags?post=731361"}],"curies":[{"name":"wp","href":"https:\/\/api.w.org\/{rel}","templated":true}]}}