{"id":731371,"date":"2026-08-26T02:45:19","date_gmt":"2026-08-26T02:45:19","guid":{"rendered":"https:\/\/www.europesays.com\/es\/731371\/"},"modified":"2026-08-26T02:45:19","modified_gmt":"2026-08-26T02:45:19","slug":"el-petroleo-cae-mas-de-un-6-tras-el-anuncio-de-la-operacion-paria-economico-contra-iran","status":"publish","type":"post","link":"https:\/\/www.europesays.com\/es\/731371\/","title":{"rendered":"El petr\u00f3leo cae m\u00e1s de un 6% tras el anuncio de la operaci\u00f3n &#8216;Paria Econ\u00f3mico&#8217; contra Ir\u00e1n"},"content":{"rendered":"<p><b>El barril de Brent, de referencia en Europa, se deja un 4% este martes, con el mercado europeo ya cerrado, y cotiza en los 88,40 d\u00f3lares<\/b>. Son ya dos d\u00edas de descensos en el oro negro, ya que el lunes cedi\u00f3 otro 2,3%, con lo que la ca\u00edda supera el 6%. Este retroceso se produce despu\u00e9s de que Estados Unidos anunciase su <a href=\"https:\/\/www.eleconomista.es\/economia\/noticias\/14009679\/08\/26\/bessent-anuncia-el-desembarco-de-normandia-financiero-contra-iran-amenaza-con-sanciones-a-los-paises-que-comercien-con-el-regimen.html\" rel=\"nofollow noopener\" target=\"_blank\">Operaci\u00f3n Paria Econ\u00f3mico contra Ir\u00e1n<\/a>, cuyo objetivo es aislar al pa\u00eds de los estados que sostienen su econom\u00eda.<\/p>\n<p><b>El mercado interpreta que Washington no espera una nueva escalada b\u00e9lica, y que, por el contrario, ha optado por presionar a Ir\u00e1n por la v\u00eda de las sanciones econ\u00f3micas<\/b>. De hecho, el New York Times inform\u00f3 este martes de que EEUU est\u00e1 preparando el regreso a Oriente Medio de sus diplom\u00e1ticos que fueron evacuados por el conflicto, lo que apoyar\u00eda la tesis de que Trump no espera que la situaci\u00f3n se recrudezca.<\/p>\n<p>La Operaci\u00f3n Paria Econ\u00f3mico, que fue presentada el lunes por el secretario del Tesoro estadounidense, Scott Bessent, <b>plantea el absoluto aislamiento econ\u00f3mico de Ir\u00e1n, proponiendo sanciones a los gobiernos que mantengan las relaciones financieras con Teher\u00e1n<\/b>.<\/p>\n<p><b>Tambi\u00e9n el barril West Texas, de referencia en Estados Unidos, cedi\u00f3 en estas dos sesiones <\/b>(m\u00e1s de un 2% el lunes, y un 3,8% el martes con datos a media sesi\u00f3n). Rondaba ayer los 81,7 d\u00f3lares.<\/p>\n<p><b>El descenso del petr\u00f3leo recort\u00f3 tambi\u00e9n las expectativas inflacionarias, y con ellas se relajaron tambi\u00e9n los rendimientos de los bonos soberanos<\/b>. El T-Note estadounidense se mov\u00eda ayer a cierre de los mercados europeos en el entorno del 4,64%, despu\u00e9s de haber tocado hace solo unos d\u00edas el 4,73%. El bono alem\u00e1n a 10 a\u00f1os rondaba el 3,19%, el franc\u00e9s el 4% y el espa\u00f1ol el 3,64%.<\/p>\n<p>No puede olvidarse que el crudo sufri\u00f3 una brusca subida en 2026 a ra\u00edz del cierre del estrecho de Ormuz por la guerra. A finales de marzo, un mes despu\u00e9s de estallar los primeros ataques, <b>el barril de Brent toc\u00f3 un m\u00e1ximo de cuatro a\u00f1os en los 118 d\u00f3lares<\/b>.<\/p>\n<p>WhatsApp<a href=\"https:\/\/api.whatsapp.com\/send?text=https:\/\/www.eleconomista.es\/mercados-cotizaciones\/noticias\/14009886\/08\/26\/el-crudo-cae-un-6-tras-el-anuncio-de-la-operacion-paria-economico-contra-iran.html?utm_source%3Dwhatsapp%26utm_medium%3Dshare_button&amp;id=1648118629957_whatsapp\" target=\"_blank\" data-action=\"share\/whatsapp\/share\" aria-label=\"Compartir en Whatsapp\" rel=\"nofollow noopener\"><\/a>Facebook<a id=\"fb-share\" href=\"#\" target=\"_blank\" rel=\"noopener noreferrer\" aria-label=\"Compartir en Facebook\"><\/a>Twitter<a href=\"https:\/\/twitter.com\/share?text=El+petr%C3%B3leo+cae+m%C3%A1s+de+un+6%25+tras+el+anuncio+de+la+operaci%C3%B3n+%27Paria+Econ%C3%B3mico%27+contra+Ir%C3%A1n&amp;url=https:\/\/www.eleconomista.es\/mercados-cotizaciones\/noticias\/14009886\/08\/26\/el-crudo-cae-un-6-tras-el-anuncio-de-la-operacion-paria-economico-contra-iran.html&amp;via=elEconomistaes&amp;id=1648118839245_twitter\" target=\"_blank\" aria-label=\"Compartir en Twitter\" rel=\"nofollow noopener\"><\/a>Linkedin<a href=\"https:\/\/linkedin.com\/share?text=https:\/\/www.eleconomista.es\/mercados-cotizaciones\/noticias\/14009886\/08\/26\/el-crudo-cae-un-6-tras-el-anuncio-de-la-operacion-paria-economico-contra-iran.html&amp;via=elEconomistaes\" target=\"_blank\" aria-label=\"Compartir en linkedin\" rel=\"nofollow noopener\"><\/a>Beloud<a href=\"https:\/\/beloud.com\/share?text=El+petr%C3%B3leo+cae+m%C3%A1s+de+un+6%25+tras+el+anuncio+de+la+operaci%C3%B3n+%27Paria+Econ%C3%B3mico%27+contra+Ir%C3%A1n&amp;url=https:\/\/www.eleconomista.es\/mercados-cotizaciones\/noticias\/14009886\/08\/26\/el-crudo-cae-un-6-tras-el-anuncio-de-la-operacion-paria-economico-contra-iran.html&amp;via=elEconomistaes&amp;id=1648118839245_beloud\" target=\"_blank\" aria-label=\"Compartir en beloud\" rel=\"nofollow noopener\"><\/a>Bluesky<a href=\"https:\/\/bsky.app\/intent\/compose?text=https:\/\/bsky.app\/intent\/compose?text=https:\/\/www.eleconomista.es\/mercados-cotizaciones\/noticias\/14009886\/08\/26\/el-crudo-cae-un-6-tras-el-anuncio-de-la-operacion-paria-economico-contra-iran.html&amp;url=https:\/\/www.eleconomista.es\/mercados-cotizaciones\/noticias\/14009886\/08\/26\/el-crudo-cae-un-6-tras-el-anuncio-de-la-operacion-paria-economico-contra-iran.html&amp;via=elEconomistaes&amp;id=1648118839245_bluesky\" target=\"_blank\" aria-label=\"Compartir en bluesky\" rel=\"nofollow noopener\"><\/a><\/p>\n<p><script async src=\"https:\/\/platform.twitter.com\/widgets.js\" charset=\"utf-8\"><\/script><\/p>\n","protected":false},"excerpt":{"rendered":"El barril de Brent, de referencia en Europa, se deja un 4% este martes, con el mercado europeo&hellip;\n","protected":false},"author":2,"featured_media":731372,"comment_status":"","ping_status":"","sticky":false,"template":"","format":"standard","meta":{"footnotes":""},"categories":[80],"tags":[2300,82,95,94,25,24,2301,23],"class_list":["post-731371","post","type-post","status-publish","format-standard","has-post-thumbnail","category-economia","tag-bolsa","tag-business","tag-economia","tag-economy","tag-es","tag-espana","tag-mercados-y-cotizaciones","tag-spain"],"share_on_mastodon":{"url":"https:\/\/pubeurope.com\/@es\/117159522160602531","error":""},"_links":{"self":[{"href":"https:\/\/www.europesays.com\/es\/wp-json\/wp\/v2\/posts\/731371","targetHints":{"allow":["GET"]}}],"collection":[{"href":"https:\/\/www.europesays.com\/es\/wp-json\/wp\/v2\/posts"}],"about":[{"href":"https:\/\/www.europesays.com\/es\/wp-json\/wp\/v2\/types\/post"}],"author":[{"embeddable":true,"href":"https:\/\/www.europesays.com\/es\/wp-json\/wp\/v2\/users\/2"}],"replies":[{"embeddable":true,"href":"https:\/\/www.europesays.com\/es\/wp-json\/wp\/v2\/comments?post=731371"}],"version-history":[{"count":0,"href":"https:\/\/www.europesays.com\/es\/wp-json\/wp\/v2\/posts\/731371\/revisions"}],"wp:featuredmedia":[{"embeddable":true,"href":"https:\/\/www.europesays.com\/es\/wp-json\/wp\/v2\/media\/731372"}],"wp:attachment":[{"href":"https:\/\/www.europesays.com\/es\/wp-json\/wp\/v2\/media?parent=731371"}],"wp:term":[{"taxonomy":"category","embeddable":true,"href":"https:\/\/www.europesays.com\/es\/wp-json\/wp\/v2\/categories?post=731371"},{"taxonomy":"post_tag","embeddable":true,"href":"https:\/\/www.europesays.com\/es\/wp-json\/wp\/v2\/tags?post=731371"}],"curies":[{"name":"wp","href":"https:\/\/api.w.org\/{rel}","templated":true}]}}