{"id":731397,"date":"2026-08-26T03:12:22","date_gmt":"2026-08-26T03:12:22","guid":{"rendered":"https:\/\/www.europesays.com\/es\/731397\/"},"modified":"2026-08-26T03:12:22","modified_gmt":"2026-08-26T03:12:22","slug":"el-incendio-del-parque-natural-de-collserola-obliga-a-desalojar-parte-de-los-vecinos-de-torre-baro-en-barcelona-noticias-de-cataluna","status":"publish","type":"post","link":"https:\/\/www.europesays.com\/es\/731397\/","title":{"rendered":"El incendio del parque natural de Collserola obliga a desalojar parte de los vecinos de Torre Bar\u00f3 en Barcelona | Noticias de Catalu\u00f1a"},"content":{"rendered":"<p class=\"\">Un <a href=\"https:\/\/elpais.com\/noticias\/incendios\/\" target=\"_self\" rel=\"nofollow noopener\" title=\"https:\/\/elpais.com\/noticias\/incendios\/\">incendio <\/a>que se ha declarado a las 15.20 de este martes quema una zona de bosque y matojos en Barcelona, sobre el barrio de Canyelles, en el parque natural de la <a href=\"https:\/\/elpais.com\/noticias\/sierra-collserola\/\" target=\"_self\" rel=\"nofollow noopener\" title=\"https:\/\/elpais.com\/noticias\/sierra-collserola\/\">sierra de Collserola<\/a>. Cerca de 200 bomberos trabajan en la zona con 17 efectivos terrestres y a\u00e9reos, despu\u00e9s de recibir m\u00e1s de 1.000 llamadas. El Ayuntamiento ha obligado a desalojar a 35 vecinos de Torre Bar\u00f3 y ha decretado el confinamiento del resto del barrio y de Ciutat Meridiana, donde viven unas 14.000 personas. El fuego ha quemado unas 35 hect\u00e1reas de terreno y durante la noche se trabajar\u00e1 para controlar algunos flancos secundarios que han quemado entre 5 y 8 hect\u00e1reas, mientras que se buscan tambi\u00e9n otros puntos calientes. <\/p>\n<p class=\"\">Protecci\u00f3 Civil ha enviado dos Es-Alert durante la tarde a los vecinos para que no salgan de sus hogares y les ha pedido que cierren puertas y ventanas. Sergi Bover, jefe de intervenci\u00f3n de los Bomberos de Barcelona, ha afirmado, durante una comparecencia a las 19.30, que \u201cel \u00fanico barrio donde el fuego podr\u00eda llegar a las casas es Ciutat Meridiana, pero estamos trabajando para que esto no pase\u201d. Efectivos de Agents Rurals investigan el origen del incendio. <\/p>\n<p class=\"\">A primera hora de la noche del martes, fuentes del Ayuntamiento de Barcelona han indicado que el fuego est\u00e1 en fase de estabilizaci\u00f3n. Los efectivos de Bomberos de la Generalitat y de Barcelona consideran que no peligran otros edificios ni se prev\u00e9n m\u00e1s desalojos. Unas 50 dotaciones terrestres refrescar\u00e1n a lo largo de esta noche las zonas del incendio y vigilar\u00e1n los flancos del fuego. Los medios a\u00e9reos volver\u00e1n para controlar la zona m\u00e1s activa a primera hora del mi\u00e9rcoles. Desde Bomberos se indic\u00f3 que el flanco izquierdo del incendio se ha trabajado con fuego t\u00e9cnico, agua y herramientas manuales y que el flanco derecho est\u00e1 detenido en una pista. <\/p>\n<p class=\"\">El fuego afectaba a media tarde justo la zona m\u00e1s al este, la de la fuente de Santa Eul\u00e0lia, en una zona por la que pasan varias l\u00edneas de alta tensi\u00f3n, que se han visto afectadas. Las carreteras de Horta a Collserola, la del Cementerio y la de Roquetes permanecen cerradas. Bover ha se\u00f1alado la esperanza de que no se produzca un cambio de viento que descontrole el incendio durante las \u00faltimas horas del d\u00eda.<\/p>\n<p class=\"\">La zona afectada linda con dos de los llamados barrios de monta\u00f1a de Barcelona, junto a la sierra de Collserola. Son zonas de matojos pero tambi\u00e9n de bosque espeso. En la zona se encuentra la antigua mas\u00eda de <a href=\"https:\/\/elpais.com\/espana\/catalunya\/2022-01-13\/can-masdeu-extiende-nuevos-proyectos-por-su-entorno-en-el-20-aniversario-de-la-ocupacion.html\" target=\"_self\" rel=\"nofollow noopener\" title=\"https:\/\/elpais.com\/espana\/catalunya\/2022-01-13\/can-masdeu-extiende-nuevos-proyectos-por-su-entorno-en-el-20-aniversario-de-la-ocupacion.html\">Can Masdeu<\/a> (hoy centro social y rodeada de huertos) y el hospital de Sant Ll\u00e0tzer.<\/p>\n<p class=\"\">La amplia columna de humo que provoca el fuego ha sido visible desde las 15.20 de este martes en la zona alta de Barcelona. Fili Bravo, vecino del barrio de Ciutat Meridiana, se ha enterado del incendio por el mensaje Es-Alert lanzado por Protecci\u00f3n Civil y, desde entonces, permanece en casa respetando el confinamiento. \u201cLa cosa me parece muy grave. No se ha limpiado nada del bosque en los \u00faltimos tiempos\u201d, ha comentado. En declaraciones a Beteve, la presidenta de la asociaci\u00f3n de vecinos de Torre Bar\u00f3, Valeria Ortiz, ha relatado el \u201cmiedo de los vecinos\u201d. <\/p>\n<p class=\"\">A las 18.30, tres horas despu\u00e9s del inicio del incendio, los servicios de emergencia acumulaban 1.074 llamadas en el tel\u00e9fono 112. Protecci\u00f3n Civil ha enviado una segunda alerta para \u201creiterar la llamada al civismo para respetar las \u00f3rdenes de las autoridades\u201d. En la extinci\u00f3n trabajan 16 medios terrestres y al menos 6 helic\u00f3pteros. Tras el confinamiento vecinal, la Guardia Urbana ha desalojado a 35 vecinos de los edificios de las calles de Castellv\u00ed y de Lli\u00e7\u00e0 de forma preventiva. Si bien el Ayuntamiento ha montado puntos de encuentro, los bomberos de Barcelona se\u00f1alan que todos los desalojados se han dirigido a otras ubicaciones. Al resto de la poblaci\u00f3n, la recomendaci\u00f3n es que no se acerque a la zona. <\/p>\n<blockquote class=\"twitter-tweet\">\n<p lang=\"ca\" dir=\"ltr\">\ud83d\udcf1 Enviem un nou Es-alert per reiterar la crida al civisme i a respectar les ordres de les autoritats:<\/p>\n<p>\ud83d\udd38 Confinament del ve\u00efnat de Ciutat Meridiana i Torre Bar\u00f3: tanqueu portes i finestres i no sortiu al carrer<br \/>\ud83d\udd38 Resta de poblaci\u00f3: no us acosteu a la zona<a href=\"https:\/\/x.com\/hashtag\/AlertaCat?src=hash&amp;ref_src=twsrc%5Etfw\" rel=\"nofollow\">#AlertaCat<\/a> <a href=\"https:\/\/x.com\/hashtag\/INFOCAT?src=hash&amp;ref_src=twsrc%5Etfw\" rel=\"nofollow\">#INFOCAT<\/a> <a href=\"https:\/\/t.co\/GQwNouI1Ey\" rel=\"nofollow\">https:\/\/t.co\/GQwNouI1Ey<\/a><\/p>\n<p>\u2014 Protecci\u00f3 civil (@emergenciescat) <a href=\"https:\/\/x.com\/emergenciescat\/status\/2092288490226499773?ref_src=twsrc%5Etfw\" rel=\"nofollow\">August 25, 2026<\/a><\/p><\/blockquote>\n<p class=\"\">El Ayuntamiento ha activado <a href=\"https:\/\/ajuntament.barcelona.cat\/premsa\/2026\/08\/25\/lajuntament-de-barcelona-activa-el-pla-dactuacio-municipal-en-fase-dalerta-per-un-incendi-forestal-actiu-a-collserola\/\" target=\"_self\" rel=\"nofollow noopener\" title=\"https:\/\/ajuntament.barcelona.cat\/premsa\/2026\/08\/25\/lajuntament-de-barcelona-activa-el-pla-dactuacio-municipal-en-fase-dalerta-per-un-incendi-forestal-actiu-a-collserola\/\">el plan de actuaci\u00f3n municipal por el incendio<\/a> (Infocat), que ya ha provocado afectaciones a la movilidad para facilitar las labores de los servicios de emergencias. Permanecen cortadas las carreteras de Horta a Cerdanyola del Vall\u00e8s y del Cementerio de Collserola. Los trenes de Rodalies han dejado de parar en la estaci\u00f3n de Torre Bar\u00f3 para desincentivar la movilidad en la zona. Los Bomberos de la Generalitat dan apoyo a los de la ciudad de Barcelona en las tareas de extinci\u00f3n del incendio, con cinco medios a\u00e9reos y tres veh\u00edculos de agua. <\/p>\n<p class=\"\">El pulm\u00f3n verde que une la capital catalana con la vecina comarca del Vall\u00e8s, con zonas de bosque, cultivo y n\u00facleos habitados, tambi\u00e9n es considerado una zona de alto riesgo para la proliferaci\u00f3n de la <a href=\"https:\/\/elpais.com\/noticias\/peste-porcina\/\" target=\"_self\" rel=\"nofollow noopener\" title=\"https:\/\/elpais.com\/noticias\/peste-porcina\/\">peste porcina africana (PPA)<\/a>. Por ello, Agentes Rurales han activado los protocolos de bioseguridad y de desinfecci\u00f3n para veh\u00edculos y equipos de los servicios de emergencias que trabajan en el entorno. La preocupaci\u00f3n llega pocos d\u00edas despu\u00e9s de que el <a href=\"https:\/\/web.gencat.cat\/es\/ciutadania\/agricultura-ramaderia-pesca-alimentacio\" target=\"_self\" rel=\"nofollow noopener\" title=\"https:\/\/web.gencat.cat\/es\/ciutadania\/agricultura-ramaderia-pesca-alimentacio\">Departamento de Agricultura, Ganader\u00eda, Pesca y Alimentaci\u00f3n<\/a> informara de que, por primera vez desde que se inici\u00f3 la peste porcina africana (PPA), el pasado mes de noviembre, no se hab\u00eda registrado ning\u00fan nuevo caso positivo en la zona de alto riesgo durante la \u00faltima semana. <\/p>\n<p class=\"\">Este es <a href=\"https:\/\/elpais.com\/espana\/catalunya\/2026-08-14\/los-bomberos-trabajan-en-un-incendio-en-el-parque-de-collserola-en-esplugues-de-llobregat.html\" target=\"_self\" rel=\"nofollow noopener\" title=\"https:\/\/elpais.com\/espana\/catalunya\/2026-08-14\/los-bomberos-trabajan-en-un-incendio-en-el-parque-de-collserola-en-esplugues-de-llobregat.html\">el segundo incendio de la sierra de Collserola<\/a> en el mes de agosto. El d\u00eda 14 de agosto, a las 15.40, otro fuego se declar\u00f3 en la monta\u00f1a de Sant Pere M\u00e0rtir, a la altura de Esplugues de Llobregat. El fuego, que quem\u00f3 10 hect\u00e1reas, oblig\u00f3 al Ayuntamiento tambi\u00e9n a confinar durante unas horas el barrio de Can Caralleu y desaloj\u00f3 el restaurante Espai Mireia por precauci\u00f3n. La Guardia Urbana detuvo a un hombre por su presunta relaci\u00f3n con el fuego en las inmediaciones de la avenida Pearson, cerca de donde se origin\u00f3. <\/p>\n","protected":false},"excerpt":{"rendered":"Un incendio que se ha declarado a las 15.20 de este martes quema una zona de bosque y&hellip;\n","protected":false},"author":2,"featured_media":731398,"comment_status":"","ping_status":"","sticky":false,"template":"","format":"standard","meta":{"footnotes":""},"categories":[8],"tags":[21376,210,4343,12341,17,18,1980,25,24,13,14,32055,11,4342,8877,19,20,9,10,15,16,125978,23,12,21,22],"class_list":["post-731397","post","type-post","status-publish","format-standard","has-post-thumbnail","category-espana","tag-ayuntamiento-barcelona","tag-barcelona","tag-bomberos","tag-bosques","tag-breaking-news","tag-breakingnews","tag-cataluna","tag-es","tag-espana","tag-featured-news","tag-featurednews","tag-guardia-urbana","tag-headlines","tag-incendios","tag-incendios-forestales","tag-latest-news","tag-latestnews","tag-news","tag-noticias","tag-noticias-destacadas","tag-noticiasdestacadas","tag-nou-barris","tag-spain","tag-titulares","tag-ultimas-noticias","tag-ultimasnoticias"],"share_on_mastodon":{"url":"https:\/\/pubeurope.com\/@es\/117159627604937094","error":""},"_links":{"self":[{"href":"https:\/\/www.europesays.com\/es\/wp-json\/wp\/v2\/posts\/731397","targetHints":{"allow":["GET"]}}],"collection":[{"href":"https:\/\/www.europesays.com\/es\/wp-json\/wp\/v2\/posts"}],"about":[{"href":"https:\/\/www.europesays.com\/es\/wp-json\/wp\/v2\/types\/post"}],"author":[{"embeddable":true,"href":"https:\/\/www.europesays.com\/es\/wp-json\/wp\/v2\/users\/2"}],"replies":[{"embeddable":true,"href":"https:\/\/www.europesays.com\/es\/wp-json\/wp\/v2\/comments?post=731397"}],"version-history":[{"count":0,"href":"https:\/\/www.europesays.com\/es\/wp-json\/wp\/v2\/posts\/731397\/revisions"}],"wp:featuredmedia":[{"embeddable":true,"href":"https:\/\/www.europesays.com\/es\/wp-json\/wp\/v2\/media\/731398"}],"wp:attachment":[{"href":"https:\/\/www.europesays.com\/es\/wp-json\/wp\/v2\/media?parent=731397"}],"wp:term":[{"taxonomy":"category","embeddable":true,"href":"https:\/\/www.europesays.com\/es\/wp-json\/wp\/v2\/categories?post=731397"},{"taxonomy":"post_tag","embeddable":true,"href":"https:\/\/www.europesays.com\/es\/wp-json\/wp\/v2\/tags?post=731397"}],"curies":[{"name":"wp","href":"https:\/\/api.w.org\/{rel}","templated":true}]}}