{"id":731445,"date":"2026-08-26T04:08:32","date_gmt":"2026-08-26T04:08:32","guid":{"rendered":"https:\/\/www.europesays.com\/es\/731445\/"},"modified":"2026-08-26T04:08:32","modified_gmt":"2026-08-26T04:08:32","slug":"abonate-a-volver-el-cb-gran-canaria-presenta-la-campana-de-abonados-26-27","status":"publish","type":"post","link":"https:\/\/www.europesays.com\/es\/731445\/","title":{"rendered":"\u00abAb\u00f3nate a volver\u00bb: el CB Gran Canaria presenta la campa\u00f1a de abonados 26\/27"},"content":{"rendered":"<p><img decoding=\"async\" class=\"v-ath__i\" loading=\"lazy\" src=\"https:\/\/www.europesays.com\/es\/wp-content\/uploads\/2026\/08\/autor-7145-foto-1.jpeg\" alt=\"Jorge Rivero Pablos\"\/><\/p>\n<p>24\/08\/2026<\/p>\n<p>Actualizado a las 16:20h.<\/p>\n<p class=\"v-d-p\" style=\"\">Tras el golpe demoledor que supuso el descenso de categor\u00eda del conjunto claretiano la pasada temporada, despu\u00e9s de m\u00e1s de 30 a\u00f1os en la \u00e9lite del baloncesto espa\u00f1ol, el Granca se encuentra de lleno en la pretemporada en su camino de regreso al lugar donde merece estar. Un camino que contin\u00faa con la ansiada campa\u00f1a de abonados que <strong>comienza este lunes<\/strong>. <\/p>\n<p class=\"v-d-p\" style=\"\">El camino es tortuoso, pero comienza por la reconstrucci\u00f3n en todos los niveles. Con la base forjada a base de una plantilla con un cartel que le convierte en <strong>uno de los m\u00e1ximos favoritos para lograr el ascenso de categor\u00eda a la ACB<\/strong>. El siguiente paso es la campa\u00f1a de abonados, en busca mantener fiel a una afici\u00f3n que jugar\u00e1 un papel esencial en esta nueva temporada. <\/p>\n<p class=\"v-d-p\" style=\"\">La ruta ya est\u00e1 marcada para la nueva campa\u00f1a, y estas son las fechas grabadas a fuego: del 24 de agosto al 9 de septiembre tendr\u00e1 lugar el proceso de renovaci\u00f3n de los abonados, adem\u00e1s de ser el plazo l\u00edmite para solicitar bajas. Los d\u00edas 10 y 11 de septiembre se abrir\u00e1 el turno para la mejora de asientos. <strong>No ser\u00e1 hasta el 14 de septiembre cuando comience la campa\u00f1a de nuevos abonados<\/strong>, dirigida a quienes quieran sumarse a esta nueva oportunidad del conjunto claretiano de resurgir de sus cenizas.<\/p>\n<p class=\"v-d-p\" style=\"\">Uno de los temas m\u00e1s recurrentes en estas campa\u00f1as es el de <strong>los precios<\/strong>. En este caso, tal y como afirma el Granca en sus redes, los abonos ser\u00e1n los m\u00e1s baratos de la categor\u00eda. Las tarifas van desde los 40 hasta los 110 euros en el nivel Joven; y desde los 55 euros \u2014en el fondo del tercer anillo\u2014 hasta los 850 euros \u2014en la zona VIP lateral\u2014 en el sector Adulto.<\/p>\n<p>\nDescenso de categor\u00eda y de precios\n<\/p>\n<p class=\"v-d-p\" style=\"\">La comparaci\u00f3n de precios respecto a la \u00faltima temporada es notable. Este a\u00f1o, las tarifas oscilan seg\u00fan la zona del pabell\u00f3n entre los 55 y los 820 euros, unos precios claramente inferiores \u2014<strong>entre un 25% y un 45% m\u00e1s baratos<\/strong>\u2014 si se comparan con los de la pasada campa\u00f1a, cuando los abonos iban desde los 100 hasta los 1.000 euros seg\u00fan ubicaci\u00f3n.<\/p>\n","protected":false},"excerpt":{"rendered":"24\/08\/2026 Actualizado a las 16:20h. Tras el golpe demoledor que supuso el descenso de categor\u00eda del conjunto claretiano&hellip;\n","protected":false},"author":2,"featured_media":731446,"comment_status":"","ping_status":"","sticky":false,"template":"","format":"standard","meta":{"footnotes":""},"categories":[269],"tags":[92622,663,130115,299,298,658,7221,168,25,24,3956,2782,23,167,865],"class_list":["post-731445","post","type-post","status-publish","format-standard","has-post-thumbnail","category-baloncesto","tag-92622","tag-abonados","tag-abonate","tag-baloncesto","tag-basketball","tag-campana","tag-canaria","tag-deportes","tag-es","tag-espana","tag-gran","tag-presenta","tag-spain","tag-sports","tag-volver"],"share_on_mastodon":{"url":"https:\/\/pubeurope.com\/@es\/117159849087973376","error":""},"_links":{"self":[{"href":"https:\/\/www.europesays.com\/es\/wp-json\/wp\/v2\/posts\/731445","targetHints":{"allow":["GET"]}}],"collection":[{"href":"https:\/\/www.europesays.com\/es\/wp-json\/wp\/v2\/posts"}],"about":[{"href":"https:\/\/www.europesays.com\/es\/wp-json\/wp\/v2\/types\/post"}],"author":[{"embeddable":true,"href":"https:\/\/www.europesays.com\/es\/wp-json\/wp\/v2\/users\/2"}],"replies":[{"embeddable":true,"href":"https:\/\/www.europesays.com\/es\/wp-json\/wp\/v2\/comments?post=731445"}],"version-history":[{"count":0,"href":"https:\/\/www.europesays.com\/es\/wp-json\/wp\/v2\/posts\/731445\/revisions"}],"wp:featuredmedia":[{"embeddable":true,"href":"https:\/\/www.europesays.com\/es\/wp-json\/wp\/v2\/media\/731446"}],"wp:attachment":[{"href":"https:\/\/www.europesays.com\/es\/wp-json\/wp\/v2\/media?parent=731445"}],"wp:term":[{"taxonomy":"category","embeddable":true,"href":"https:\/\/www.europesays.com\/es\/wp-json\/wp\/v2\/categories?post=731445"},{"taxonomy":"post_tag","embeddable":true,"href":"https:\/\/www.europesays.com\/es\/wp-json\/wp\/v2\/tags?post=731445"}],"curies":[{"name":"wp","href":"https:\/\/api.w.org\/{rel}","templated":true}]}}