{"id":731469,"date":"2026-08-26T04:23:23","date_gmt":"2026-08-26T04:23:23","guid":{"rendered":"https:\/\/www.europesays.com\/es\/731469\/"},"modified":"2026-08-26T04:23:23","modified_gmt":"2026-08-26T04:23:23","slug":"el-hartazgo-de-miles-de-ceuties-estalla-y-obliga-al-mando-unico-de-torres-a-recular-los-invasores-no-ocuparan-los-polideportivos","status":"publish","type":"post","link":"https:\/\/www.europesays.com\/es\/731469\/","title":{"rendered":"El hartazgo de miles de ceut\u00edes estalla y obliga al Mando \u00danico de Torres a recular: los invasores no ocupar\u00e1n los polideportivos"},"content":{"rendered":"<p id=\"paragraph_1\">Los ceut\u00edes dijeron basta. Este martes, 26 d\u00edas despu\u00e9s de la invasi\u00f3n masiva y en el primer d\u00eda del <a data-forcefollow=\"false\" data-sponsored=\"false\" href=\"https:\/\/www.elespanol.com\/espana\/politica\/20260825\/gobierno-mantendra-diciembre-situacion-interes-seguridad-nacional-ceuta\/1003744362317_0.html?utm_cmp_rs=linksinline\" rel=\"nofollow noopener\" target=\"_blank\">Mando \u00danico<\/a> decretado por el Gobierno, <strong>miles de caballas se echaron a las calles de Ceuta<\/strong> para rechazar la primera decisi\u00f3n de este departamento coordinador.<\/p>\n<p class=\"paragraph\" id=\"paragraph_2\">El Mando \u00danico pretend\u00eda tomar el control de los polideportivos y cuarteles de la ciudad aut\u00f3noma para trasladar a parte de los aproximadamente 10.000 migrantes que permanecen, casi un mes despu\u00e9s del salto masivo, en las calles de Ceuta.<\/p>\n<p class=\"paragraph\" id=\"paragraph_3\">Lo que iba a ser una concentraci\u00f3n vecinal espont\u00e1nea promovida por grupos de WhatsApp frente al cuartel Fiscer, por la intenci\u00f3n de mover a migrantes a este recinto militar, <strong>se convirti\u00f3 en una marcha multitudinaria de indignaci\u00f3n que recorri\u00f3 toda la ciudad<\/strong>.<\/p>\n<p><img decoding=\"async\" alt=\"Un vecino de Ceuta se enfrenta a migrantes que se refugiaron en un autob\u00fas al paso de la marcha.\" data-imgm=\"true\" height=\"960\" loading=\"lazy\"  src=\"https:\/\/www.europesays.com\/es\/wp-content\/uploads\/2026\/08\/h:960&#038;h=DAkSszXK.jpeg\"  width=\"1706\"\/><\/p>\n<p>                                                            Un vecino de Ceuta se enfrenta a migrantes que se refugiaron en un autob\u00fas al paso de la marcha.<\/p>\n<p>                    Rafa Mart\u00ed<\/p>\n<p class=\"paragraph\" id=\"paragraph_4\">De esta manera, unas 2.000 personas con banderas espa\u00f1olas y ceut\u00edes tomaron las calles del centro y llegaron a acorralar el hotel en el que el ministro<strong> \u00c1ngel V\u00edctor Torres<\/strong>, m\u00e1xima autoridad del Mando \u00danico, com\u00eda con el delegado del Gobierno, <strong>Miguel \u00c1ngel P\u00e9rez<\/strong>.<\/p>\n<p class=\"paragraph\" id=\"paragraph_5\">Al grito de <strong>\u00abCeuta no es un CETI\u00bb<\/strong>, los manifestantes amagaron con entrar al alojamiento por la fuerza pero un cord\u00f3n policial se lo impidi\u00f3. Las escenas de tensi\u00f3n se quedaron en intercambios verbales.<\/p>\n<p class=\"paragraph\" id=\"paragraph_6\">El ministro hab\u00eda viajado este mismo martes a la ciudad aut\u00f3noma para ponerse al frente del Mando \u00danico. Como su m\u00e1ximo responsable, tiene las funciones de <strong>\u00abcoordinar los recursos movilizados\u00bb<\/strong>, determinar las \u00abprioridades\u00bb en su asignaci\u00f3n, as\u00ed como \u00abgarantizar la integraci\u00f3n de las dimensiones humanitaria, asistencial, fronteriza, de seguridad, administrativa y de cooperaci\u00f3n exterior\u00bb, entre otras.<\/p>\n<p class=\"paragraph\" id=\"paragraph_7\">Torres tambi\u00e9n es el encargado de <strong>\u00abcoordinar los apoyos log\u00edsticos necesarios en centros o instalaciones situados en otros puntos del territorio nacional\u00bb<\/strong>, de mantener informado al CSN y de solicitar, si fuera necesario, \u00abapoyos internacionales\u00bb.<\/p>\n<p>\u00abLos polideportivos, para nuestros ni\u00f1os\u00bb<\/p>\n<p class=\"paragraph\" id=\"paragraph_8\">La primera y pol\u00e9mica medida de Torres, que desat\u00f3 esta reacci\u00f3n de la ciudadan\u00eda, era la de tomar el control de las instalaciones deportivas de la ciudad para albergar migrantes.<strong> \u00abLos polideportivos, para nuestros ni\u00f1os\u00bb<\/strong>, gritaban los manifestantes, que forzaron al ministro a salir, presuntamente, por la puerta trasera del hotel en un coche oficial.<\/p>\n<p><img loading=\"lazy\" decoding=\"async\" alt=\"Consejo de Seguridad Nacional, hoy.\" height=\"240\" src=\"https:\/\/www.europesays.com\/es\/wp-content\/uploads\/2026\/08\/1787718198_62_h:240&#038;h=vkGaTFqD.jpeg\" width=\"320\" data-lazy-status=\"processed\" data-lazy-info=\"remove loading item 1\"\/><\/p>\n<p class=\"paragraph\" id=\"paragraph_9\">La movilizaci\u00f3n emprendi\u00f3 entonces un largo recorrido que sali\u00f3 del centro hacia las barriadas, con el fin de solidarizarse con estos vecinos.<\/p>\n<p class=\"paragraph\" id=\"paragraph_10\">Son ellos quienes han visto c\u00f3mo sus barrios, de la noche a la ma\u00f1ana, se han llenado de migrantes<strong> alojados en campamentos improvisados, o en los montes y en los parques<\/strong>, generando una situaci\u00f3n de inseguridad e insalubridad (por la basura que generan).<\/p>\n<p class=\"paragraph\" id=\"paragraph_11\">Dunia, una vecina del cuartel Fiscer, aseguraba a este peri\u00f3dico que hay que diferenciar entre que los chavales \u00abden pena\u00bb y no tengan la culpa con la situaci\u00f3n que est\u00e1n viviendo la ciudad y sus vecinos. <strong>\u00abNo podemos m\u00e1s\u00bb<\/strong>, dec\u00eda entre l\u00e1grimas. \u00abHoy somos nosotros y ma\u00f1ana otro barrio\u00bb.<\/p>\n<p class=\"paragraph\" id=\"paragraph_12\">El objetivo de los manifestantes era llegar a la<strong> Loma Colmenar<\/strong>, donde se ha instalado un campamento militar que alberga a cientos de migrantes, a quienes quer\u00edan mostrar su rechazo a que sigan en territorio espa\u00f1ol.<\/p>\n<p><img decoding=\"async\" alt=\"Imagen del campamento en la Loma Colmenar de Ceuta.\" data-imgm=\"true\" height=\"960\" loading=\"lazy\"  src=\"https:\/\/www.europesays.com\/es\/wp-content\/uploads\/2026\/08\/h:960&#038;h=ooItvnBr.jpeg\"  width=\"1706\"\/><\/p>\n<p>                                                            Imagen del campamento en la Loma Colmenar de Ceuta.<\/p>\n<p>                    Rafa Mart\u00ed<\/p>\n<p class=\"paragraph\" id=\"paragraph_13\">Esto gener\u00f3 <strong>escenas de tensi\u00f3n entre quienes protestaban y algunos grupos de j\u00f3venes marroqu\u00edes <\/strong>que a\u00fan deambulan por Ceuta. A lo largo de la marcha, los manifestantes gritaban <strong>\u00abinvasores, expulsi\u00f3n\u00bb<\/strong> al cruzarse con ellos.<\/p>\n<p class=\"paragraph\" id=\"paragraph_14\">En algunos casos, los migrantes<strong> respondieron con provocaciones<\/strong>, burlas y risas en la lejan\u00eda, lo que caus\u00f3 la respuesta verbal de muchos vecinos, que descargaron la rabia y frustraci\u00f3n acumuladas a lo largo de estos 26 d\u00edas sin una soluci\u00f3n a la vista de la crisis.<\/p>\n<p class=\"paragraph\" id=\"paragraph_15\">La propia Polic\u00eda Nacional que escoltaba la manifestaci\u00f3n <strong>se encarg\u00f3 de disolver a estos grupos de migrantes<\/strong> mientras los manifestantes jaleaban a los agentes para que los echaran a Marruecos.<\/p>\n<p class=\"paragraph\" id=\"paragraph_16\">Cuando los manifestantes o la Polic\u00eda se acercaban a ellos, de hecho, <strong>sal\u00edan despavoridos<\/strong>, mientras otros miraban at\u00f3nitos, al fin, la reacci\u00f3n airada de los ceut\u00edes.<\/p>\n<p>  <img decoding=\"async\" src=\"https:\/\/www.europesays.com\/es\/wp-content\/uploads\/2026\/08\/20260825_ceuta_ub_desk.png\"\/><br \/>\nVivas pide \u00abimaginaci\u00f3n\u00bb<\/p>\n<p class=\"paragraph\" id=\"paragraph_17\">La marcha, que cada vez fue sumando m\u00e1s gente y <strong>cosech\u00f3 el aplauso de los balcones y de los veh\u00edculos que esperaban pacientemente la reapertura de la circulaci\u00f3n<\/strong>, se dirigi\u00f3 finalmente hacia el Parador Nacional, donde se aloja el ministro Torres.<\/p>\n<p class=\"paragraph\" id=\"paragraph_18\">Tras cinco horas de manifestaci\u00f3n y de colapsar el centro de Ceuta, los caballas lograron que el Mando \u00danico se echara atr\u00e1s en su decisi\u00f3n de usar los polideportivos como soluci\u00f3n de alojamiento para los miles de migrantes que siguen en Ceuta. Para los ceut\u00edes s\u00f3lo hay una alternativa: la expulsi\u00f3n.<\/p>\n<p class=\"paragraph\" id=\"paragraph_19\">De forma paralela, el presidente de la ciudad aut\u00f3noma,<strong> Juan Jes\u00fas Vivas<\/strong>, se dio un ba\u00f1o de masas en la misma Plaza de \u00c1frica donde se concentraba el grueso de la manifestaci\u00f3n, aunque no particip\u00f3 en ella.<\/p>\n<p><img decoding=\"async\" alt=\"El presidente Juan Jes\u00fas Vivas, en la noche de este martes.\" data-imgm=\"true\" height=\"960\" loading=\"lazy\"  src=\"https:\/\/www.europesays.com\/es\/wp-content\/uploads\/2026\/08\/h:960&#038;h=etoLRPp2.jpeg\"  width=\"1706\"\/><\/p>\n<p>                                                            El presidente Juan Jes\u00fas Vivas, en la noche de este martes.<\/p>\n<p>                    Gobierno de Ceuta<\/p>\n<p class=\"paragraph\" id=\"paragraph_20\">En declaraciones a EL ESPA\u00d1OL, Vivas asegur\u00f3, tras reunirse con el ministro Torres, que le hab\u00eda pedido <strong>\u00abimaginaci\u00f3n\u00bb<\/strong> en las soluciones a la crisis, tras mostrar su oposici\u00f3n al uso de los polideportivos.<\/p>\n<p class=\"paragraph\" id=\"paragraph_21\">\u00abHay que tener en cuenta esta reacci\u00f3n . Estamos hablando de una ciudad que sufri\u00f3 una invasi\u00f3n, que vio interrumpida su normalidad y que vive, desde hace casi un mes, con el alma en vilo. <strong>No se puede generar m\u00e1s tensi\u00f3n<\/strong>. Lo de los polideportivos era una obviedad\u00bb, asegur\u00f3.<\/p>\n<p class=\"paragraph\" id=\"paragraph_22\">Por otra parte, manifest\u00f3 su deseo de que el Mando \u00danico <strong>\u00abse ponga las pilas\u00bb<\/strong> y se mostr\u00f3 confiado en que comiencen a verse cambios en los pr\u00f3ximos d\u00edas.<\/p>\n<p><img decoding=\"async\" alt=\"Los manifestantes, frente al Parador Nacional de Ceuta.\" data-imgm=\"true\" height=\"960\" loading=\"lazy\"  src=\"https:\/\/www.europesays.com\/es\/wp-content\/uploads\/2026\/08\/h:960&#038;h=qvX_xYdn.jpeg\"  width=\"1706\"\/><\/p>\n<p>                                                            Los manifestantes, frente al Parador Nacional de Ceuta.<\/p>\n<p>                    Rafa Mart\u00ed<\/p>\n<p>Cargas en el reparto de comida<\/p>\n<p class=\"paragraph\" id=\"paragraph_23\">De forma paralela, mientras la ola de indignaci\u00f3n recorr\u00eda las calles de Ceuta, en la playa de El Trampol\u00edn, una de las ubicaciones temporales para los migrantes, <strong>la Polic\u00eda carg\u00f3 contra ellos tras producirse des\u00f3rdenes p\u00fablicos<\/strong> en el ya habitual reparto de comida de las tardes.<\/p>\n<p class=\"paragraph\" id=\"paragraph_24\"><strong>Cruz Roja<\/strong> tuvo que interrumpir la ayuda humanitaria cuando estallaron los choques en el momento en que la Polic\u00eda organizaba las filas de migrantes. Se desconoce cu\u00e1l fue el detonante.<\/p>\n<p class=\"paragraph\" id=\"paragraph_25\">En ese momento, se encontraban cerca de <strong>4.000 personas en la playa<\/strong>, lo que provoc\u00f3 el caos y que los agentes tuvieran que emplear gas lacrim\u00f3geno. Numerosos migrantes huyeron corriendo de la zona hacia sus asentamientos improvisados.<\/p>\n","protected":false},"excerpt":{"rendered":"Los ceut\u00edes dijeron basta. Este martes, 26 d\u00edas despu\u00e9s de la invasi\u00f3n masiva y en el primer d\u00eda&hellip;\n","protected":false},"author":2,"featured_media":731470,"comment_status":"","ping_status":"","sticky":false,"template":"","format":"standard","meta":{"footnotes":""},"categories":[8],"tags":[17,18,4486,25,24,13,14,11,40209,19,20,9,10,15,16,4286,23,12,21,22],"class_list":["post-731469","post","type-post","status-publish","format-standard","has-post-thumbnail","category-espana","tag-breaking-news","tag-breakingnews","tag-ceuta","tag-es","tag-espana","tag-featured-news","tag-featurednews","tag-headlines","tag-inmigracion-ilegal","tag-latest-news","tag-latestnews","tag-news","tag-noticias","tag-noticias-destacadas","tag-noticiasdestacadas","tag-reportajes","tag-spain","tag-titulares","tag-ultimas-noticias","tag-ultimasnoticias"],"share_on_mastodon":{"url":"https:\/\/pubeurope.com\/@es\/117159907243870392","error":""},"_links":{"self":[{"href":"https:\/\/www.europesays.com\/es\/wp-json\/wp\/v2\/posts\/731469","targetHints":{"allow":["GET"]}}],"collection":[{"href":"https:\/\/www.europesays.com\/es\/wp-json\/wp\/v2\/posts"}],"about":[{"href":"https:\/\/www.europesays.com\/es\/wp-json\/wp\/v2\/types\/post"}],"author":[{"embeddable":true,"href":"https:\/\/www.europesays.com\/es\/wp-json\/wp\/v2\/users\/2"}],"replies":[{"embeddable":true,"href":"https:\/\/www.europesays.com\/es\/wp-json\/wp\/v2\/comments?post=731469"}],"version-history":[{"count":0,"href":"https:\/\/www.europesays.com\/es\/wp-json\/wp\/v2\/posts\/731469\/revisions"}],"wp:featuredmedia":[{"embeddable":true,"href":"https:\/\/www.europesays.com\/es\/wp-json\/wp\/v2\/media\/731470"}],"wp:attachment":[{"href":"https:\/\/www.europesays.com\/es\/wp-json\/wp\/v2\/media?parent=731469"}],"wp:term":[{"taxonomy":"category","embeddable":true,"href":"https:\/\/www.europesays.com\/es\/wp-json\/wp\/v2\/categories?post=731469"},{"taxonomy":"post_tag","embeddable":true,"href":"https:\/\/www.europesays.com\/es\/wp-json\/wp\/v2\/tags?post=731469"}],"curies":[{"name":"wp","href":"https:\/\/api.w.org\/{rel}","templated":true}]}}