{"id":731555,"date":"2026-08-26T05:46:19","date_gmt":"2026-08-26T05:46:19","guid":{"rendered":"https:\/\/www.europesays.com\/es\/731555\/"},"modified":"2026-08-26T05:46:19","modified_gmt":"2026-08-26T05:46:19","slug":"vicky-martin-berrocal-primeras-fotos-junto-a-javier-cabrera-en-una-cita-muy-especial-para-la-disenadora","status":"publish","type":"post","link":"https:\/\/www.europesays.com\/es\/731555\/","title":{"rendered":"Vicky Mart\u00edn Berrocal, primeras fotos junto a Javier Cabrera en una cita muy especial para la dise\u00f1adora"},"content":{"rendered":"<p id=\"eYOXjfiVn3f\" data-wc=\"129\">\u00abSi yo pudiera parar las manillas del reloj del tiempo\u2026 repetir\u00eda una y otra vez cada uno de estos momentos\u00bb, es lo que <strong>Vicky Mart\u00edn Berrocal<\/strong> escrib\u00eda en su perfil d\u00edas despu\u00e9s de <strong>la peregrinaci\u00f3n de la Venida de la Virgen del Roc\u00edo<\/strong>, <a class=\"hm-link ho-link\" href=\"https:\/\/www.hola.com\/moda\/20260825919759\/vicky-martin-berrocal-vaqueros-deportivas-preferidas-viaje-a-colombia-el-rocio\/\" data-mrf-recirculation=\"article-body-link\" rel=\"nofollow noopener\" target=\"_blank\">que disfrut\u00f3, la semana pasada<\/a>, en la mejor compa\u00f1\u00eda: junto a su madre, Victoria; su hermana, Roc\u00edo, y su hija, Alba D\u00edaz, que recientemente confesaba haber sufrido un fuerte ataque de ansiedad en una de las noches que pasaba en familia -\u00abSupongo que a veces puedes estar s\u00faper feliz, rodeada de gente que te quiere y a la que quieres, en tu sitio favorito pas\u00e1ndolo incre\u00edble, y aun as\u00ed tener cosas dentro que necesitan un poquito de atenci\u00f3n\u00bb, explicaba, compartiendo una sincera reflexi\u00f3n con sus seguidores-.\u00a0<\/p>\n<p id=\"eeZojymDODd\" data-wc=\"75\">Estuvieron en la casa que tienen en El Roc\u00edo para vivir el traslado de la virgen hasta Almonte, que se repite cada siete a\u00f1os; y en el camino, la dise\u00f1adora estuvo acompa\u00f1ada por sus amigas Eva Gonz\u00e1lez y Carla Pereyra, pero destac\u00f3 la presencia de <strong>Javier Cabrera<\/strong>, el empresario malague\u00f1o <a class=\"hm-link ho-link\" href=\"https:\/\/www.hola.com\/actualidad\/20260723914422\/primeras-imagenes-vicky-martin-berrocal\/\" data-mrf-recirculation=\"article-body-link\" rel=\"nofollow noopener\" target=\"_blank\">con quien se la relaciona desde el pasado mes de julio\u00a0<\/a>y que, como se ve en estas im\u00e1genes, forma parte de su c\u00edrculo cercano.<\/p>\n<p>  <img src=\"https:\/\/www.europesays.com\/es\/wp-content\/uploads\/2026\/08\/26f0991be55c-lap09217017cut.jpg\"   width=\"1080\" height=\"1080\" loading=\"lazy\" decoding=\"async\" alt=\"En la imagen, la dise\u00f1adora junto al empresario malague\u00f1o Javier Cabrera, con quien se la relaciona desde el pasado mes de julio\" fetchpriority=\"auto\" class=\"image ho-image\"\/>\u00a9 LAGENCIAEn la imagen, la dise\u00f1adora junto al empresario malague\u00f1o Javier Cabrera, con quien se la relaciona desde el pasado mes de julio<\/p>\n<p id=\"e_FUeI6WnCd\" data-wc=\"54\">Despu\u00e9s de que Vicky asistiera al cumplea\u00f1os de Cabrera, comenzaron los rumores de que entre ellos <strong>podr\u00eda haber algo m\u00e1s que una simple amistad<\/strong> -seg\u00fan public\u00f3 Vanitatis-, puesto que, entre ellos, hab\u00eda mucha sinton\u00eda, si bien es cierto que evitaron demasiado c\u00f3mplices y ninguno de los dos ha querido ni confirmar ni desmentir nada.<\/p>\n<p id=\"egbEINLA9Mk\" data-wc=\"61\">La \u00faltima relaci\u00f3n p\u00fablica de la empresaria fue Enrique Sol\u00eds, con quien rompi\u00f3 en junio de 2024 -como adelantamos en primicia-, despu\u00e9s de descubrirse su relaci\u00f3n en febrero de ese mismo a\u00f1o; y anteriormente, con el empresario portugu\u00e9s Jo\u00e3o Viegas Soares. Un noviazgo de tres a\u00f1os que lleg\u00f3 a su fin a principios del 2022, como pudimos conocer entonces por \u00abdesgaste\u00bb.\u00a0<\/p>\n<p id=\"ewyJEzIFQh\" data-wc=\"17\">Ahora, parece, que, de ser ciertos los rumores, Vicky habr\u00eda recuperado la sonrisa al lado de Javier.\u00a0<\/p>\n<p>  <img src=\"https:\/\/www.europesays.com\/es\/wp-content\/uploads\/2026\/08\/3f30a06a91a0-lap09217013.jpg\"   width=\"1080\" height=\"1800\" loading=\"lazy\" decoding=\"async\" alt=\"Im\u00e1genes de Vicky con Javier Cabrera\" fetchpriority=\"auto\" class=\"image ho-image\"\/>\u00a9 LAGENCIA<\/p>\n<p>Empresario y malague\u00f1o: qui\u00e9n es Javier Cabrera<\/p>\n<p id=\"eqOA1GkB3gc\" data-wc=\"34\">Javier es un destacado empresario malague\u00f1o, de 51 a\u00f1os, ajeno al papel couch\u00e9.\u00a0Quienes lo conocen dicen que es reservado y discreto, aunque, ahora, ha pasado al primer plano por su cercan\u00eda a Vicky.\u00a0<\/p>\n<p id=\"e3WTCviBhaq\" data-wc=\"75\">Consejero delegado de Grupo Solar Lighting (GSL), se dedica al sector energ\u00e9tico desde hace m\u00e1s de veinte a\u00f1os, una vocaci\u00f3n que lleva en la sangre. Su familia puso en pie Sistem Melesur, una ingenier\u00eda especializada en infraestructuras el\u00e9ctricas que, despu\u00e9s, vendieron por alrededor 60 millones de euros, aunque se quedaron con el \u00e1rea vinculada a la innovaci\u00f3n y a las energ\u00edas renovables -de donde surgi\u00f3 la compa\u00f1\u00eda que hoy dirige y que se expande internacionalmente-.\u00a0<\/p>\n<p>  <img src=\"https:\/\/www.europesays.com\/es\/wp-content\/uploads\/2026\/08\/23e0a6b9de3b-lap09217051-1.jpg\"   width=\"1080\" height=\"1080\" loading=\"lazy\" decoding=\"async\" alt=\"En la fotograf\u00eda Alba D\u00edaz,  Roc\u00edo Mart\u00edn Berrocal y Eva Gonz\u00e1lez, en un momento del camino hacia Almonte\" fetchpriority=\"auto\" class=\"image ho-image\"\/>\u00a9 LAGENCIADerecha, su hija, Alba D\u00edaz, y su hermana, Roc\u00edo Mart\u00edn Berrocal, junto a Eva Gonz\u00e1lez, en un momento del camino hacia Almonte<\/p>\n<p>  <img src=\"https:\/\/www.europesays.com\/es\/wp-content\/uploads\/2026\/08\/88d7f9f0d84d-ep-famosos-en-el-rocio-13.jpg\"   width=\"1080\" height=\"1080\" loading=\"lazy\" decoding=\"async\" alt=\"Vicky Mart\u00edn Berrocal captada con un nuevo romance\" fetchpriority=\"auto\" class=\"image ho-image\"\/>\u00a9 EUROPA PRESS<\/p>\n<p>La reacci\u00f3n de Vicky<\/p>\n<p id=\"eu56mP4Wumq\" data-wc=\"84\">Tras conocerse la noticia, la dise\u00f1adora declaraba a los medios: \u00abMe da mucho apuro, te lo juro por mi vida, que yo ya no estoy acostumbrada a esto y&#8230; no tengo nada que contaros. De verdad que no. Os lo juro que no. Gracias, \u00bfeh?\u00bb. Sin embargo, estas nuevas im\u00e1genes en las que la vemos, junto a Javier, disfrutando de una cita tan especial para ella, vuelven a disparar los rumores&#8230; Aunque s\u00f3lo el tiempo dir\u00e1 si Vicky ha encontrado de nuevo el amor.<\/p>\n<p>  <img src=\"https:\/\/www.europesays.com\/es\/wp-content\/uploads\/2026\/08\/69c2cca01745-ep-famosos-en-el-rocio-36.jpg\"   width=\"1080\" height=\"1080\" loading=\"lazy\" decoding=\"async\" alt=\"En la fotograf\u00eda Vicky junto a Carla Pereyra \" fetchpriority=\"auto\" class=\"image ho-image\"\/>\u00a9 EUROPA PRESSEn esta peregrinaci\u00f3n de la Venida de la Virgen del Roc\u00edo, Vicky tambi\u00e9n ha estado con Carla Pereyra<\/p>\n<p> Te puede interesarSeguir leyendo<\/p>\n","protected":false},"excerpt":{"rendered":"\u00abSi yo pudiera parar las manillas del reloj del tiempo\u2026 repetir\u00eda una y otra vez cada uno de&hellip;\n","protected":false},"author":2,"featured_media":731556,"comment_status":"","ping_status":"","sticky":false,"template":"","format":"standard","meta":{"footnotes":""},"categories":[174],"tags":[3900,517,255,3899,146,147,25,24,256,23,22271],"class_list":["post-731555","post","type-post","status-publish","format-standard","has-post-thumbnail","category-famosos","tag-hola","tag-actualidad","tag-celebrities","tag-contenido-sensible","tag-entertainment","tag-entretenimiento","tag-es","tag-espana","tag-famosos","tag-spain","tag-vicky-martin-berrocal"],"share_on_mastodon":{"url":"https:\/\/pubeurope.com\/@es\/117160234576531431","error":""},"_links":{"self":[{"href":"https:\/\/www.europesays.com\/es\/wp-json\/wp\/v2\/posts\/731555","targetHints":{"allow":["GET"]}}],"collection":[{"href":"https:\/\/www.europesays.com\/es\/wp-json\/wp\/v2\/posts"}],"about":[{"href":"https:\/\/www.europesays.com\/es\/wp-json\/wp\/v2\/types\/post"}],"author":[{"embeddable":true,"href":"https:\/\/www.europesays.com\/es\/wp-json\/wp\/v2\/users\/2"}],"replies":[{"embeddable":true,"href":"https:\/\/www.europesays.com\/es\/wp-json\/wp\/v2\/comments?post=731555"}],"version-history":[{"count":0,"href":"https:\/\/www.europesays.com\/es\/wp-json\/wp\/v2\/posts\/731555\/revisions"}],"wp:featuredmedia":[{"embeddable":true,"href":"https:\/\/www.europesays.com\/es\/wp-json\/wp\/v2\/media\/731556"}],"wp:attachment":[{"href":"https:\/\/www.europesays.com\/es\/wp-json\/wp\/v2\/media?parent=731555"}],"wp:term":[{"taxonomy":"category","embeddable":true,"href":"https:\/\/www.europesays.com\/es\/wp-json\/wp\/v2\/categories?post=731555"},{"taxonomy":"post_tag","embeddable":true,"href":"https:\/\/www.europesays.com\/es\/wp-json\/wp\/v2\/tags?post=731555"}],"curies":[{"name":"wp","href":"https:\/\/api.w.org\/{rel}","templated":true}]}}