{"id":73160,"date":"2025-08-26T10:06:08","date_gmt":"2025-08-26T10:06:08","guid":{"rendered":"https:\/\/www.europesays.com\/es\/73160\/"},"modified":"2025-08-26T10:06:08","modified_gmt":"2025-08-26T10:06:08","slug":"miley-cyrus-dedica-una-cancion-a-su-padre-billy-ray-cyrus-por-su-63-cumpleanos","status":"publish","type":"post","link":"https:\/\/www.europesays.com\/es\/73160\/","title":{"rendered":"Miley Cyrus dedica una canci\u00f3n a su padre, Billy Ray Cyrus, por su 63 cumplea\u00f1os"},"content":{"rendered":"<p class=\"c-paragraph\">Si hay algo que une a <a href=\"https:\/\/www.20minutos.es\/tags\/personas\/miley-cyrus-cantante.html\" title=\"Miley Cyrus\" rel=\"nofollow noopener\" target=\"_blank\">Miley Cyrus<\/a> y <a href=\"https:\/\/www.20minutos.es\/tags\/personas\/billy-ray-cyrus.html\" title=\"Billy Ray Cyrus\" rel=\"nofollow noopener\" target=\"_blank\">Billy Ray Cyrus<\/a> es la m\u00fasica. Por ello, la artista ha decidido usar esto en el 63 cumplea\u00f1os de su padre y <b>le ha regalado una canci\u00f3n<\/b>, que interpreta junto a su banda favorita, Fleetwood Mac.<\/p>\n<p class=\"c-paragraph\">As\u00ed lo mostr\u00f3 Billy Ray este lunes, d\u00eda de su cumplea\u00f1os, en su perfil de Instagram, donde public\u00f3 un v\u00eddeo suyo paseando por el campo mientras, de fondo, suena un adelanto del <b>tema, llamado Secrets<\/b>.<\/p>\n<p class=\"c-paragraph\">\u00ab\u00a1Para mi cumplea\u00f1os, Miley me dio el regalo de la m\u00fasica y me escribi\u00f3 una canci\u00f3n llamada\u00a0Secrets\u00a0y <b>consigui\u00f3 que mis m\u00fasicos favoritos Fleetwood Mac tocaran en ella<\/b>! Te quiero, Mile\u00bb, escribi\u00f3 el tambi\u00e9n cantante en su\u00a0post.<\/p>\n<p class=\"c-paragraph\"><b>Lindsey Buckingham y Mick Fleetwood<\/b>, miembros de Fleetwood Mac, acompa\u00f1an a la cantante con sus guitarras, d\u00e1ndole <b>un toque ochentero<\/b> a la canci\u00f3n.<\/p>\n<p class=\"c-paragraph\">\u00ab<b>Secretos, quiero guardar tus secretos, como la luz del sol en las sombras<\/b>, como pasos en la hierba. Nunca romper\u00e9 mi promesa, como un p\u00e1jaro cantor en el silencio, como piedras contra el cristal\u00bb, reza la letra del fragmento que se escucha.<\/p>\n<p class=\"c-paragraph\">Lo cierto es que Miley Cyrus ya habl\u00f3 de este tema el pasado mes de junio en el p\u00f3dcast de <a href=\"https:\/\/www.20minutos.es\/tags\/personas\/monica-lewinsky.html\" title=\"Monica Lewinsky\" rel=\"nofollow noopener\" target=\"_blank\">Monica Lewinsky<\/a> y asegur\u00f3 que, en la canci\u00f3n, que se incluir\u00e1 en su pr\u00f3ximo disco, <b>se habla del distanciamiento con su padre<\/b> que ya qued\u00f3 en el pasado.<\/p>\n<p class=\"c-paragraph\">\u00ab<b>Escrib\u00ed esta canci\u00f3n sobre mi padre porque quer\u00eda que me hablara, aunque hubiera secretos<\/b>, aunque yo no quisiera saberlos. Quer\u00eda ser la persona con la que \u00e9l se sintiera lo suficientemente seguro como para contarme las cosas que eran da\u00f1inas para la familia. Quer\u00eda que pensara que, como hija del medio, tengo la edad suficiente para soportarlo\u00bb, declar\u00f3 la artista.<\/p>\n<p>La otra canci\u00f3n por su cumplea\u00f1os<\/p>\n<p class=\"c-paragraph\">Secrets\u00a0no es el \u00fanico tema por el cumplea\u00f1os de Billy Ray Cyrus, pues el propio artista ha lanzado un regalo por esta fecha tan especial: un remix\u00a0de su cl\u00e1sico <b>Achy Breaky Heart<\/b>, canci\u00f3n de 1991 que Coyote Dax interpret\u00f3 en espa\u00f1ol como <b>No rompas m\u00e1s (mi pobre coraz\u00f3n)<\/b>.<\/p>\n<p class=\"c-paragraph\">\u00abMe asoci\u00e9 con Don Von Tress y The Johnson Mill Branch Boys para <b>un nuevo Achy Breaky Heart (Remix) como regalo para los fans<\/b>. Nada de esto habr\u00eda sido posible sin el apoyo de todos vosotros a lo largo de los a\u00f1os\u00bb, dedic\u00f3 en sus redes sociales.<\/p>\n","protected":false},"excerpt":{"rendered":"Si hay algo que une a Miley Cyrus y Billy Ray Cyrus es la m\u00fasica. Por ello, la&hellip;\n","protected":false},"author":2,"featured_media":73161,"comment_status":"","ping_status":"","sticky":false,"template":"","format":"standard","meta":{"footnotes":""},"categories":[170],"tags":[15350,25386,1739,146,147,25,24,25385,184,185,39,23],"class_list":{"0":"post-73160","1":"post","2":"type-post","3":"status-publish","4":"format-standard","5":"has-post-thumbnail","7":"category-musica","8":"tag-cancion","9":"tag-cyrus","10":"tag-dedica","11":"tag-entertainment","12":"tag-entretenimiento","13":"tag-es","14":"tag-espana","15":"tag-miley","16":"tag-music","17":"tag-musica","18":"tag-padre","19":"tag-spain"},"share_on_mastodon":{"url":"","error":""},"_links":{"self":[{"href":"https:\/\/www.europesays.com\/es\/wp-json\/wp\/v2\/posts\/73160","targetHints":{"allow":["GET"]}}],"collection":[{"href":"https:\/\/www.europesays.com\/es\/wp-json\/wp\/v2\/posts"}],"about":[{"href":"https:\/\/www.europesays.com\/es\/wp-json\/wp\/v2\/types\/post"}],"author":[{"embeddable":true,"href":"https:\/\/www.europesays.com\/es\/wp-json\/wp\/v2\/users\/2"}],"replies":[{"embeddable":true,"href":"https:\/\/www.europesays.com\/es\/wp-json\/wp\/v2\/comments?post=73160"}],"version-history":[{"count":0,"href":"https:\/\/www.europesays.com\/es\/wp-json\/wp\/v2\/posts\/73160\/revisions"}],"wp:featuredmedia":[{"embeddable":true,"href":"https:\/\/www.europesays.com\/es\/wp-json\/wp\/v2\/media\/73161"}],"wp:attachment":[{"href":"https:\/\/www.europesays.com\/es\/wp-json\/wp\/v2\/media?parent=73160"}],"wp:term":[{"taxonomy":"category","embeddable":true,"href":"https:\/\/www.europesays.com\/es\/wp-json\/wp\/v2\/categories?post=73160"},{"taxonomy":"post_tag","embeddable":true,"href":"https:\/\/www.europesays.com\/es\/wp-json\/wp\/v2\/tags?post=73160"}],"curies":[{"name":"wp","href":"https:\/\/api.w.org\/{rel}","templated":true}]}}