{"id":731655,"date":"2026-08-26T07:15:17","date_gmt":"2026-08-26T07:15:17","guid":{"rendered":"https:\/\/www.europesays.com\/es\/731655\/"},"modified":"2026-08-26T07:15:17","modified_gmt":"2026-08-26T07:15:17","slug":"pedro-sanchez-solicitara-este-miercoles-su-comparecencia-en-el-congreso-para-explicar-la-gestion-de-la-crisis-en-ceuta-politica","status":"publish","type":"post","link":"https:\/\/www.europesays.com\/es\/731655\/","title":{"rendered":"Pedro S\u00e1nchez solicitar\u00e1 este mi\u00e9rcoles su comparecencia en el Congreso para explicar la gesti\u00f3n de la crisis en Ceuta | Pol\u00edtica"},"content":{"rendered":"<p class=\"loc\">Madrid<\/p>\n<p>Veintisiete d\u00edas despu\u00e9s de la entrada masiva de migrantes en Ceuta, el presidente del Gobierno, Pedro S\u00e1nchez, va a solicitar a petici\u00f3n propia su comparecencia en el Congreso de los Diputados, tal y como ha adelantado el ministro <a href=\"https:\/\/cadenaser.com\/nacional\/2026\/08\/26\/torres-anuncia-que-esperan-habilitar-2000-plazas-mas-en-nuevos-espacios-en-ceuta-y-respalda-a-marlaska-no-hubo-ningun-aviso-cadena-ser\/\" target=\"_blank\" rel=\"noreferrer nofollow noopener\" title=\"https:\/\/cadenaser.com\/nacional\/2026\/08\/26\/torres-anuncia-que-esperan-habilitar-2000-plazas-mas-en-nuevos-espacios-en-ceuta-y-respalda-a-marlaska-no-hubo-ningun-aviso-cadena-ser\/\">\u00c1ngel V\u00edctor Torres en Hoy por Hoy.<\/a><\/p>\n<p>    <img decoding=\"async\" src=\"https:\/\/www.europesays.com\/es\/wp-content\/uploads\/2026\/08\/1787728517_487_app-ser-4.png\" alt=\"Nueva APP de Cadena SER\" loading=\"lazy\" width=\"109\" height=\"82\"\/><\/p>\n<p>Descubre la nueva app de Cadena\u00a0SER<br \/>\n        Te ofrecemos una mejor experiencia de audio y video\n    <\/p>\n<p>    <a href=\"https:\/\/trackingcodes.prisamedia.com\/ser.html?utm_campaign=app-include-articulo&amp;utm_source=web\" class=\"p-a-fa-b\" rel=\"nofollow noopener\" target=\"_blank\">Descargar<\/a><\/p>\n<p>Este martes lo hizo la ministra de Defensa, <a href=\"https:\/\/cadenaser.com\/nacional\/2026\/08\/25\/margarita-robles-inaugura-hoy-las-comparecencias-del-gobierno-sobre-su-gestion-de-la-crisis-de-ceuta-cadena-ser\/\" target=\"_blank\" rel=\"noreferrer nofollow noopener\" title=\"https:\/\/cadenaser.com\/nacional\/2026\/08\/25\/margarita-robles-inaugura-hoy-las-comparecencias-del-gobierno-sobre-su-gestion-de-la-crisis-de-ceuta-cadena-ser\/\">Margarita Robles, que confirm\u00f3 que el CNI comparti\u00f3 informaci\u00f3n<\/a> con las Fuerzas de Seguridad del Estado y la Delegaci\u00f3n del Gobierno sobre la entrada masiva en Ceuta. Una afirmaci\u00f3n que ha sido negada por el ministro del Interior, Fernando Grande-Marlaska, y que tambi\u00e9n desmiente el ministro de Pol\u00edtica Territorial y director del mando \u00fanico de la crisis de Ceuta, \u00c1ngel V\u00edctor Torres.<\/p>\n<p>Este jueves comparecer\u00e1n los ministros de Presidencia y Sanidad; el d\u00eda 28 lo har\u00e1n los titulares de Exteriores, Interior e Inclusi\u00f3n y el \u00faltimo d\u00eda del mes ser\u00e1 el turno de las de Juventud e Infancia y de Igualdad, todos ellos a petici\u00f3n propia.<\/p>\n","protected":false},"excerpt":{"rendered":"Madrid Veintisiete d\u00edas despu\u00e9s de la entrada masiva de migrantes en Ceuta, el presidente del Gobierno, Pedro S\u00e1nchez,&hellip;\n","protected":false},"author":2,"featured_media":731656,"comment_status":"","ping_status":"","sticky":false,"template":"","format":"standard","meta":{"footnotes":""},"categories":[8],"tags":[1765,17,18,25,24,13,14,11,19,20,9,10,15,16,23,12,1766,21,22],"class_list":["post-731655","post","type-post","status-publish","format-standard","has-post-thumbnail","category-espana","tag-bestof","tag-breaking-news","tag-breakingnews","tag-es","tag-espana","tag-featured-news","tag-featurednews","tag-headlines","tag-latest-news","tag-latestnews","tag-news","tag-noticias","tag-noticias-destacadas","tag-noticiasdestacadas","tag-spain","tag-titulares","tag-topix","tag-ultimas-noticias","tag-ultimasnoticias"],"share_on_mastodon":{"url":"https:\/\/pubeurope.com\/@es\/117160584591650472","error":""},"_links":{"self":[{"href":"https:\/\/www.europesays.com\/es\/wp-json\/wp\/v2\/posts\/731655","targetHints":{"allow":["GET"]}}],"collection":[{"href":"https:\/\/www.europesays.com\/es\/wp-json\/wp\/v2\/posts"}],"about":[{"href":"https:\/\/www.europesays.com\/es\/wp-json\/wp\/v2\/types\/post"}],"author":[{"embeddable":true,"href":"https:\/\/www.europesays.com\/es\/wp-json\/wp\/v2\/users\/2"}],"replies":[{"embeddable":true,"href":"https:\/\/www.europesays.com\/es\/wp-json\/wp\/v2\/comments?post=731655"}],"version-history":[{"count":0,"href":"https:\/\/www.europesays.com\/es\/wp-json\/wp\/v2\/posts\/731655\/revisions"}],"wp:featuredmedia":[{"embeddable":true,"href":"https:\/\/www.europesays.com\/es\/wp-json\/wp\/v2\/media\/731656"}],"wp:attachment":[{"href":"https:\/\/www.europesays.com\/es\/wp-json\/wp\/v2\/media?parent=731655"}],"wp:term":[{"taxonomy":"category","embeddable":true,"href":"https:\/\/www.europesays.com\/es\/wp-json\/wp\/v2\/categories?post=731655"},{"taxonomy":"post_tag","embeddable":true,"href":"https:\/\/www.europesays.com\/es\/wp-json\/wp\/v2\/tags?post=731655"}],"curies":[{"name":"wp","href":"https:\/\/api.w.org\/{rel}","templated":true}]}}