{"id":731695,"date":"2026-08-26T07:47:24","date_gmt":"2026-08-26T07:47:24","guid":{"rendered":"https:\/\/www.europesays.com\/es\/731695\/"},"modified":"2026-08-26T07:47:24","modified_gmt":"2026-08-26T07:47:24","slug":"un-verano-de-record-para-los-nacionalizados","status":"publish","type":"post","link":"https:\/\/www.europesays.com\/es\/731695\/","title":{"rendered":"Un verano de r\u00e9cord para los nacionalizados"},"content":{"rendered":"<p style=\"\">El Baskonia vive un verano distinto. A falta de fichajes -a pesar de la reciente incorporaci\u00f3n de Kenneth Faried-, el conjunto azulgrana ha encontrado una  &#8230; v\u00eda para ganar margen en la configuraci\u00f3n de su plantilla. Tres de sus jugadores han obtenido una segunda nacionalidad para dejar de ocupar plaza de extracomunitario en la ACB. Es el caso de Damion Baugh, Kobi Simmons y DJ Stewart, que han adquirido los pasaportes de la Rep\u00fablica Democr\u00e1tica del Congo, Costa de Marfil y Macedonia del Norte, respectivamente. Esta maniobra ha permitido a la entidad de Zurbano disponer de espacio suficiente para acudir al mercado y contratar los servicios del p\u00edvot estadounidense de 36 a\u00f1os, sin sobrepasar el l\u00edmite de extracomunitarios. No se trata de una f\u00f3rmula nueva en el baloncesto europeo, pero s\u00ed de una circunstancia especialmente significativa para el club vitoriano, que concentra tres movimientos de este tipo durante un mismo periodo estival.<\/p>\n<p class=\"v-d-p\" style=\"\">El proceso var\u00eda en cada caso. Obtener una nueva nacionalidad no basta por s\u00ed sola para que un jugador consiga el estatus que busca el club ya que la normativa internacional tambi\u00e9n limita la presencia de jugadores naturalizados en las selecciones. Por este motivo, las distintas ventanas de partidos obligan a gestionar con cuidado sus convocatorias.<\/p>\n<p class=\"v-d-p\" style=\"\">Baugh encabeza la lista. El base estadounidense, nacido en Tennessee y fichado en este mercado, todav\u00eda no se ha incorporado a la pretemporada del Baskonia porque ha sido incluido en la convocatoria de la Rep\u00fablica Democr\u00e1tica del Congo para la disputa de estos partidos. La selecci\u00f3n se concentra en Dakar y tiene encuentros programados frente a Angola, Mal\u00ed y Egipto entre el 27 y el 30 de agosto, correspondientes a la clasificaci\u00f3n africana para el Mundial de 2027. Le bastar\u00e1 con disputar un solo segundo en uno de cualquiera de esos tres encuentros para completar el proceso necesario de su nueva condici\u00f3n.<\/p>\n<p class=\"v-d-p\" style=\"\">El caso de Kobi Simmons sigue un camino parecido. El estadounidense figura en la preselecci\u00f3n de Costa de Marfil para los compromisos de esta ventana en T\u00fanez. Una vez complete sus obligaciones internacionales, podr\u00e1 dejar de ocupar plaza de extracomunitario por lo que su situaci\u00f3n ser\u00e1 distinta respecto al curso pasado. Por aquellas, Galbiati ten\u00eda la tarea de decidir en cada jornada c\u00f3mo repartir las plazas que computaban como extracomunitarios. Ahora, su nacionalizaci\u00f3n elimina una de esas restricciones y permite al club reservar un cupo destinado a reforzar el juego interior.<\/p>\n<p class=\"v-d-p\" style=\"\">Esta operaci\u00f3n tambi\u00e9n guarda un v\u00ednculo directo con el pasado baskonista. Por un lado, Miguel \u00c1ngel Hoyo, ex entrenador del Baskonia B en dos etapas, es el actual seleccionador de Costa de Marfil. Por otro, su caso recuerda al de Matt Costello, quien obtuvo su pasaporte costamarfile\u00f1o en el verano de 2021, el mismo a\u00f1o en que fich\u00f3 por el Baskonia.<\/p>\n<p>\nNacionalizaci\u00f3n expr\u00e9s\n<\/p>\n<p class=\"v-d-p\" style=\"\">El \u00faltimo de la lista es DJ Stewart. El alero, nacido en Mississippi, solo ten\u00eda pasaporte estadounidense cuando fich\u00f3 por el conjunto azulgrana, pero debut\u00f3 con Macedonia del Norte el pasado 2 de julio. Con este paso, se suma a una selecci\u00f3n que ya ha recurrido a esta repetidamente esta f\u00f3rmula en los \u00faltimos a\u00f1os. Uno de sus antecesores como jugador naturalizado fue Ethan Happ, ala p\u00edvot de La Laguna Tenerife y tambi\u00e9n natural de Estados Unidos. La lista incluye a otros estadounidenses con pasaporte macedonio, como Omari Moore, del Valencia Basket, Jacob Wiley o Nate Sestina. Casi nada.<\/p>\n<p class=\"v-d-p\" style=\"\">De esta manera, el Baskonia ahonda en la tendencia imparable de la nacionalizaci\u00f3n de jugadores en el baloncesto europeo. Una estrategia que permite a los clubes sortear los l\u00edmites de cupos locales y que, adem\u00e1s, ofrece a las selecciones talento de otro origen. En Vitoria, este verano la f\u00f3rmula transforma el tablero para tres jugadores y tres combinados nacionales diferentes. Al final, todo se reduce a una misma jugada maestra. Ganar flexibilidad para moldear un equipo sin ataduras.<\/p>\n","protected":false},"excerpt":{"rendered":"El Baskonia vive un verano distinto. A falta de fichajes -a pesar de la reciente incorporaci\u00f3n de Kenneth&hellip;\n","protected":false},"author":2,"featured_media":731696,"comment_status":"","ping_status":"","sticky":false,"template":"","format":"standard","meta":{"footnotes":""},"categories":[269],"tags":[299,298,168,25,24,120743,4722,23,167,1793],"class_list":["post-731695","post","type-post","status-publish","format-standard","has-post-thumbnail","category-baloncesto","tag-baloncesto","tag-basketball","tag-deportes","tag-es","tag-espana","tag-nacionalizados","tag-record","tag-spain","tag-sports","tag-verano"],"share_on_mastodon":{"url":"https:\/\/pubeurope.com\/@es\/117160709240579042","error":""},"_links":{"self":[{"href":"https:\/\/www.europesays.com\/es\/wp-json\/wp\/v2\/posts\/731695","targetHints":{"allow":["GET"]}}],"collection":[{"href":"https:\/\/www.europesays.com\/es\/wp-json\/wp\/v2\/posts"}],"about":[{"href":"https:\/\/www.europesays.com\/es\/wp-json\/wp\/v2\/types\/post"}],"author":[{"embeddable":true,"href":"https:\/\/www.europesays.com\/es\/wp-json\/wp\/v2\/users\/2"}],"replies":[{"embeddable":true,"href":"https:\/\/www.europesays.com\/es\/wp-json\/wp\/v2\/comments?post=731695"}],"version-history":[{"count":0,"href":"https:\/\/www.europesays.com\/es\/wp-json\/wp\/v2\/posts\/731695\/revisions"}],"wp:featuredmedia":[{"embeddable":true,"href":"https:\/\/www.europesays.com\/es\/wp-json\/wp\/v2\/media\/731696"}],"wp:attachment":[{"href":"https:\/\/www.europesays.com\/es\/wp-json\/wp\/v2\/media?parent=731695"}],"wp:term":[{"taxonomy":"category","embeddable":true,"href":"https:\/\/www.europesays.com\/es\/wp-json\/wp\/v2\/categories?post=731695"},{"taxonomy":"post_tag","embeddable":true,"href":"https:\/\/www.europesays.com\/es\/wp-json\/wp\/v2\/tags?post=731695"}],"curies":[{"name":"wp","href":"https:\/\/api.w.org\/{rel}","templated":true}]}}