{"id":731773,"date":"2026-08-26T08:42:13","date_gmt":"2026-08-26T08:42:13","guid":{"rendered":"https:\/\/www.europesays.com\/es\/731773\/"},"modified":"2026-08-26T08:42:13","modified_gmt":"2026-08-26T08:42:13","slug":"vuelta-a-espana-hoy-miercoles-etapa-5-horario-recorrido-perfil-y-donde-ver-por-tv-el-mundo","status":"publish","type":"post","link":"https:\/\/www.europesays.com\/es\/731773\/","title":{"rendered":"Vuelta a Espa\u00f1a hoy, mi\u00e9rcoles, etapa 5: horario, recorrido, perfil y d\u00f3nde ver por TV &#8211; El Mundo"},"content":{"rendered":"<ol>\n<li><a href=\"https:\/\/news.google.com\/rss\/articles\/CBMid0FVX3lxTFBsZmlaREIyTG1ydTZxV1cwNnJ4bEp3WkV5aXZWajROUktwMU1qY29RUTFZVHYtRFViTU51aUtSVGR1dWRsNDRmNFFUY1VsaHk2Z3BoRGV0cUpDamloQWdJNEp0eWNBSk96QXhNMW13QmQ2NGR5TFdR?oc=5\" target=\"_blank\" rel=\"nofollow noopener\">Vuelta a Espa\u00f1a hoy, mi\u00e9rcoles, etapa 5: horario, recorrido, perfil y d\u00f3nde ver por TV<\/a>&nbsp;&nbsp;El Mundo<\/li>\n<li><a href=\"https:\/\/news.google.com\/rss\/articles\/CBMiogFBVV95cUxOSUZBOGctZWtKMVptSWx5bTlZR0Zna01DS25ydGtTdFdxUWNSVFRIUGVkZDU2YU8yT2g4NWQ2ZWhpTnlFTEJkWE5XWEZZeVVROUp4RFRwZ0puNk1ZZ0FlRjBIajdmX0V3TWlZYzI0d2VlTG5xemVzT1gyelFXZ0gybnExRFpfeUhRazZWeDJTM2R2UGxZSTlCSlh3N0NKWWE1LWfSAbYBQVVfeXFMTWdJeW5sSlFCWFc5a2NaRmd0MVpaZ1JQYlNVTVJlbDZBbzc2bDNtQk5QcTRwc3J1aW9pd0oyZXJQM3VOSGhqZnRMU1dVOXRsbnlZNmhOWUlXQjlDZGlJakFxOE43NnRyS2ppbHJUNTZDQkVkUlVZSWt1V2dacTVHS3g3Mks5bThEUWZmNzd2dURUT19PcXBhUk5ocUpaYjJuUEZXYk9KdmxXa2d4YTAweW5RZ0FkSFE?oc=5\" target=\"_blank\" rel=\"nofollow noopener\">Vuelta a Espa\u00f1a 2026 hoy, etapa 5: perfil y recorrido<\/a>&nbsp;&nbsp;Diario AS<\/li>\n<li><a href=\"https:\/\/news.google.com\/rss\/articles\/CBMikAFBVV95cUxQYThCOHV4MmNqZFRPNjhIVEo3Y2lkbTNlTzVyOVBQdGRtRzVnYWJLYThqRmhxSzlOejNqMTNoZ3I1SENGLTNJYWl1dFlOSFNwRldGMDBKVjdRX2pIREk2bUROUGFubGF5UjQ4VjJMSy05SDJXaTN1Zml1b2E3Vm5BMFRKdUlyeXlfbzhGaDFSbzg?oc=5\" target=\"_blank\" rel=\"nofollow noopener\">La Vuelta Espa\u00f1a 2026: horario y d\u00f3nde ver por TV en directo la 5\u00aa etapa de la carrera<\/a>&nbsp;&nbsp;El Confidencial<\/li>\n<li><a href=\"https:\/\/news.google.com\/rss\/articles\/CBMiwwFBVV95cUxQaWZiRHZVd2I0aENZd3lWTHR6N1BiMk5qajNZZkRTZ1JmeTQ0aGtOSjBNcnVoSXk3Uko1ckhWaFhGQ1gzbGp4YWZkYlFxcy1SVzVPQlFSQUtfTEl4Z2ExSjhiblVCX2h4S2p5RDZqaFlCTUVjSEZ1a0tyU0ZubjdHaVlfUmFLQUR1MWpjeC1hMmxGa1NYb0lTWm51NjdXeXlHR2ZvTDVHSW1YR1hudEhXM29SeUZZcld1dUVTbjllUkdkNUU?oc=5\" target=\"_blank\" rel=\"nofollow noopener\">Etapa 5 de LaVuelta hoy, mi\u00e9rcoles: recorrido, perfil, horario y d\u00f3nde ver online y en televisi\u00f3n<\/a>&nbsp;&nbsp;ABC<\/li>\n<li><a href=\"https:\/\/news.google.com\/rss\/articles\/CBMi0gFBVV95cUxQOXY4c001dUVXckJCV0tnX2tYYXFZajlPSHRTRGhvMVdCTnRGanVmbWdWVnFJVE1lQlpzZUNYNGM1UFNNVHNVdGN1WVRaODh4eTlBeVBHNVVxUWJwcE9wWjVmWDNNZWwxTEEtWjh0Ul9sQ0V1dThXUDE2T0VCcGtQTk5SYzM3UjBpb1N6dVlyeE05V2xyMUtwZGNSOUhhUW9SYTItVjBWQk5Ha0lZcUFxOU0wNElpZVdQTWdfd0FvUmhpVTVSTHpPNXptMkZzQmFQbWc?oc=5\" target=\"_blank\" rel=\"nofollow noopener\">La Vuelta Ciclista llega este mi\u00e9rcoles a Espa\u00f1a antes de cuatro etapas seguidas en la Comunitat desde el jueves<\/a>&nbsp;&nbsp;Las Provincias<\/li>\n<\/ol>\n","protected":false},"excerpt":{"rendered":"Vuelta a Espa\u00f1a hoy, mi\u00e9rcoles, etapa 5: horario, recorrido, perfil y d\u00f3nde ver por TV&nbsp;&nbsp;El Mundo Vuelta a&hellip;\n","protected":false},"author":2,"featured_media":731774,"comment_status":"","ping_status":"","sticky":false,"template":"","format":"standard","meta":{"footnotes":""},"categories":[93],"tags":[313,2170,729,168,25,24,518,23,167,807,5411],"class_list":["post-731773","post","type-post","status-publish","format-standard","has-post-thumbnail","category-deportes","tag-ciclismo","tag-como","tag-dda","tag-deportes","tag-es","tag-espana","tag-rtve","tag-spain","tag-sports","tag-television","tag-vuelta-a-espana"],"share_on_mastodon":{"url":"https:\/\/pubeurope.com\/@es\/117160925452917016","error":""},"_links":{"self":[{"href":"https:\/\/www.europesays.com\/es\/wp-json\/wp\/v2\/posts\/731773","targetHints":{"allow":["GET"]}}],"collection":[{"href":"https:\/\/www.europesays.com\/es\/wp-json\/wp\/v2\/posts"}],"about":[{"href":"https:\/\/www.europesays.com\/es\/wp-json\/wp\/v2\/types\/post"}],"author":[{"embeddable":true,"href":"https:\/\/www.europesays.com\/es\/wp-json\/wp\/v2\/users\/2"}],"replies":[{"embeddable":true,"href":"https:\/\/www.europesays.com\/es\/wp-json\/wp\/v2\/comments?post=731773"}],"version-history":[{"count":0,"href":"https:\/\/www.europesays.com\/es\/wp-json\/wp\/v2\/posts\/731773\/revisions"}],"wp:featuredmedia":[{"embeddable":true,"href":"https:\/\/www.europesays.com\/es\/wp-json\/wp\/v2\/media\/731774"}],"wp:attachment":[{"href":"https:\/\/www.europesays.com\/es\/wp-json\/wp\/v2\/media?parent=731773"}],"wp:term":[{"taxonomy":"category","embeddable":true,"href":"https:\/\/www.europesays.com\/es\/wp-json\/wp\/v2\/categories?post=731773"},{"taxonomy":"post_tag","embeddable":true,"href":"https:\/\/www.europesays.com\/es\/wp-json\/wp\/v2\/tags?post=731773"}],"curies":[{"name":"wp","href":"https:\/\/api.w.org\/{rel}","templated":true}]}}