{"id":731787,"date":"2026-08-26T08:49:18","date_gmt":"2026-08-26T08:49:18","guid":{"rendered":"https:\/\/www.europesays.com\/es\/731787\/"},"modified":"2026-08-26T08:49:18","modified_gmt":"2026-08-26T08:49:18","slug":"la-moncloa-torres-y-vivas-mantienen-en-ceuta-su-primera-reunion-tras-la-designacion-del-ministro-como-autoridad-funcional","status":"publish","type":"post","link":"https:\/\/www.europesays.com\/es\/731787\/","title":{"rendered":"La Moncloa. Torres y Vivas mantienen en Ceuta su primera reuni\u00f3n tras la designaci\u00f3n del ministro como autoridad funcional"},"content":{"rendered":"<p class=\"main-image\">&#13;&#13;<img decoding=\"async\" alt=\"El ministro de Pol\u00edtica Territorial y Memoria Democr\u00e1tica, \u00c1ngel V\u00edctor Torres\" title=\"El ministro de Pol\u00edtica Territorial y Memoria Democr\u00e1tica, \u00c1ngel V\u00edctor Torres\" src=\"https:\/\/www.europesays.com\/es\/wp-content\/uploads\/2026\/08\/250826-reunion-ceuta-torres-vivas.jpg\"\/>&#13;El ministro de Pol\u00edtica Territorial y Memoria Democr\u00e1tica, \u00c1ngel V\u00edctor Torres&#13;&#13;<\/p>\n<p>&#13;<\/p>\n<p>El ministro de Pol\u00edtica Territorial y Memoria Democr\u00e1tica, \u00c1ngel V\u00edctor Torres, ha mantenido en Ceuta su primera reuni\u00f3n con el presidente de la Ciudad Aut\u00f3noma, Juan Jes\u00fas Vivas.<\/p>\n<p>En este encuentro en el que, al acabar el mismo, pudieron ambos saludar a representantes vecinales ceut\u00edes, se ha puesto en com\u00fan que los espacios que vayan a habilitarse para ubicar a las personas migrantes se designar\u00e1n \u00abdesde el consenso\u00bb, ha manifestado Torres, que act\u00faa en calidad de autoridad funcional para la gesti\u00f3n de la crisis humanitaria de Ceuta.<\/p>\n<p>El ministro ha se\u00f1alado con respecto al Real Decreto de recursos e instalaciones aprobado en el Consejo de Ministros que el listado de espacios para albergar a las personas migrantes es una \u00abpropuesta de m\u00e1ximos modificable y flexible\u00bb. Se han incluido equipamientos como polideportivos y otros que s\u00f3lo se utilizar\u00edan en caso de situaci\u00f3n extrema, algo que no es previsible que se vaya a producir, pero que deben estar recogidos ante una eventualidad no esperable.<\/p>\n<p>En ese sentido, hay espacios que no est\u00e1n recogidos en el Real Decreto y que pudieran ser recogidos en una actualizaci\u00f3n, que ser\u00e1 semanal, y que pudieran ser incluso los primeros en ponerse en funcionamiento, incluso antes de su incorporaci\u00f3n al Decreto porque se har\u00eda desde el consenso.<\/p>\n<p>Asimismo, el ministro ha anunciado que presidir\u00e1 la primera reuni\u00f3n del Comit\u00e9 de Situaci\u00f3n para la gesti\u00f3n de la crisis de Ceuta, a la que acudir\u00e1n el presidente Vivas, representantes de todos los ministerios que forman parte de este \u00f3rgano colegiado, as\u00ed como la Delegaci\u00f3n del Gobierno.<\/p>\n<p>&#13;<\/p>\n","protected":false},"excerpt":{"rendered":"&#13;&#13;&#13;El ministro de Pol\u00edtica Territorial y Memoria Democr\u00e1tica, \u00c1ngel V\u00edctor Torres&#13;&#13; &#13; El ministro de Pol\u00edtica Territorial y&hellip;\n","protected":false},"author":2,"featured_media":731788,"comment_status":"","ping_status":"","sticky":false,"template":"","format":"standard","meta":{"footnotes":""},"categories":[5],"tags":[517,17,18,25,24,13,14,11,19,20,9,10,15,16,62910,2330,23,12,21,22],"class_list":["post-731787","post","type-post","status-publish","format-standard","has-post-thumbnail","category-titulares","tag-actualidad","tag-breaking-news","tag-breakingnews","tag-es","tag-espana","tag-featured-news","tag-featurednews","tag-headlines","tag-latest-news","tag-latestnews","tag-news","tag-noticias","tag-noticias-destacadas","tag-noticiasdestacadas","tag-politica-territorial-y-memoria-democratica","tag-prensa","tag-spain","tag-titulares","tag-ultimas-noticias","tag-ultimasnoticias"],"share_on_mastodon":{"url":"https:\/\/pubeurope.com\/@es\/117160952980778773","error":""},"_links":{"self":[{"href":"https:\/\/www.europesays.com\/es\/wp-json\/wp\/v2\/posts\/731787","targetHints":{"allow":["GET"]}}],"collection":[{"href":"https:\/\/www.europesays.com\/es\/wp-json\/wp\/v2\/posts"}],"about":[{"href":"https:\/\/www.europesays.com\/es\/wp-json\/wp\/v2\/types\/post"}],"author":[{"embeddable":true,"href":"https:\/\/www.europesays.com\/es\/wp-json\/wp\/v2\/users\/2"}],"replies":[{"embeddable":true,"href":"https:\/\/www.europesays.com\/es\/wp-json\/wp\/v2\/comments?post=731787"}],"version-history":[{"count":0,"href":"https:\/\/www.europesays.com\/es\/wp-json\/wp\/v2\/posts\/731787\/revisions"}],"wp:featuredmedia":[{"embeddable":true,"href":"https:\/\/www.europesays.com\/es\/wp-json\/wp\/v2\/media\/731788"}],"wp:attachment":[{"href":"https:\/\/www.europesays.com\/es\/wp-json\/wp\/v2\/media?parent=731787"}],"wp:term":[{"taxonomy":"category","embeddable":true,"href":"https:\/\/www.europesays.com\/es\/wp-json\/wp\/v2\/categories?post=731787"},{"taxonomy":"post_tag","embeddable":true,"href":"https:\/\/www.europesays.com\/es\/wp-json\/wp\/v2\/tags?post=731787"}],"curies":[{"name":"wp","href":"https:\/\/api.w.org\/{rel}","templated":true}]}}