{"id":731795,"date":"2026-08-26T09:00:18","date_gmt":"2026-08-26T09:00:18","guid":{"rendered":"https:\/\/www.europesays.com\/es\/731795\/"},"modified":"2026-08-26T09:00:18","modified_gmt":"2026-08-26T09:00:18","slug":"dos-anos-sin-caritina-un-legado-de-amor","status":"publish","type":"post","link":"https:\/\/www.europesays.com\/es\/731795\/","title":{"rendered":"Dos a\u00f1os sin Caritina: un legado de amor"},"content":{"rendered":"<p>El nombre de<a title=\" Caritina Goyanes\" href=\"https:\/\/www.larazon.es\/gente\/famosos\/carla-goyanes-recuerda-caritina-48-cumpleanos-seguimos-echando-muchisimo-menos_2025111169134f894032d14920229b0b.html\" target=\"_blank\" rel=\"nofollow noopener\"> Caritina Goyanes<\/a> sigue sonando fuerte porque su familia ha hecho que est\u00e9 presente en cada segundo de sus vidas desde el d\u00eda que se fue. Hoy hace ya dos a\u00f1os que la hija de <a title=\"Cari Lapique \" href=\"https:\/\/www.larazon.es\/gente\/famosos\/cari-lapique-abre-corazon-deseando-que-pase-mes-agosto_202608226a890164a5690f0473882c1d.html\" target=\"_blank\" rel=\"nofollow noopener\">Cari Lapique <\/a>y Carlos Goyanes nos dej\u00f3. Se march\u00f3 con el luto de su padre prendido en las entra\u00f1as, a los 46 a\u00f1os, y con muchas cosas a\u00fan por hacer. En este segundo aniversario, la familia la va a recordar en un acto \u00edntimo, como as\u00ed nos lo hace saber Cari desde Sotogrande en una conversaci\u00f3n con LA RAZ\u00d3N:<b> \u00abHaremos un acto s\u00faper privado el mi\u00e9rcoles, solo para nosotros. Os tengo que agradecer a los medios de comunicaci\u00f3n que sig\u00e1is recordando a mi hija\u00bb. <\/b>Muy creyente, Caritina daba siempre las gracias a Dios y as\u00ed la conmemorar\u00e1n sus familiares en los actos de su aniversario. Pero el Lapique tambi\u00e9n ha querido darle un toque l\u00fadico festivo al nombre de Caritina y as\u00ed, cuando celebraron este mes de agosto el Memorial Carlos Goyanes de P\u00e1del, un torneo que re\u00fane a ni\u00f1os, j\u00f3venes y adultos en el Unicorn Racket Club, situado entre Marbella y Sotogrande, participaron tambi\u00e9n los hijos de la empresaria, Pedro y MiniCari. No faltaron Jorge Benguria, marido de Carla Goyanes, y Antonio Matos, viudo de Caritina, arropados por Luis Garc\u00eda Fraile, uno de los mejores amigos de Caritina, que lleg\u00f3 acompa\u00f1ado de su padre, el periodista Jos\u00e9 Mar\u00eda Garc\u00eda.<\/p>\n<p>Un cari\u00f1o intacto<\/p>\n<p>En una entrevista que ha concedido a este medio, Carla nos muestra la satisfacci\u00f3n de c\u00f3mo transcurri\u00f3 el evento: \u00abEl homenaje ha sido una pasada, 218 participantes y un ambiente deportivo y buen\u00edsimo\u2026 As\u00ed nos gusta recordar a mi padre y, de paso, a mi hermana, porque todo su entorno estaba all\u00ed\u00bb. Mientras hablamos con Carla, MiniCari (que de mini ya no tiene nada) tira de la falda de su t\u00eda para entrar en el concierto del grupo Taburete, que le apasiona. <b>La hermana nos recuerda que, justo el d\u00eda que falleci\u00f3 su madre, las dos ten\u00edan entradas para ir al concierto de Melendi en Starlite<\/b>. Pero no pudo ser. Ahora su t\u00eda se encarga de que a la ni\u00f1a de sus ojos, y a su vez \u00abla mejor amiga\u00bb de la abuela Cari, no le falte de nada y no se pierda ni un solo concierto.<\/p>\n<p><b>La matriarca de los Lapique siempre est\u00e1 contenta cuando sus nietos la rodean. <\/b>Dice que ha tenido suerte de que el entorno de Antonio Matos y su hija, sus amigos de siempre, sigan muy pendientes de su familia. \u00abLo que sembr\u00f3 Caritina fue muy grande\u00bb, no se cansa nunca de decir. Este verano, Cari, una de las grandes damas de la alta sociedad espa\u00f1ola, pasa casi todo el tiempo en Sotogrande con su hermana Myriam.<b> \u00abCasi no salgo a nada\u00bb, confiesa. Sus nietos son los que van a entretenerla y MiniCari es la encargada de sacarla de \u00abshopping\u00bb. <\/b><\/p>\n<p><img decoding=\"async\" loading=\"lazy\" src=\"https:\/\/www.europesays.com\/es\/wp-content\/uploads\/2026\/08\/cari-lapique-carla-goyanes_58.jpg\" alt=\"Cari Lapique y Carla Goyanes.\" width=\"1920\" height=\"1280\"\/><b>Cari Lapique y Carla Goyanes.<\/b> Gtres<\/p>\n<p>El golpe de las muertes tan seguidas de su esposo y su hija fue un duro golpe para Cari, que le dej\u00f3 un profundo vac\u00edo que poco a poco ha ido aliviando en este par de a\u00f1os. Siempre arropada por el cari\u00f1o de su hija Carla y de sus cinco nietos, trata de paliar el dolor. L<b>a mejor catarsis para la celebrity ha sido mantener vivo el recuerdo de las cosas que le gustaban a su Cari, como ella dice. <\/b><\/p>\n<p><b>Hoy todos recuerdan a Caritina, pero especialmente \u00absu todo\u00bb, el empresario Antonio Matos, su viudo, para el que la vida sigue, pero no ha vuelto a ser igual.<\/b> \u00c9l estaba junto a ella en la casa de Guadalmina donde Caritina empez\u00f3 a sentirse mal un fat\u00eddico 26 de agosto de 2024, cuando estaban d\u00e1ndose juntos un ba\u00f1o en la piscina. Fue \u00e9l quien, enseguida, preocupado, gestion\u00f3 el traslado al hospital, donde ya no pudieron hacer nada. La empresaria no sufr\u00eda ninguna enfermedad. Y hasta el mismo d\u00eda de su fallecimiento estuvo llevando una vida totalmente normal.<\/p>\n<p>Siempre hab\u00eda cuidado su salud e intentaba mantener una alimentaci\u00f3n sana: \u00abComer es para m\u00ed una forma de vivir\u00bb, sol\u00eda decir en las entrevistas, y abundaba en que \u00abde ni\u00f1a siempre iba detr\u00e1s de Isi, la se\u00f1ora que nos cocinaba y a la que quer\u00edamos como una m\u00e1s de la familia\u00bb. L<b>a familia tiene gran apego con el hombre que tuvo el \u00faltimo suspiro de Caritina, al que llamaba \u00abmi socio de vida y mi camino al cielo\u00bb, y toda la familia este mes de mayo, con la matriarca a la cabeza, celebraba el cumplea\u00f1os de su yerno soplando las velas.<\/b><\/p>\n<p><img decoding=\"async\" loading=\"lazy\" src=\"https:\/\/www.europesays.com\/es\/wp-content\/uploads\/2026\/08\/cristina-goyanes-antonio-matos_58.jpg\" alt=\"Cristina Goyanes y Antonio Matos\" width=\"1292\" height=\"728\"\/><b>Cristina Goyanes y Antonio Matos<\/b> Redes Sociales<\/p>\n<p>Caritina emprendi\u00f3 su propio negocio en el sector de la gastronom\u00eda y los eventos. Aunque hab\u00eda estudiado Derecho, su carrera profesional tom\u00f3 otro camino cuando en 2003 cre\u00f3 SixSens Catering, una empresa especializada en bodas, celebraciones privadas y eventos corporativo<b>s. Con los a\u00f1os trabaj\u00f3 para grandes firmas y convirti\u00f3 el catering en su principal actividad profesional.<\/b><\/p>\n<p>Con Antonio, Caritina comparti\u00f3 su vida 16 a\u00f1os. Fue su gran amor, con el que tuvo dos hijos: Pedrito y Mini Cari. A su ni\u00f1o le defin\u00eda como \u00abun coraz\u00f3n con dos piernas\u00bb; a su hija, \u00abun terremoto, muy alegre\u00bb. <b>Ahora todos recogen su legado y perpet\u00faan su nombre en un 26 de agosto que ya nunca olvidar\u00e1n.<\/b><\/p>\n","protected":false},"excerpt":{"rendered":"El nombre de Caritina Goyanes sigue sonando fuerte porque su familia ha hecho que est\u00e9 presente en cada&hellip;\n","protected":false},"author":2,"featured_media":731796,"comment_status":"","ping_status":"","sticky":false,"template":"","format":"standard","meta":{"footnotes":""},"categories":[174],"tags":[5277,5275,255,146,147,25,24,256,260,23],"class_list":["post-731795","post","type-post","status-publish","format-standard","has-post-thumbnail","category-famosos","tag-cari-lapique","tag-carlos-goyanes","tag-celebrities","tag-entertainment","tag-entretenimiento","tag-es","tag-espana","tag-famosos","tag-gente","tag-spain"],"share_on_mastodon":{"url":"","error":""},"_links":{"self":[{"href":"https:\/\/www.europesays.com\/es\/wp-json\/wp\/v2\/posts\/731795","targetHints":{"allow":["GET"]}}],"collection":[{"href":"https:\/\/www.europesays.com\/es\/wp-json\/wp\/v2\/posts"}],"about":[{"href":"https:\/\/www.europesays.com\/es\/wp-json\/wp\/v2\/types\/post"}],"author":[{"embeddable":true,"href":"https:\/\/www.europesays.com\/es\/wp-json\/wp\/v2\/users\/2"}],"replies":[{"embeddable":true,"href":"https:\/\/www.europesays.com\/es\/wp-json\/wp\/v2\/comments?post=731795"}],"version-history":[{"count":0,"href":"https:\/\/www.europesays.com\/es\/wp-json\/wp\/v2\/posts\/731795\/revisions"}],"wp:featuredmedia":[{"embeddable":true,"href":"https:\/\/www.europesays.com\/es\/wp-json\/wp\/v2\/media\/731796"}],"wp:attachment":[{"href":"https:\/\/www.europesays.com\/es\/wp-json\/wp\/v2\/media?parent=731795"}],"wp:term":[{"taxonomy":"category","embeddable":true,"href":"https:\/\/www.europesays.com\/es\/wp-json\/wp\/v2\/categories?post=731795"},{"taxonomy":"post_tag","embeddable":true,"href":"https:\/\/www.europesays.com\/es\/wp-json\/wp\/v2\/tags?post=731795"}],"curies":[{"name":"wp","href":"https:\/\/api.w.org\/{rel}","templated":true}]}}