{"id":731829,"date":"2026-08-26T09:29:14","date_gmt":"2026-08-26T09:29:14","guid":{"rendered":"https:\/\/www.europesays.com\/es\/731829\/"},"modified":"2026-08-26T09:29:14","modified_gmt":"2026-08-26T09:29:14","slug":"el-canterano-del-celta-mateo-sobral-titular-en-su-debut-con-la-seleccion-espanola-sub-18-la-voz-de-galicia","status":"publish","type":"post","link":"https:\/\/www.europesays.com\/es\/731829\/","title":{"rendered":"El canterano del Celta Mateo Sobral, titular en su debut con la selecci\u00f3n espa\u00f1ola sub-18 &#8211; La Voz de Galicia"},"content":{"rendered":"<ol>\n<li><a href=\"https:\/\/news.google.com\/rss\/articles\/CBMi6gFBVV95cUxNSGVCS29nNnlMekg1TEU3T1hVT0lESExmUHZsQ2lCOFFrMUJzVDhIVDdtM21BVVlVYTFCQzV2dC1RMXhOQXRqY05vN0JscnRYc0hvdHQ2RzVZOHR3SzBmekd0enBkTk5xYzNMZWFKOHpxWmxoc18tdkg4VHBPRGI1X3lDMDRreWJFWXdmVWJBRXNWYmJDZjh5SWE4cmR0OU43OTF5Ym02S0pGQUJyZGxVY01TTG8tOHJSUzkzeTBPcHNfczRaRVNOWlF4N2pmbEx0WlhqOFVaSUVHcURZWUxfSXhGdFVLOERrNmfSAYYCQVVfeXFMTVFnWnEyMzRsMl9IZFhpZ1h5b19aaGtkYVYwakw1SVJVVW9SeGZZbUNJck5WTjhmRk1xaXpGbmgxNVBFNTNHby1RUEZSLVYzUHpJUUxuVWdqRFZhWG1LcmxjMVhZdGN4YVp2Q2hsQ3dtRjRUWi11N0U2NDFXNHV4QWpZNUJ4OFRheWRwUjZBQUVwc1UzNHBzbElWU2kxdVk0dG1WS1RkSGtycmFtNGdXd0F0QjJzSi1iM0J4Z3lHM3VlZjI2YUpTb1BPYzBTTGZ1Z0JXbmZyMGhBNThUY2Z3cndDUWVIa28wOU1YeWkwNmJHRFI2U1BkaGhicGQ0elVlSlNWUjltQQ?oc=5\" target=\"_blank\" rel=\"nofollow noopener\">El canterano del Celta Mateo Sobral, titular en su debut con la selecci\u00f3n espa\u00f1ola sub-18<\/a>&nbsp;&nbsp;La Voz de Galicia<\/li>\n<li><a href=\"https:\/\/news.google.com\/rss\/articles\/CBMib0FVX3lxTE51SzctYnpSeXdPXzlCQk9GNlVRRjJPak9mT0RBejNmd3RWVDhVRmgwMDdEOG5OT1NuSDdjYWNNNEV1RUpQelRmZVVyZkFBbVM1WnU2NXlXNmt3ZlRzTTJlNG92SkNJZnNQcUV0WmN6Yw?oc=5\" target=\"_blank\" rel=\"nofollow noopener\">Espa\u00f1a vence a Arabia Saud\u00ed en el primer duelo del cuadrangular (2-1)<\/a>&nbsp;&nbsp;RFEF<\/li>\n<li><a href=\"https:\/\/news.google.com\/rss\/articles\/CBMi0AFBVV95cUxNZ2JBNTRnc0hNdWFQWFFRU3d4bkxpSVBtQzhyYzhFOFJxY05FT0x3QUpPenRUV3BDUjFEMWpCbFpNSlZJdHRXTk1yeTJZN29Vd1VUZ1l4SW5QbEFFbEM3cEh6cndyeC04a3hsaUpOakYwZ250NTNqaDVWOVVaRnd6Nm8zcFRnTm1MbWI4VmVjZnNFQnNRcmpROVZ3TmFicEtoQVZMdmhWOGxLdUNza29JZ3NhNEkyOU11d2Q0X1lWTkhsWEtpdlJiaUh2NFJfMlJY?oc=5\" target=\"_blank\" rel=\"nofollow noopener\">Mauro Valeiro jug\u00f3 completo el partido de Espa\u00f1a sub-18 ante Arabia Saud\u00ed, que acab\u00f3 en triunfo hispano por 2-1<\/a>&nbsp;&nbsp;Deportivo de La Coru\u00f1a<\/li>\n<li><a href=\"https:\/\/news.google.com\/rss\/articles\/CBMisgFBVV95cUxOcnhlWVUtSzVqV2NfcWFxOFhRdTR0T2FmUFB6SmxTajllZEE4OWozM056Y2RQTnp4V0wzQnlhZnJQU3JHMml2eUp5TUtQMVpucWNqNHBEeGdxYy0zbUkyWkhEVWJfUEs5Nm5yaWZpRmticDFQWVVCNXYtUnAtY2Q5aXVMSnBxQlg5R2pvUnNRc2lIVG1ySWo2NlY1Z2k2R2sxU08xQTFWajF3dUVlc3hEV1930gG_AUFVX3lxTE1BQVM4T2JGSUU1NTVIUEZGSnV5LVEzNHhFTklja05DNHBQcTBxMHZwRFl5Wlc2N0hzcVlKbkxXSlZlQ1BxTE40Mjd3NmRjSU5uSldScFpENTJqZGM2bzAxR19PTG1vdDAxY3pKVU9oeEVNV01qQW9aUnV5TU9jVHBIV3VuR3BaTndWME5FZzVqRFlsdWNjd3J0OFUzd3RxVmRfbDBaNlVIUndXeGNSNmh2eTZURG9TX1pnaGwwVWxz?oc=5\" target=\"_blank\" rel=\"nofollow noopener\">2-1: Zuk marca en el triunfo de una Sub-18 con Pesquer<\/a>&nbsp;&nbsp;Mundo Deportivo<\/li>\n<li><a href=\"https:\/\/news.google.com\/rss\/articles\/CBMiiAFBVV95cUxQUGFPeUFQdlRWTGRRNEV4U2hFWEpMT05nLVhIa0JlT0xjeVFuZ3g0R29hdGxmakhzWkl0UTN3MXhwek1vWFFQME5nTE9jQW9Sd0IzOUxMSC1ObnZxLVlyWV9EMV9DYmlGZi1ZdHVwQUlsTENISi1LdW5pTVc5bkRKV3c0YUdSMWZx0gGQAUFVX3lxTFBSYWdRZ0NvZ01MVE84UmFMSEFSbFZTQ3ItNWRoaWFmQ3dmLWhmZ21wUm5ORHJEX2NtU1BoRlZwOUJyQ0c5ZXMzU1JBckc2eThIcWZzQXRZVUczR0JCZ3hmQ25jYmVfN052ZzRld0hHZnNmNk1mcXVGNTNuY20yTVB4RFNXRlhuZGtjZkJNalphTw?oc=5\" target=\"_blank\" rel=\"nofollow noopener\">Sin Ebrima y con Pesquer: El 1&#215;1 de las 5 joyas blaugranas de la Sub-18<\/a>&nbsp;&nbsp;SPORT<\/li>\n<\/ol>\n","protected":false},"excerpt":{"rendered":"El canterano del Celta Mateo Sobral, titular en su debut con la selecci\u00f3n espa\u00f1ola sub-18&nbsp;&nbsp;La Voz de Galicia&hellip;\n","protected":false},"author":2,"featured_media":731830,"comment_status":"","ping_status":"","sticky":false,"template":"","format":"standard","meta":{"footnotes":""},"categories":[93],"tags":[38498,290,168,25,24,23,167],"class_list":["post-731829","post","type-post","status-publish","format-standard","has-post-thumbnail","category-deportes","tag-cantera-celta","tag-celta","tag-deportes","tag-es","tag-espana","tag-spain","tag-sports"],"share_on_mastodon":{"url":"https:\/\/pubeurope.com\/@es\/117161110261978382","error":""},"_links":{"self":[{"href":"https:\/\/www.europesays.com\/es\/wp-json\/wp\/v2\/posts\/731829","targetHints":{"allow":["GET"]}}],"collection":[{"href":"https:\/\/www.europesays.com\/es\/wp-json\/wp\/v2\/posts"}],"about":[{"href":"https:\/\/www.europesays.com\/es\/wp-json\/wp\/v2\/types\/post"}],"author":[{"embeddable":true,"href":"https:\/\/www.europesays.com\/es\/wp-json\/wp\/v2\/users\/2"}],"replies":[{"embeddable":true,"href":"https:\/\/www.europesays.com\/es\/wp-json\/wp\/v2\/comments?post=731829"}],"version-history":[{"count":0,"href":"https:\/\/www.europesays.com\/es\/wp-json\/wp\/v2\/posts\/731829\/revisions"}],"wp:featuredmedia":[{"embeddable":true,"href":"https:\/\/www.europesays.com\/es\/wp-json\/wp\/v2\/media\/731830"}],"wp:attachment":[{"href":"https:\/\/www.europesays.com\/es\/wp-json\/wp\/v2\/media?parent=731829"}],"wp:term":[{"taxonomy":"category","embeddable":true,"href":"https:\/\/www.europesays.com\/es\/wp-json\/wp\/v2\/categories?post=731829"},{"taxonomy":"post_tag","embeddable":true,"href":"https:\/\/www.europesays.com\/es\/wp-json\/wp\/v2\/tags?post=731829"}],"curies":[{"name":"wp","href":"https:\/\/api.w.org\/{rel}","templated":true}]}}