{"id":731897,"date":"2026-08-26T10:25:19","date_gmt":"2026-08-26T10:25:19","guid":{"rendered":"https:\/\/www.europesays.com\/es\/731897\/"},"modified":"2026-08-26T10:25:19","modified_gmt":"2026-08-26T10:25:19","slug":"mueren-una-madre-y-su-hija-heridas-por-la-tormenta-de-roda-de-bera-tarragona-del-sabado","status":"publish","type":"post","link":"https:\/\/www.europesays.com\/es\/731897\/","title":{"rendered":"Mueren una madre y su hija heridas por la tormenta de Roda de Ber\u00e0 (Tarragona) del s\u00e1bado"},"content":{"rendered":"<p class=\"article-text\">\n        Dos mujeres, madre e hija, han fallecido este mi\u00e9rcoles a consecuencia de las heridas que sufrieron<a href=\"https:\/\/www.eldiario.es\/catalunya\/lluvias-torrenciales-tarragona-dejan-tres-heridos-obligan-evacuar-camping-discoteca_1_13461257.html\" target=\"_blank\" data-mrf-recirculation=\"links-noticia\" class=\"link\" rel=\"nofollow noopener\"> este s\u00e1bado durante el episodio de lluvias torrenciales que cruz\u00f3 la provincia de Tarragona.<\/a> Las dos fallecidas son una madre y una hija de 17 a\u00f1os que resultaron heridas en Roda de Ber\u00e0 (Tarragona) al caerles encima un muro de una casa en la zona del puerto deportivo durante la madrugada. En el mismo accidente tambi\u00e9n result\u00f3 herido el abuelo.\n    <\/p>\n<p class=\"article-text\">\n        En el momento de la tormenta, madre e hija dorm\u00edan con el abuelo dentro de una de las paradas del mercadillo del puerto deportivo de Roda de Ber\u00e0. La fuerza del agua tumb\u00f3 el muro que separaba la calle de una finca privada y cay\u00f3 sobre ellos. El president de la Generalitat, Salvador Illa, ha sido el primero en dar el p\u00e9same a la familia de las fallecidas\n    <\/p>\n<blockquote class=\"twitter-tweet\" data-lang=\"es\"><p><a href=\"https:\/\/twitter.com\/X\/status\/2092509115687784488?ref_src=twsrc%5Etfw\" rel=\"nofollow noopener\" target=\"_blank\"><\/p><\/blockquote>\n<p class=\"article-text\">\n        Las lluvias torrenciales ca\u00eddas en las comarcas del Tarragon\u00e8s y Baix Pened\u00e8s de Tarragona en la madrugada del s\u00e1bado inundaron calles, carreteras y campings y dejaron once heridos, adem\u00e1s de cortes en v\u00edas y l\u00edneas ferroviarias.\n    <\/p>\n<p class=\"article-text\">\n        Con centenares de desalojados, El Vendrell, Roda de Ber\u00e0, Creixell y Torredembarra fueron los municipios m\u00e1s afectados por las lluvias, en un episodio de tormentas que ha desatado una pol\u00e9mica pol\u00edtica ante las cr\u00edticas al Govern por no haber enviado un mensaje ES-Alert.\n    <\/p>\n<p class=\"article-text\">\n        El Sistema de Emergencias M\u00e9dicas (SEM) atendi\u00f3 a unas 40 personas. De ellas, once tuvieron que ser trasladadas heridas a centros m\u00e9dicos: cuatro al hospital de Santa Tecla y dos al Joan XXIII, ambos en Tarragona; tres al Hospital del Vendrell, uno al Centro de Asistencia Primaria de Calafell y otro al CAP de Torredembarra.\n    <\/p>\n<p class=\"article-text\">\n        En Roda de Ber\u00e0 hubo otros dos heridos leves en un camping, el Arc de Ber\u00e0, en el que pernocataban unas 300 personas, y que fue desalojado a ra\u00edz de las inundaciones. Los campistas fueron trasladados hasta un polideportivo donde m\u00e1s de un centenar de ellos pasaron la noche, y el s\u00e1bado regresaron al camping.\n    <\/p>\n<p>    <a href=\"https:\/\/www.eldiario.es\/catalunya\/lluvias-torrenciales-tarragona-dejan-tres-heridos-obligan-evacuar-camping-discoteca_1_13461257.html\" data-mrf-recirculation=\"saber-mas-abajo\" data-dl-event=\"saber-mas-abajo\" rel=\"nofollow noopener\" target=\"_blank\"><\/p>\n<p class=\"know-more__title\">Las lluvias torrenciales en Tarragona dejan once heridos y obligan a evacuar un camping y una discoteca\n<\/p>\n<p>            <img decoding=\"async\" class=\"lazy\" loading=\"lazy\" data-src=\"https:\/\/static.eldiario.es\/clip\/27a885ed-e05e-487e-9fa5-8a0de33551db_16-9-aspect-ratio_default_0.jpg\" src=\"data:image\/svg+xml,%3Csvg xmlns=\" http:=\"\" viewbox=\"0 0 880 495\" alt=\"Las lluvias torrenciales en Tarragona dejan once heridos y obligan a evacuar un camping y una discoteca\"\/><\/p>\n<p>                        <\/a><\/p>\n<p class=\"article-text\">\n        Otro episodio de lluvias, aunque de menor intensidad, volvi\u00f3 a travesar Tarragona este lunes, sin dejar da\u00f1os personales aunque s\u00ed nuevos \u00e1rboles ca\u00eddos sobre tiendas y bungalows de campings y calles inundadas.\n    <\/p>\n<p>                                        <script async src=\"https:\/\/platform.twitter.com\/widgets.js\" charset=\"utf-8\"><\/script><\/p>\n","protected":false},"excerpt":{"rendered":"Dos mujeres, madre e hija, han fallecido este mi\u00e9rcoles a consecuencia de las heridas que sufrieron este s\u00e1bado&hellip;\n","protected":false},"author":2,"featured_media":731898,"comment_status":"","ping_status":"","sticky":false,"template":"","format":"standard","meta":{"footnotes":""},"categories":[5],"tags":[517,210,17,18,1980,95,25,24,13,14,11,1982,19,20,9,10,15,16,1981,952,23,12,21,22],"class_list":["post-731897","post","type-post","status-publish","format-standard","has-post-thumbnail","category-titulares","tag-actualidad","tag-barcelona","tag-breaking-news","tag-breakingnews","tag-cataluna","tag-economia","tag-es","tag-espana","tag-featured-news","tag-featurednews","tag-headlines","tag-ignacio-escolar","tag-latest-news","tag-latestnews","tag-news","tag-noticias","tag-noticias-destacadas","tag-noticiasdestacadas","tag-periodismo-independiente","tag-politica","tag-spain","tag-titulares","tag-ultimas-noticias","tag-ultimasnoticias"],"share_on_mastodon":{"url":"https:\/\/pubeurope.com\/@es\/117161330321042113","error":""},"_links":{"self":[{"href":"https:\/\/www.europesays.com\/es\/wp-json\/wp\/v2\/posts\/731897","targetHints":{"allow":["GET"]}}],"collection":[{"href":"https:\/\/www.europesays.com\/es\/wp-json\/wp\/v2\/posts"}],"about":[{"href":"https:\/\/www.europesays.com\/es\/wp-json\/wp\/v2\/types\/post"}],"author":[{"embeddable":true,"href":"https:\/\/www.europesays.com\/es\/wp-json\/wp\/v2\/users\/2"}],"replies":[{"embeddable":true,"href":"https:\/\/www.europesays.com\/es\/wp-json\/wp\/v2\/comments?post=731897"}],"version-history":[{"count":0,"href":"https:\/\/www.europesays.com\/es\/wp-json\/wp\/v2\/posts\/731897\/revisions"}],"wp:featuredmedia":[{"embeddable":true,"href":"https:\/\/www.europesays.com\/es\/wp-json\/wp\/v2\/media\/731898"}],"wp:attachment":[{"href":"https:\/\/www.europesays.com\/es\/wp-json\/wp\/v2\/media?parent=731897"}],"wp:term":[{"taxonomy":"category","embeddable":true,"href":"https:\/\/www.europesays.com\/es\/wp-json\/wp\/v2\/categories?post=731897"},{"taxonomy":"post_tag","embeddable":true,"href":"https:\/\/www.europesays.com\/es\/wp-json\/wp\/v2\/tags?post=731897"}],"curies":[{"name":"wp","href":"https:\/\/api.w.org\/{rel}","templated":true}]}}