{"id":731915,"date":"2026-08-26T10:44:30","date_gmt":"2026-08-26T10:44:30","guid":{"rendered":"https:\/\/www.europesays.com\/es\/731915\/"},"modified":"2026-08-26T10:44:30","modified_gmt":"2026-08-26T10:44:30","slug":"tamara-falco-inigo-onieva-reaparecen-disfrutando-de-sus-vacaciones-mas-relajadas-en-su-refugio-veraniego-favorito","status":"publish","type":"post","link":"https:\/\/www.europesays.com\/es\/731915\/","title":{"rendered":"Tamara Falc\u00f3 \u00cd\u00f1igo Onieva reaparecen disfrutando de sus vacaciones m\u00e1s relajadas en su refugio veraniego favorito"},"content":{"rendered":"<p data-journey-content=\"true\" data-node-id=\"3\" class=\"css-1ood0zq emevuu60\">No ve\u00edamos a <a href=\"https:\/\/www.diezminutos.es\/tamara-falco\/\" target=\"_blank\" data-vars-ga-outbound-link=\"https:\/\/www.diezminutos.es\/tamara-falco\/\" data-vars-ga-ux-element=\"Hyperlink\" data-vars-ga-call-to-action=\"Tamara Falc\u00f3\" data-node-id=\"3.1\" class=\"body-link css-1v1lrc0 emevuu60\" rel=\"nofollow noopener\"><strong data-node-id=\"3.1.0\">Tamara Falc\u00f3<\/strong><\/a> e <strong data-node-id=\"3.3\">\u00cd\u00f1igo Onieva<\/strong> desde que el pasado mes de junio compartieron en sus redes fotos de <a href=\"https:\/\/www.diezminutos.es\/famosos-corazon\/famosos-espanoles\/a71825218\/el-refugio-siciliano-tamara-falco-lujo-taormina\/\" target=\"_blank\" data-vars-ga-outbound-link=\"https:\/\/www.diezminutos.es\/famosos-corazon\/famosos-espanoles\/a71825218\/el-refugio-siciliano-tamara-falco-lujo-taormina\/\" data-vars-ga-ux-element=\"Hyperlink\" data-vars-ga-call-to-action=\"un lujoso crucero por el Mediterr\u00e1neo con el que visitaron la preciosa Sicilia\" data-node-id=\"3.5\" class=\"body-link css-1v1lrc0 emevuu60\" rel=\"nofollow noopener\">un lujoso <strong data-node-id=\"3.5.1\">crucero por el Mediterr\u00e1neo<\/strong> con el que visitaron la preciosa <strong data-node-id=\"3.5.3\">Sicilia<\/strong><\/a><strong data-node-id=\"3.6\"\/>. Pero, por fin, hemos descubierto d\u00f3nde est\u00e1n recargando pilas de cara a septiembre. La pareja <strong data-node-id=\"3.8\">ha vuelto a elegir C\u00e1diz<\/strong> para desconectar, un destino en el que disfrutan, se relajan y desconectan cada verano. Casi podr\u00edamos decir que es <strong data-node-id=\"3.10\">el lugar donde se toman vacaciones de las vacaciones<\/strong>, porque despu\u00e9s de recorrer mundo, C\u00e1diz es el lugar donde tocan tierra y verdaderamente recargan pilas. Y all\u00ed llevan instalados unas semanas, en la lujosa y exclusiva urbanizaci\u00f3n <strong data-node-id=\"3.12\">Sotogrande<\/strong>, donde disfrutan de una vida tranquila y alejada de los grandes planes. De hecho, estas im\u00e1genes, que publicamos en <strong data-node-id=\"3.14\">EXCLUSIVA <\/strong>en DIEZ MINUTOS, corresponden a una de las pocas salidas del matrimonio, que fue a comer a un restaurante de la zona, y es que <a href=\"https:\/\/www.diezminutos.es\/famosos-corazon\/famosos-espanoles\/a44867813\/tamara-falco-inigo-onieva-restaurante-cadiz\/\" target=\"_blank\" data-vars-ga-outbound-link=\"https:\/\/www.diezminutos.es\/famosos-corazon\/famosos-espanoles\/a44867813\/tamara-falco-inigo-onieva-restaurante-cadiz\/\" data-vars-ga-ux-element=\"Hyperlink\" data-vars-ga-call-to-action=\"disfrutar de la gastronom\u00eda es uno de sus planes favoritos a\u00f1o tras a\u00f1o\" data-node-id=\"3.16\" class=\"body-link css-1v1lrc0 emevuu60\" rel=\"nofollow noopener\">disfrutar de la gastronom\u00eda es uno de sus planes favoritos a\u00f1o tras a\u00f1o<\/a>. Para conocer todos los detalles y ver todas las fotos del matrimonio hazte con el n\u00famero que tienes en el kiosko desde este mi\u00e9rcoles 26 de agosto.<\/p>\n<p><img draggable=\"true\" alt=\"tamara falco e inigo onieva de vacaciones en cadiz\" title=\"Tamara Falco e Inigo Onieva de vacaciones en Cadiz\" loading=\"lazy\" width=\"3000\" height=\"4468\" decoding=\"async\" data-nimg=\"1\" style=\"color:transparent;width:100%;height:auto;\"   src=\"https:\/\/www.europesays.com\/es\/wp-content\/uploads\/2026\/08\/8832991f-c939-4362-acd7-454747fdaa87.jpg\" class=\"css-0 e1ddfba50\"\/><\/p>\n<p>Agencias<\/p>\n<p><img draggable=\"true\" alt=\"tamara falco e inigo onieva de vacaciones en cadiz\" title=\"Tamara Falco e Inigo Onieva de vacaciones en Cadiz\" loading=\"lazy\" width=\"3000\" height=\"2000\" decoding=\"async\" data-nimg=\"1\" style=\"color:transparent;width:100%;height:auto;\"   src=\"https:\/\/www.europesays.com\/es\/wp-content\/uploads\/2026\/08\/f69fceee-03d0-478f-b162-b65ef4b15916.jpg\" class=\"css-0 e1ddfba50\"\/><\/p>\n<p>Agencias<\/p>\n<p>Vacaciones familiares de Tamara Falc\u00f3 e \u00cd\u00f1igo Onieva con Ana Boyer y Fernando Verdasco<\/p>\n<p data-journey-content=\"true\" data-node-id=\"12\" class=\"css-1ood0zq emevuu60\">Las vacaciones de Tamara e \u00cd\u00f1igo tambi\u00e9n est\u00e1n teniendo un<strong data-node-id=\"12.1\"> marcado car\u00e1cter familiar<\/strong>. Por la zona de la costa se encuentran Ana Boyer y Fernando Verdasco con sus hijos. <strong data-node-id=\"12.3\">Y hemos podido saber que Ana ha compartido tiempo con Tamara,<\/strong> y que \u00e9sta ha podido disfrutar de su nueva sobrina, <a href=\"https:\/\/www.diezminutos.es\/famosos-corazon\/famosos-espanoles\/a71203992\/ana-boyer-y-fernando-verdasco-cuarto-hijo-nacimiento\/\" target=\"_blank\" data-vars-ga-outbound-link=\"https:\/\/www.diezminutos.es\/famosos-corazon\/famosos-espanoles\/a71203992\/ana-boyer-y-fernando-verdasco-cuarto-hijo-nacimiento\/\" data-vars-ga-ux-element=\"Hyperlink\" data-vars-ga-call-to-action=\"Mia, que naci\u00f3 el pasado 4 de mayo\" data-node-id=\"12.5\" class=\"body-link css-1v1lrc0 emevuu60\" rel=\"nofollow noopener\">Mia, que naci\u00f3 el pasado 4 de mayo<\/a>. <\/p>\n<p data-journey-content=\"true\" data-node-id=\"16\" class=\"css-1ood0zq emevuu60\">Sin duda, estas semanas de relax le vendr\u00e1n muy bien a la pareja <strong data-node-id=\"16.1\">antes de volver a sus respectivos trabajos<\/strong>: Tamara, como colaboradora de &#8216;<a href=\"https:\/\/www.diezminutos.es\/el-hormiguero\/\" target=\"_blank\" data-vars-ga-outbound-link=\"https:\/\/www.diezminutos.es\/el-hormiguero\/\" data-vars-ga-ux-element=\"Hyperlink\" data-vars-ga-call-to-action=\"El Hormiguero\" data-node-id=\"16.3\" class=\"body-link css-1v1lrc0 emevuu60\" rel=\"nofollow noopener\">El Hormiguero<\/a>&#8216; y como dise\u00f1adora de su marca de ropa, mientras \u00cd\u00f1igo retomar\u00e1 su nueva responsabilidad como administrador \u00fanico, ahora en solitario, de &#8216;<strong data-node-id=\"16.5\">Vega Members Clu<\/strong><strong data-node-id=\"16.6\">b<\/strong>&#8216; \u2014<a href=\"https:\/\/www.diezminutos.es\/moda-belleza\/belleza\/a70649265\/tamara-falco-duelo-estilo-isabel-presyler-local-inigo-onieva\/\" target=\"_blank\" data-vars-ga-outbound-link=\"https:\/\/www.diezminutos.es\/moda-belleza\/belleza\/a70649265\/tamara-falco-duelo-estilo-isabel-presyler-local-inigo-onieva\/\" data-vars-ga-ux-element=\"Hyperlink\" data-vars-ga-call-to-action=\"el local de lujo en la Milla de Oro madrile\u00f1a que inaugur\u00f3 \u00cd\u00f1igo el pasado marzo\" data-node-id=\"16.8\" class=\"body-link css-1v1lrc0 emevuu60\" rel=\"nofollow noopener\">el local de lujo en la Milla de Oro madrile\u00f1a que inaugur\u00f3 \u00cd\u00f1igo el pasado marzo<\/a>\u2014, tras la salida de Manuel Campos Guallar, hasta ahora propietario de la empresa. <strong data-node-id=\"16.10\">Un salto empresarial, desde luego, muy importante para el madrile\u00f1o<\/strong>.<\/p>\n<p><img draggable=\"true\" alt=\"tamara falco y su madre, isabel preysler, en la inauguracion de vega members club\" title=\"Tamara Falco y su madre, Isabel Preysler, en la inauguracion de Vega Members Club\" loading=\"lazy\" width=\"3000\" height=\"2000\" decoding=\"async\" data-nimg=\"1\" style=\"color:transparent;width:100%;height:auto;\"   src=\"https:\/\/www.europesays.com\/es\/wp-content\/uploads\/2026\/08\/34f34960-cdb0-45ee-a949-a1ef7ccc0da3.jpg\" class=\"css-0 e1ddfba50\"\/>GIM<\/p>\n<p>\u00cd\u00f1igo Onieva abri\u00f3 \u2019Vega Members Club\u2019 en marzo y no falt\u00f3 nadie. En la imagen, Tamara Falc\u00f3 y su madre, Isabel Preysler, que acapararon todos los flashes. <\/p>\n<p data-journey-content=\"true\" data-node-id=\"22\" class=\"css-1ood0zq emevuu60\">Puedes ver todos los detalles de las vacaciones m\u00e1s relajadas de Tamara e \u00cd\u00f1igo en C\u00e1diz, las im\u00e1genes en EXCLUSIVA y los planes de la pareja en el<strong data-node-id=\"22.1\"> nuevo n\u00famero de DIEZ MINUTOS, disponible en el kiosko desde este mi\u00e9rcoles<\/strong>.<strong data-node-id=\"22.3\"\/><br data-node-id=\"22.4\"\/><\/p>\n<p><img draggable=\"true\" alt=\"portada de la revista diez minutos, numero 3915, con las vacaciones de tamara falco e inigo onieva en cadiz\" title=\"Portada de la revista DIEZ MINUTOS, numero 3915, con las vacaciones de Tamara Falco e Inigo Onieva en Cadiz\" loading=\"lazy\" width=\"3000\" height=\"4094\" decoding=\"async\" data-nimg=\"1\" style=\"color:transparent;width:100%;height:auto;\"   src=\"https:\/\/www.europesays.com\/es\/wp-content\/uploads\/2026\/08\/805e291d-8da9-4a73-bf5d-02e8df6c7fe5.jpg\" class=\"css-0 e1ddfba50\"\/><\/p>\n<p>Agencias \/ Hearst<\/p>\n","protected":false},"excerpt":{"rendered":"No ve\u00edamos a Tamara Falc\u00f3 e \u00cd\u00f1igo Onieva desde que el pasado mes de junio compartieron en sus&hellip;\n","protected":false},"author":2,"featured_media":731916,"comment_status":"","ping_status":"","sticky":false,"template":"","format":"standard","meta":{"footnotes":""},"categories":[91],"tags":[253,146,147,25,24,12719,23],"class_list":["post-731915","post","type-post","status-publish","format-standard","has-post-thumbnail","category-entretenimiento","tag-discover","tag-entertainment","tag-entretenimiento","tag-es","tag-espana","tag-print","tag-spain"],"share_on_mastodon":{"url":"https:\/\/pubeurope.com\/@es\/117161405088086426","error":""},"_links":{"self":[{"href":"https:\/\/www.europesays.com\/es\/wp-json\/wp\/v2\/posts\/731915","targetHints":{"allow":["GET"]}}],"collection":[{"href":"https:\/\/www.europesays.com\/es\/wp-json\/wp\/v2\/posts"}],"about":[{"href":"https:\/\/www.europesays.com\/es\/wp-json\/wp\/v2\/types\/post"}],"author":[{"embeddable":true,"href":"https:\/\/www.europesays.com\/es\/wp-json\/wp\/v2\/users\/2"}],"replies":[{"embeddable":true,"href":"https:\/\/www.europesays.com\/es\/wp-json\/wp\/v2\/comments?post=731915"}],"version-history":[{"count":0,"href":"https:\/\/www.europesays.com\/es\/wp-json\/wp\/v2\/posts\/731915\/revisions"}],"wp:featuredmedia":[{"embeddable":true,"href":"https:\/\/www.europesays.com\/es\/wp-json\/wp\/v2\/media\/731916"}],"wp:attachment":[{"href":"https:\/\/www.europesays.com\/es\/wp-json\/wp\/v2\/media?parent=731915"}],"wp:term":[{"taxonomy":"category","embeddable":true,"href":"https:\/\/www.europesays.com\/es\/wp-json\/wp\/v2\/categories?post=731915"},{"taxonomy":"post_tag","embeddable":true,"href":"https:\/\/www.europesays.com\/es\/wp-json\/wp\/v2\/tags?post=731915"}],"curies":[{"name":"wp","href":"https:\/\/api.w.org\/{rel}","templated":true}]}}