{"id":731917,"date":"2026-08-26T10:45:19","date_gmt":"2026-08-26T10:45:19","guid":{"rendered":"https:\/\/www.europesays.com\/es\/731917\/"},"modified":"2026-08-26T10:45:19","modified_gmt":"2026-08-26T10:45:19","slug":"un-telescopio-del-iac-descubre-un-asteroide-de-10-metros-que-paso-a-solo-14-573-kilometros-de-la-tierra","status":"publish","type":"post","link":"https:\/\/www.europesays.com\/es\/731917\/","title":{"rendered":"Un telescopio del IAC descubre un asteroide de 10 metros que pas\u00f3 a solo 14.573 kil\u00f3metros de la Tierra"},"content":{"rendered":"<p>\t\tUn telescopio del IAC descubre un asteroide de 10 metros que pas\u00f3 a solo 14.573 kil\u00f3metros de la Tierra\t<\/p>\n<dl class=\"article-info\">\n<dt class=\"article-info-term\">Detalles<\/dt>\n<dd class=\"category-name\">\n\t\t\t\tCategor\u00eda: <a href=\"https:\/\/www.eltime.es\/isla-bonita\/137-el-cielo-de-la-palma.html\" rel=\"nofollow noopener\" target=\"_blank\">Isla de Estrellas<\/a>\t\t<\/dd>\n<dd class=\"create\">\n\tCreado en Mi\u00e9rcoles, 26 Agosto 2026\t<\/dd>\n<dd class=\"createdby\">\n<p>\t\t\tEscrito por El Time\t\t<\/dd>\n<\/dl>\n<p>\t<a href=\"whatsapp:\/\/send?text=https%3A%2F%2Fwww.eltime.es%2Fisla-bonita%2F137-el-cielo-de-la-palma%2F59848-un-telescopio-del-iac-descubre-un-asteroide-de-10-metros-que-paso-a-solo-14-573-kilometros-de-la-tierra.html\" data-action=\"share\/whatsapp\/share\" rel=\"nofollow\"> <img decoding=\"async\" src=\"https:\/\/www.europesays.com\/es\/wp-content\/uploads\/2026\/08\/1787741116_413_whatsapp.png\" alt=\"Compartir entrada en WhatsApp\" style=\"width: auto; height:20px !important; padding: 0px !important; border-radius:3px !important; float: left !important; margin-right:5px !important\" \/> <\/a>\t\t\t\t\t\t\t\t\t\t\t\t<\/p>\n<p>\t\t\t\t\t\t<a href=\"https:\/\/www.pinterest.com\/pin\/create\/button\/\" data-pin-do=\"buttonBookmark\" data-pin-color=\"red\" rel=\"nofollow noopener\" target=\"_blank\"><img decoding=\"async\" src=\"https:\/\/www.europesays.com\/es\/wp-content\/uploads\/2026\/08\/1787741117_285_pinit_fg_en_rect_red_20.png\" \/><\/a><\/p>\n<p>&#13;<br \/>\n\t<img decoding=\"async\" alt=\"\" src=\"https:\/\/www.europesays.com\/es\/wp-content\/uploads\/2026\/08\/orbita-2026PC6.png\" \/><\/p>\n<p>&#13;<br \/>\n\tEl telescopio ATLAS-Teide, instalado por el Instituto de Astrof\u00edsica de Canarias (IAC) en el Observatorio del Teide, ha descubierto un peque\u00f1o asteroide que protagoniz\u00f3 el encuentro m\u00e1s pr\u00f3ximo con la Tierra registrado en lo que va de 2026. El objeto pas\u00f3 a solo 14.573 kil\u00f3metros de la superficie terrestre durante la madrugada del pasado 12 de agosto.<\/p>\n<p>&#13;<br \/>\n\tEl asteroide, denominado oficialmente 2026 PC6, tiene un di\u00e1metro estimado de unos diez metros, un tama\u00f1o similar al de una guagua. Fue detectado por ATLAS-Teide el 11 de agosto, alrededor de un d\u00eda antes de alcanzar su punto de m\u00e1xima aproximaci\u00f3n.<\/p>\n<p>&#13;<br \/>\n\tLa distancia fue tan reducida que el objeto cruz\u00f3 la \u00f3rbita de los sat\u00e9lites artificiales geoestacionarios. Durante su aproximaci\u00f3n lleg\u00f3 adem\u00e1s a desplazarse por el cielo a m\u00e1s de dos grados por minuto. Pese a la cercan\u00eda, el IAC se\u00f1ala que en ning\u00fan momento existi\u00f3 riesgo de impacto y el asteroide continu\u00f3 posteriormente su trayectoria alej\u00e1ndose de la Tierra.<\/p>\n<p>&#13;<br \/>\n\t<strong>Detectado apenas un d\u00eda antes<\/strong><\/p>\n<p>&#13;<br \/>\n\tEl reducido tama\u00f1o de estos cuerpos hace que puedan resultar dif\u00edciles de localizar hasta poco antes de aproximarse al planeta. Tras la primera detecci\u00f3n de 2026 PC6, la red internacional de observaci\u00f3n realiz\u00f3 alrededor de un centenar de mediciones que permitieron determinar su \u00f3rbita y descartar un posible impacto.<\/p>\n<p>&#13;<br \/>\n\tEl investigador del IAC y responsable de ATLAS-Teide, Javier Licandro, destaca que se trata precisamente del tipo de objeto para cuya detecci\u00f3n fue desarrollado este sistema: cuerpos \u201cpeque\u00f1os, muy cercanos y dif\u00edciles de ver\u201d.<\/p>\n<p>&#13;<br \/>\n\tATLAS \u2014Asteroid Terrestrial-impact Last Alert System\u2014 es una red de alerta temprana financiada por la NASA y desarrollada por la Universidad de Haw\u00e1i para detectar asteroides que se aproximan a la Tierra con el mayor margen de aviso posible.<\/p>\n<p>&#13;<br \/>\n\tEl nodo del Teide fue instalado en enero de 2025 y comenz\u00f3 sus operaciones sistem\u00e1ticas en mayo de ese mismo a\u00f1o. Desde entonces, seg\u00fan el IAC, ha descubierto una veintena de asteroides cercanos a la Tierra y ha realizado miles de observaciones de este tipo de objetos.<\/p>\n","protected":false},"excerpt":{"rendered":"Un telescopio del IAC descubre un asteroide de 10 metros que pas\u00f3 a solo 14.573 kil\u00f3metros de la&hellip;\n","protected":false},"author":2,"featured_media":731918,"comment_status":"","ping_status":"","sticky":false,"template":"","format":"standard","meta":{"footnotes":""},"categories":[81],"tags":[119,123,124,209,168,95,25,24,19529,3317,11741,433,12728,10,1925,1397,952,4286,117,121,122,492,23,257,118,120,807],"class_list":["post-731917","post","type-post","status-publish","format-standard","has-post-thumbnail","category-ciencia-y-tecnologia","tag-ciencia","tag-ciencia-y-tecnologia","tag-cienciaytecnologia","tag-cultura","tag-deportes","tag-economia","tag-es","tag-espana","tag-guia-de-servicios","tag-internet","tag-islas-canarias","tag-jovenes","tag-la-palma","tag-noticias","tag-opinion","tag-patrimonio","tag-politica","tag-reportajes","tag-science","tag-science-and-technology","tag-scienceandtechnology","tag-sociedad","tag-spain","tag-sucesos","tag-technology","tag-tecnologia","tag-television"],"share_on_mastodon":{"url":"","error":""},"_links":{"self":[{"href":"https:\/\/www.europesays.com\/es\/wp-json\/wp\/v2\/posts\/731917","targetHints":{"allow":["GET"]}}],"collection":[{"href":"https:\/\/www.europesays.com\/es\/wp-json\/wp\/v2\/posts"}],"about":[{"href":"https:\/\/www.europesays.com\/es\/wp-json\/wp\/v2\/types\/post"}],"author":[{"embeddable":true,"href":"https:\/\/www.europesays.com\/es\/wp-json\/wp\/v2\/users\/2"}],"replies":[{"embeddable":true,"href":"https:\/\/www.europesays.com\/es\/wp-json\/wp\/v2\/comments?post=731917"}],"version-history":[{"count":0,"href":"https:\/\/www.europesays.com\/es\/wp-json\/wp\/v2\/posts\/731917\/revisions"}],"wp:featuredmedia":[{"embeddable":true,"href":"https:\/\/www.europesays.com\/es\/wp-json\/wp\/v2\/media\/731918"}],"wp:attachment":[{"href":"https:\/\/www.europesays.com\/es\/wp-json\/wp\/v2\/media?parent=731917"}],"wp:term":[{"taxonomy":"category","embeddable":true,"href":"https:\/\/www.europesays.com\/es\/wp-json\/wp\/v2\/categories?post=731917"},{"taxonomy":"post_tag","embeddable":true,"href":"https:\/\/www.europesays.com\/es\/wp-json\/wp\/v2\/tags?post=731917"}],"curies":[{"name":"wp","href":"https:\/\/api.w.org\/{rel}","templated":true}]}}