{"id":731933,"date":"2026-08-26T10:59:33","date_gmt":"2026-08-26T10:59:33","guid":{"rendered":"https:\/\/www.europesays.com\/es\/731933\/"},"modified":"2026-08-26T10:59:33","modified_gmt":"2026-08-26T10:59:33","slug":"isabelle-junot-se-despide-de-agosto-en-sicilia-con-el-vestido-de-lino-perfecto-para-las-noches-de-verano","status":"publish","type":"post","link":"https:\/\/www.europesays.com\/es\/731933\/","title":{"rendered":"Isabelle Junot se despide de agosto en Sicilia con el vestido de lino perfecto para las noches de verano"},"content":{"rendered":"<p><b>Isabelle Junot sigue disfrutando de sus vacaciones en Sicilia con el vestido de lino m\u00e1s favorecedor del verano<\/b>. La celebridad est\u00e1 agotando los \u00faltimos d\u00edas de agosto con una maleta repleta de los b\u00e1sicos perfectos para las altas temperaturas. En estos momentos, los <a title=\"vestidos de lino\" href=\"https:\/\/www.larazon.es\/lifestyle\/moda\/vestido-lino-ines-garcia-bolso-mas-2000-euros-lamine-yamal-han-convertido-objeto-deseo_202608026a6f083fa5690f04735fb921.html\" target=\"_blank\" rel=\"nofollow noopener\">vestidos de lino<\/a> se convierten en objeto de deseo, solucion\u00e1ndonos los estilismos m\u00e1s fresquitos.<\/p>\n<p>La celebridad no ha tenido ninguna duda en publicarnos su \u00faltimo look en Instagram, momento donde las editoras de moda hemos hecho captura de pantalla para analizarlo en este art\u00edculo. <b>Isabelle Junot se ha enfundado en un vestido de lino de Johanna Ortiz<\/b>, la firma colombiana que tambi\u00e9n utilizan Tamara Falc\u00f3 e Isabel Preysler.<\/p>\n<p>El vestido de lino m\u00e1s favorecedor que tiene Isabelle Junot<\/p>\n<p>Como dec\u00edamos, la celebridad est\u00e1 disfrutando de sus vacaciones en la ciudad italiana con la familia. Eso s\u00ed, sin olvidarse de los imprescindibles del verano como es un buen vestido de lino que trasciende temporadas y siempre funciona en las altas temperaturas.<\/p>\n<p>Gracias a su material tan fluido y transpirable se convierte en la mejor opci\u00f3n para el calor o la humedad, adem\u00e1s de arreglar un estilismo en una sola puesta. Quienes hemos seguido los looks de <a title=\"Isabelle Junot\" href=\"https:\/\/www.larazon.es\/lifestyle\/moda\/cari-lapique-nieta-isabelle-junot-embarazada-elsa-anka-lidia-torrent-ines-domecq-firma-coleccion-que-convierte-estilo-herencia-familiar_2026032469c270bbe9252951fe886478.html\" target=\"_blank\" rel=\"nofollow noopener\">Isabelle Junot<\/a> durante estos meses sabemos que se ha declarado una amante de los vestidos.<\/p>\n<p>No nos extra\u00f1a, puesto que son la soluci\u00f3n para quienes vamos buscando comodidad y vernos bonitas de una manera f\u00e1cil y r\u00e1pida. Desde el vestido de estampado Paisley hasta el de estilo caft\u00e1n de flores. Ahora, se ha sumado al listado, este <b>vestido de lino con un estampado cl\u00e1sico y bicolor que funciona para las noches de verano<\/b>.<\/p>\n<p>Desde Tamara Falc\u00f3 a Isabel Preysler o Isabelle Junot: la firma colombina que est\u00e1 triunfando<\/p>\n<p>Sin ninguna duda, Johanna Ortiz est\u00e1 siendo la firma colombiana que m\u00e1s est\u00e1 triunfando en los armarios de las celebridades. Tambi\u00e9n viste a menudo a Tamara Falc\u00f3, Ana Boyer o Isabel Preylser con sus prendas de vestir que evocan al estilo bohemio y effortless que tan de moda est\u00e1 en las tendencias de la temporada.<\/p>\n<p>Esta vez, <b>Isabelle Junot se ha enfundado en un vestido de lino con estampado de palmeras en blanco y negro, cuello halter y espalda al descubierto<\/b>. Lo m\u00e1s caracter\u00edstico es el escote, puesto que se puede vestir de diferentes maneras, como cruzado o como dos tirantes.<\/p>\n<p>Al fin y al cabo, es un vestido vers\u00e1til que se puede utilizar para ir a la playa, comer en el chiringuito o recorrer la ciudad. Es el modelo Buen Viento y ahora mismo est\u00e1 disponible en todas las tallas por 1.015 euros.<\/p>\n<p><b>Vestido de lino, de Johanna Ortiz (1.015 euros)<\/b><\/p>\n<p><img decoding=\"async\" loading=\"lazy\" src=\"https:\/\/www.europesays.com\/es\/wp-content\/uploads\/2026\/08\/vestido-lino_123.jpg\" alt=\"Vestido de lino.\" width=\"2160\" height=\"2441\"\/><b>Vestido de lino.<\/b> Johanna OrtizEl look perfecto para las bodas de septiembre<\/p>\n<p>Este vestido de Isabelle Junot es ideal para las que buscan <b>el look perfecto para las bodas de septiembre<\/b>. Seg\u00fan las tendencias, estamos en b\u00fasqueda de los estilismos m\u00e1s desenfadados y bohemios; dejando de lado lo m\u00e1s arreglado o formal.<\/p>\n<p><img decoding=\"async\" loading=\"lazy\" src=\"https:\/\/www.europesays.com\/es\/wp-content\/uploads\/2026\/08\/isabelle-junot_123.jpg\" alt=\"Isabelle Junot.\" width=\"1067\" height=\"1422\"\/><b>Isabelle Junot.<\/b> Instagram @isabellejunot<\/p>\n<p>Por ello, este <a title=\"vestido de Johanna Ortiz\" href=\"https:\/\/www.larazon.es\/lifestyle\/moda\/tamara-falco-encuentra-vestido-perfecto-crucero-mediterraneo-diseno-johanna-ortiz-que-luce-banador-debajo_202607146a55da94c48a78681b883269.html\" target=\"_blank\" rel=\"nofollow noopener\">vestido de Johanna Ortiz<\/a> se convierte en una de las soluciones m\u00e1s \u00f3ptimas que no dejar\u00eda indiferente a nadie. Asimismo, con la aproximaci\u00f3n del oto\u00f1o e invierno, comenzaremos a utilizar estampados m\u00e1s discretos o una gama de colores oscura o neutra. Por lo que, este dise\u00f1o encaja con todas las directrices.<\/p>\n","protected":false},"excerpt":{"rendered":"Isabelle Junot sigue disfrutando de sus vacaciones en Sicilia con el vestido de lino m\u00e1s favorecedor del verano.&hellip;\n","protected":false},"author":2,"featured_media":731934,"comment_status":"","ping_status":"","sticky":false,"template":"","format":"standard","meta":{"footnotes":""},"categories":[174],"tags":[255,146,147,25,24,256,39747,1023,23,5732],"class_list":["post-731933","post","type-post","status-publish","format-standard","has-post-thumbnail","category-famosos","tag-celebrities","tag-entertainment","tag-entretenimiento","tag-es","tag-espana","tag-famosos","tag-isabelle-junot","tag-moda","tag-spain","tag-vestidos"],"share_on_mastodon":{"url":"https:\/\/pubeurope.com\/@es\/117161464809361612","error":""},"_links":{"self":[{"href":"https:\/\/www.europesays.com\/es\/wp-json\/wp\/v2\/posts\/731933","targetHints":{"allow":["GET"]}}],"collection":[{"href":"https:\/\/www.europesays.com\/es\/wp-json\/wp\/v2\/posts"}],"about":[{"href":"https:\/\/www.europesays.com\/es\/wp-json\/wp\/v2\/types\/post"}],"author":[{"embeddable":true,"href":"https:\/\/www.europesays.com\/es\/wp-json\/wp\/v2\/users\/2"}],"replies":[{"embeddable":true,"href":"https:\/\/www.europesays.com\/es\/wp-json\/wp\/v2\/comments?post=731933"}],"version-history":[{"count":0,"href":"https:\/\/www.europesays.com\/es\/wp-json\/wp\/v2\/posts\/731933\/revisions"}],"wp:featuredmedia":[{"embeddable":true,"href":"https:\/\/www.europesays.com\/es\/wp-json\/wp\/v2\/media\/731934"}],"wp:attachment":[{"href":"https:\/\/www.europesays.com\/es\/wp-json\/wp\/v2\/media?parent=731933"}],"wp:term":[{"taxonomy":"category","embeddable":true,"href":"https:\/\/www.europesays.com\/es\/wp-json\/wp\/v2\/categories?post=731933"},{"taxonomy":"post_tag","embeddable":true,"href":"https:\/\/www.europesays.com\/es\/wp-json\/wp\/v2\/tags?post=731933"}],"curies":[{"name":"wp","href":"https:\/\/api.w.org\/{rel}","templated":true}]}}