{"id":731951,"date":"2026-08-26T11:10:10","date_gmt":"2026-08-26T11:10:10","guid":{"rendered":"https:\/\/www.europesays.com\/es\/731951\/"},"modified":"2026-08-26T11:10:10","modified_gmt":"2026-08-26T11:10:10","slug":"canada-impone-aranceles-de-hasta-el-50-a-bienes-de-eeuu-estos-son-los-productos-afectados","status":"publish","type":"post","link":"https:\/\/www.europesays.com\/es\/731951\/","title":{"rendered":"Canad\u00e1 impone aranceles de hasta el 50% a bienes de EEUU: estos son los productos afectados"},"content":{"rendered":"<p class=\"articleParagraph\">La lista de aranceles canadiense, que entrar\u00e1 en vigor a partir del 8 de septiembre, contempla <b>tasas de entre el 15% y el 50% a productos derivados del acero y del aluminio<\/b> as\u00ed como productos b\u00e1sicos como l\u00e1cteos, pescado o marisco, entre otros. La decisi\u00f3n llega como <b>respuesta a los grav\u00e1menes del 50% impuestos por el gobierno de Trump<\/b> contra los productos canadienses tras el fracaso en sus negociaciones. En la lista que por el momento han propuesto, las &#8216;represalias&#8217; canadienses ascienden a los 27.600 millones de d\u00f3lares canadienses (unos 17.000 millones de euros).<\/p>\n<p class=\"articleParagraph\">El ministro de Finanzas canadiense, Fran\u00e7ois-Philippe Champagne, defendi\u00f3 la firmeza de estas medidas asegurando que <b>estas medidas proteger\u00e1n a los \u00abtrabajadores, agricultores, familias y empresas canadienses\u00bb<\/b>. La lista de productos afectada por los nuevos aranceles <b>contempla m\u00e1s de 800 categor\u00edas de bienes<\/b>. Canad\u00e1 ha afirmado responder as\u00ed a unas condiciones que \u00abexigen demasiado y ofrecen muy poco a cambio\u00bb, raz\u00f3n por la que suspendieron las negociaciones.<\/p>\n<p>M\u00e1s de 800 categor\u00edas y un paquete de ayudas millonario<\/p>\n<p class=\"articleParagraph\">La lista elaborada por el Ejecutivo canadiense abarca m\u00e1s de 800 categor\u00edas de bienes importados por Estados Unidos:<\/p>\n<ul class=\"articleList\">\n<li class=\"articleList-item\"><b>Grav\u00e1menes del 50%<\/b> a derivados del acero y el aluminio. Adem\u00e1s de productos como leche, nata, miel, melaza, perfumer\u00eda, cosm\u00e9tica, ropa, utensilios de cocina y art\u00edculos para el hogar.<\/li>\n<li class=\"articleList-item\"><b>Grav\u00e1menes del 25% <\/b>a quesos, pescado, moluscos y mariscos adem\u00e1s de art\u00edculos de madera, papel y cart\u00f3n.<\/li>\n<li class=\"articleList-item\"><b>Grav\u00e1menes del 15% <\/b>a maquinaria industrial, sistemas de aire acondicionado, carretillas elevadoras, cosechadoras y robots.<\/li>\n<\/ul>\n<p class=\"articleParagraph\">Para paliar el impacto econ\u00f3mico que tendr\u00e1n estos aranceles sobre la sociedad canadiense, el gobierno de Canad\u00e1 liderado por Mark Carney ha anunciado un <b>paquete de ayudas de 7.500 millones de d\u00f3lares canadienses<\/b> (4.600 millones de euros) para brindar un \u00abapoyo r\u00e1pido, sencillo y \u00e1gil a Canad\u00e1\u00bb. Esta bater\u00eda de ayudas incluir\u00e1 inversiones para peque\u00f1as y medianas empresas, protecci\u00f3n a empresas y trabajadores para mantener plantillas afectadas por los aranceles y flexibilizaci\u00f3n de pr\u00e9stamos.<\/p>\n<p>Canad\u00e1 responde a Washington: \u00abNo nos quedaremos de brazos cruzados\u00bb<\/p>\n<p class=\"articleParagraph\">Desde el Ejecutivo canadiense insisten en que <b>no estaba en sus planes tomar medidas, sino que ha sido una respuesta a la falta de acuerdo y las exigencias de la Casa Blanca<\/b>. \u00abNuestra preferencia era no hacer eso. Nuestra preferencia era encontrar un acuerdo que beneficiara a ambos pa\u00edses. No nos quedaremos de brazos cruzados\u00bb, han declarado desde el gobierno de Canad\u00e1.<\/p>\n","protected":false},"excerpt":{"rendered":"La lista de aranceles canadiense, que entrar\u00e1 en vigor a partir del 8 de septiembre, contempla tasas de&hellip;\n","protected":false},"author":2,"featured_media":731952,"comment_status":"","ping_status":"","sticky":false,"template":"","format":"standard","meta":{"footnotes":""},"categories":[42],"tags":[4135,17,18,3730,4329,352,13,14,11,61,62,63,64,19,20,9,10,15,16,12,21,22,65,66,67],"class_list":["post-731951","post","type-post","status-publish","format-standard","has-post-thumbnail","category-internacional","tag-aranceles","tag-breaking-news","tag-breakingnews","tag-canada","tag-casa-blanca","tag-donald-trump","tag-featured-news","tag-featurednews","tag-headlines","tag-internacional","tag-international","tag-international-news","tag-internationalnews","tag-latest-news","tag-latestnews","tag-news","tag-noticias","tag-noticias-destacadas","tag-noticiasdestacadas","tag-titulares","tag-ultimas-noticias","tag-ultimasnoticias","tag-world","tag-world-news","tag-worldnews"],"share_on_mastodon":{"url":"https:\/\/pubeurope.com\/@es\/117161507557561017","error":""},"_links":{"self":[{"href":"https:\/\/www.europesays.com\/es\/wp-json\/wp\/v2\/posts\/731951","targetHints":{"allow":["GET"]}}],"collection":[{"href":"https:\/\/www.europesays.com\/es\/wp-json\/wp\/v2\/posts"}],"about":[{"href":"https:\/\/www.europesays.com\/es\/wp-json\/wp\/v2\/types\/post"}],"author":[{"embeddable":true,"href":"https:\/\/www.europesays.com\/es\/wp-json\/wp\/v2\/users\/2"}],"replies":[{"embeddable":true,"href":"https:\/\/www.europesays.com\/es\/wp-json\/wp\/v2\/comments?post=731951"}],"version-history":[{"count":0,"href":"https:\/\/www.europesays.com\/es\/wp-json\/wp\/v2\/posts\/731951\/revisions"}],"wp:featuredmedia":[{"embeddable":true,"href":"https:\/\/www.europesays.com\/es\/wp-json\/wp\/v2\/media\/731952"}],"wp:attachment":[{"href":"https:\/\/www.europesays.com\/es\/wp-json\/wp\/v2\/media?parent=731951"}],"wp:term":[{"taxonomy":"category","embeddable":true,"href":"https:\/\/www.europesays.com\/es\/wp-json\/wp\/v2\/categories?post=731951"},{"taxonomy":"post_tag","embeddable":true,"href":"https:\/\/www.europesays.com\/es\/wp-json\/wp\/v2\/tags?post=731951"}],"curies":[{"name":"wp","href":"https:\/\/api.w.org\/{rel}","templated":true}]}}