{"id":732055,"date":"2026-08-26T12:28:13","date_gmt":"2026-08-26T12:28:13","guid":{"rendered":"https:\/\/www.europesays.com\/es\/732055\/"},"modified":"2026-08-26T12:28:13","modified_gmt":"2026-08-26T12:28:13","slug":"siguen-los-preparativos-de-cara-a-la-etapa-de-la-vuelta-ciclista-entre-el-puerto-y-cadiz","status":"publish","type":"post","link":"https:\/\/www.europesays.com\/es\/732055\/","title":{"rendered":"Siguen los preparativos de cara a la etapa de la Vuelta Ciclista entre El Puerto y C\u00e1diz"},"content":{"rendered":"<p class=\"paragraph-atom&#10;        &#10;        B-510-400-550-N B-525-400-700-N--md&#10;        &#10;        \">\n    El Puerto se prepara para lo que ser\u00e1 una gran jornada ciclista el pr\u00f3ximo <strong>jueves 10 de septiembre,<\/strong> cuando la ciudad se convertir\u00e1 en protagonista de una de las etapas de la <strong>Vuelta Ciclista a Espa\u00f1a.<\/strong>\n    <\/p>\n<p class=\"paragraph-atom&#10;        &#10;        B-510-400-550-N B-525-400-700-N--md&#10;        &#10;        \">\n    En concreto ser\u00e1 una <strong>contrarreloj individual de 32,5 kil\u00f3metros<\/strong> que<strong> saldr\u00e1 a las 14:06 horas  de la Plaza de Toros<\/strong> portuense y culminar\u00e1 a las 17:30 horas,  en la localidad jerezana, tras pasar por puntos como<strong> El Portal, Lomopardo y Estella del Marqu\u00e9s<\/strong>. En la Plaza de Toros se colocar\u00e1<strong> una gran rampa<\/strong>, desde la que partir\u00e1 la carrera.\n    <\/p>\n<p class=\"paragraph-atom&#10;        &#10;        B-510-400-550-N B-525-400-700-N--md&#10;        &#10;        \">\n    Durante todo el mes de agosto han venido realiz\u00e1ndose<strong> labores de asfaltado en algunas de las v\u00edas por las que discurrir\u00e1 esta etapa n\u00famero 18 de la vuelta<\/strong>, que supondr\u00e1 una gran oportunidad de promoci\u00f3n para El Puerto, ya que la retransmisi\u00f3n televisiva supone una  impagable campa\u00f1a publicitaria, en un evento que sigen millones de personas.\n    <\/p>\n<p class=\"paragraph-atom&#10;        &#10;        B-510-400-550-N B-525-400-700-N--md&#10;        &#10;        \">\n    Tambi\u00e9n estos d\u00edas el Ayuntamiento <strong>est\u00e1 adecentando las medianas de  toda la ciudad<\/strong>, pint\u00e1ndolas de nuevo de <strong>azul<\/strong>, tal y como luc\u00edan hace algunos a\u00f1os.\n    <\/p>\n<p class=\"paragraph-atom&#10;        &#10;        B-510-400-550-N B-525-400-700-N--md&#10;        &#10;        \">\n    Sobre su paso por esta ciudad gaditana, <a href=\"https:\/\/www.lavuelta.es\/es\/recorrido-general\" target=\"_blank\" rel=\"nofollow noopener\">la web de la carrera<\/a> ha destacado que \u201cconcentra lo mejor de la Bah\u00eda de C\u00e1diz: historia, naturaleza y una costa privilegiada que se extiende a lo largo de 16 kil\u00f3metros de playas de arena dorada. A este litoral se suman paisajes protegidos que van de marismas a dunas y campi\u00f1as, adem\u00e1s de un valioso legado monumental y una tradici\u00f3n vin\u00edcola que ha dado fama a sus emblem\u00e1ticas bodegas\u00bb\n    <\/p>\n<p class=\"paragraph-atom&#10;        &#10;        B-510-400-550-N B-525-400-700-N--md&#10;        &#10;        \">\n    <strong>Desde 2014 la Vuelta a Espa\u00f1a no pasaba por El Puerto<\/strong>, aunque en esta ocasi\u00f3n es la primera vez que es punto de partida de una etapa. De este modo, la ciudad  volver\u00e1 a situarse en el foco del deporte internacional y dejar\u00e1 im\u00e1genes \u00fanicas de sus rincones m\u00e1s emblem\u00e1ticos.\n    <\/p>\n<p class=\"paragraph-atom&#10;        &#10;        B-510-400-550-N B-525-400-700-N--md&#10;        &#10;        \">\n    La carrera arrancar\u00e1 el 22 de agosto de 2026 en M\u00f3naco y, tras pasar por Francia y Andorra, entrar\u00e1 en Espa\u00f1a en la quinta etapa que concluir\u00e1 el 13 de septiembre en Granada.\n    <\/p>\n<p class=\"paragraph-atom&#10;        &#10;        B-510-400-550-N B-525-400-700-N--md&#10;        &#10;        \">\n    La Vuelta a Espa\u00f1a, uno de los tres grandes del ciclismo mundial, re\u00fane cada a\u00f1o a millones de espectadores en directo a lo largo de sus recorridos y alcanza una audiencia televisiva acumulada que<strong> supera los 300 millones de personas <\/strong>en m\u00e1s de 190 pa\u00edses.\n    <\/p>\n","protected":false},"excerpt":{"rendered":"El Puerto se prepara para lo que ser\u00e1 una gran jornada ciclista el pr\u00f3ximo jueves 10 de septiembre,&hellip;\n","protected":false},"author":2,"featured_media":732056,"comment_status":"","ping_status":"","sticky":false,"template":"","format":"standard","meta":{"footnotes":""},"categories":[273],"tags":[2608,313,312,168,25,24,314,58119,7768,23,167,1357],"class_list":["post-732055","post","type-post","status-publish","format-standard","has-post-thumbnail","category-ciclismo","tag-cara","tag-ciclismo","tag-cycling","tag-deportes","tag-es","tag-espana","tag-etapa","tag-preparativos","tag-siguen","tag-spain","tag-sports","tag-vuelta"],"share_on_mastodon":{"url":"https:\/\/pubeurope.com\/@es\/117161813968273520","error":""},"_links":{"self":[{"href":"https:\/\/www.europesays.com\/es\/wp-json\/wp\/v2\/posts\/732055","targetHints":{"allow":["GET"]}}],"collection":[{"href":"https:\/\/www.europesays.com\/es\/wp-json\/wp\/v2\/posts"}],"about":[{"href":"https:\/\/www.europesays.com\/es\/wp-json\/wp\/v2\/types\/post"}],"author":[{"embeddable":true,"href":"https:\/\/www.europesays.com\/es\/wp-json\/wp\/v2\/users\/2"}],"replies":[{"embeddable":true,"href":"https:\/\/www.europesays.com\/es\/wp-json\/wp\/v2\/comments?post=732055"}],"version-history":[{"count":0,"href":"https:\/\/www.europesays.com\/es\/wp-json\/wp\/v2\/posts\/732055\/revisions"}],"wp:featuredmedia":[{"embeddable":true,"href":"https:\/\/www.europesays.com\/es\/wp-json\/wp\/v2\/media\/732056"}],"wp:attachment":[{"href":"https:\/\/www.europesays.com\/es\/wp-json\/wp\/v2\/media?parent=732055"}],"wp:term":[{"taxonomy":"category","embeddable":true,"href":"https:\/\/www.europesays.com\/es\/wp-json\/wp\/v2\/categories?post=732055"},{"taxonomy":"post_tag","embeddable":true,"href":"https:\/\/www.europesays.com\/es\/wp-json\/wp\/v2\/tags?post=732055"}],"curies":[{"name":"wp","href":"https:\/\/api.w.org\/{rel}","templated":true}]}}