{"id":732093,"date":"2026-08-26T12:55:33","date_gmt":"2026-08-26T12:55:33","guid":{"rendered":"https:\/\/www.europesays.com\/es\/732093\/"},"modified":"2026-08-26T12:55:33","modified_gmt":"2026-08-26T12:55:33","slug":"el-verano-mas-discreto-de-eva-gonzalez-celebraciones-en-familia-planes-con-amigos-y-ni-rastro-de-su-novio","status":"publish","type":"post","link":"https:\/\/www.europesays.com\/es\/732093\/","title":{"rendered":"El verano m\u00e1s discreto de Eva Gonz\u00e1lez: celebraciones en familia, planes con amigos y ni rastro de su novio"},"content":{"rendered":"<p id=\"efQvXAcKHn\" data-wc=\"107\">El mes de agosto est\u00e1 llegando a su fin, pero Eva Gonz\u00e1lez sigue disfrutando al m\u00e1ximo de los \u00faltimos coletazos del verano. Tras unas vacaciones alejada del foco medi\u00e1tico, la presentadora de La Voz se encuentra ahora con su familia en Mairena del Alcor, Sevilla, donde ha tenido lugar una importante celebraci\u00f3n, el cumplea\u00f1os de su sobrino Mart\u00edn, hijo de su hermana Mar\u00eda, al que adora. \u00abHoy hace 7 a\u00f1os que mi hermana me hizo el mejor regalo. Feliz cumplea\u00f1os, Mart\u00edn, te amo con el alma. Tu TitaTita\u00bb, ha escrito junto a esta foto tan tierna que desvela que el peque\u00f1o es un gran aficionado del Betis.\u00a0<\/p>\n<p>Te recomendamosSeguir leyendo<br \/>\n <img src=\"https:\/\/www.europesays.com\/es\/wp-content\/uploads\/2026\/08\/2536a7704e11-786914270186155336860529448239545513433348599n.jpg\"   width=\"1080\" height=\"1080\" loading=\"lazy\" decoding=\"async\" alt=\"Eva Gonz\u00e1lez con su sobrino Mart\u00edn, que acaba de cumplir 7 a\u00f1os\" fetchpriority=\"auto\" class=\"image ho-image\"\/>\u00a9 evagonzalezoficialEva Gonz\u00e1lez con su sobrino Mart\u00edn, que acaba de cumplir 7 a\u00f1os<\/p>\n<p id=\"e_2bhG_Dto\" data-wc=\"76\">La llegada de Mart\u00edn, el 25 de agosto de 2019, llen\u00f3 de alegr\u00eda a la presentadora. \u00abNo s\u00e9 c\u00f3mo describir el amor que siento por ti, Mart\u00edn. Solo s\u00e9 que voy a estar siempre a tu lado y que tienes la suerte de tener a la mejor mam\u00e1 del mundo: una mujer valiente, sensible, cari\u00f1osa, buena&#8230;\u00bb, public\u00f3 tras su nacimiento. \u00abAhora a crecer, a vivir, a re\u00edr y a &#8216;embarcar pelotas&#8217; con tu primo Cayetano\u00bb, a\u00f1adi\u00f3. \u00a0<\/p>\n<p> <img src=\"https:\/\/www.europesays.com\/es\/wp-content\/uploads\/2026\/08\/56c0ee31dd54-eva-gonzalez-hermana1.jpg\"   width=\"1024\" height=\"576\" loading=\"lazy\" decoding=\"async\" alt=\"Eva Gonz\u00e1lez con su hermana Mar\u00eda \" fetchpriority=\"auto\" class=\"image ho-image\"\/>\u00a9 evagonzalezoficialEva Gonz\u00e1lez con su hermana Mar\u00eda <\/p>\n<p id=\"eatQCon-hn\" data-wc=\"85\">Eva quiere a Mart\u00edn con la misma intensidad que a Mar\u00eda, su hermana del alma. No solo las une un gran parecido f\u00edsico, sino tambi\u00e9n un fuerte v\u00ednculo y una complicidad muy especial. \u00abEl amor de hermanas no necesita explicaciones, mir\u00e1ndonos a los ojos logramos entendernos siempre. La bondad, la pureza, la sensibilidad y el amor son las banderas de tu vida. Qu\u00e9 afortunada soy sabiendo que nunca habr\u00e1 nada que nos separe\u00bb, escribi\u00f3 la sevillana con motivo de uno de los cumplea\u00f1os de Mar\u00eda.<\/p>\n<p> <img src=\"https:\/\/www.europesays.com\/es\/wp-content\/uploads\/2026\/08\/4d25d53add31-dlu255905052-1.jpg\"   width=\"611\" height=\"1024\" loading=\"lazy\" decoding=\"async\" alt=\"Eva Gonz\u00e1lez con su hermana Mar\u00eda y su madre, Encarna Fern\u00e1ndez, en la entrega de Medallas de Oro de Sevilla, el 30 de mayo de 2014\" fetchpriority=\"auto\" class=\"image ho-image\"\/>\u00a9 GTRESEva Gonz\u00e1lez con su hermana Mar\u00eda y su madre, Encarna Fern\u00e1ndez, en la entrega de Medallas de Oro de Sevilla, el 30 de mayo de 2014<\/p>\n<p id=\"ebwpugT1hi\" data-wc=\"112\">Con esta celebraci\u00f3n Eva pone el broche de oro a un verano muy intenso, pero discreto. A principios de julio la presentadora se escap\u00f3 con su hijo a M\u00e1laga para disfrutar de unos d\u00edas de playa. \u00abLo mejor de ser madre es ver como se r\u00ede. Es el centro de mi vida, soy feliz. Muchas veces le miro y digo: &#8216;\u00bfPero d\u00f3nde estabas antes?&#8217; &#8216;\u00bfC\u00f3mo he podido vivir sin \u00e9l?&#8217;. Es mi mejor creaci\u00f3n, sin duda\u00bb, dijo Eva sobre el peque\u00f1o Cayetano, que ya tiene 8 a\u00f1os. Con orgullo, desvel\u00f3 que el ni\u00f1o era puro nervio como ella. \u00abHabla much\u00edsimo, ha salido a m\u00ed. Habla as\u00ed como con las manos, como yo\u00bb.<\/p>\n<p> <img src=\"https:\/\/www.europesays.com\/es\/wp-content\/uploads\/2026\/08\/ea538ee52212-europapress4631031evagonzalezdisfrutatardeplayajuntohijocayetan.jpg\"   width=\"1024\" height=\"682\" loading=\"lazy\" decoding=\"async\" alt=\"Eva Gonz\u00e1lez disfruta de una tarde en la playa junto a su hijo Cayetano, el 16 de agosto de 2022, en C\u00e1diz\" fetchpriority=\"auto\" class=\"image ho-image\"\/>\u00a9 Europa PressEva Gonz\u00e1lez disfruta de una tarde en la playa junto a su hijo Cayetano, el 16 de agosto de 2022, en C\u00e1diz<\/p>\n<p id=\"eQ9g60iqUB\" data-wc=\"77\">Tras este viaje, se convirti\u00f3 en la invitada m\u00e1s elegante de la boda de un familiar y hace tan solo unos d\u00edas comparti\u00f3 una romer\u00eda inolvidable con una de sus mejores amigas, Roc\u00edo Mart\u00edn Berrocal, hermana de Vicky Mart\u00edn Berrocal. Eva, de 45 a\u00f1os, vivi\u00f3 con gran sentimiento el traslado de la Virgen del Roc\u00edo hasta Almonte, una peregrinaci\u00f3n que se repite cada siete a\u00f1os. \u00abTraslado 2026. Con los m\u00edos. Gracias siempre\u00bb, public\u00f3 junto a varias fotos.\u00a0<\/p>\n<p> <img src=\"https:\/\/www.europesays.com\/es\/wp-content\/uploads\/2026\/08\/2b422d129ee7-776718705186137866840529444191793703355304576n.jpg\"   width=\"1080\" height=\"1080\" loading=\"lazy\" decoding=\"async\" alt=\"Eva Gonz\u00e1lez en la peregrinaci\u00f3n de la Venida de la Virgen del Roc\u00edo\" fetchpriority=\"auto\" class=\"image ho-image\"\/>\u00a9 evagonzalezoficialEva Gonz\u00e1lez en la peregrinaci\u00f3n de la Venida de la Virgen del Roc\u00edo<\/p>\n<p id=\"e-7RU7qgB-\" data-wc=\"71\">Lo m\u00e1s sorprendente es que en ninguno de sus planes de este verano se encontraba su novio, Nacho Llanos, un atractivo sevillano de 35 a\u00f1os que trabaja como director de alimentos y bebidas en la cadena hotelera Eurostars. Tras su separaci\u00f3n de Cayetano Rivera en 2022, Eva protege al m\u00e1ximo su vida sentimental. De hecho, cuando le preguntaron por este romance, respondi\u00f3 sin entrar en detalles. \u00ab\u00bfNo me veis? Estoy bien\u00bb.<\/p>\n<p> <img src=\"https:\/\/www.europesays.com\/es\/wp-content\/uploads\/2026\/08\/c9e7e4f55d2b-dlu600639015.jpg\"   width=\"1080\" height=\"1800\" loading=\"lazy\" decoding=\"async\" alt=\"Eva Gonz\u00e1lez y Nacho Llanos en Sevilla el 20 de febrero de 2026  \" fetchpriority=\"auto\" class=\"image ho-image\"\/>\u00a9 GTRESEva Gonz\u00e1lez y Nacho Llanos en Sevilla el 20 de febrero de 2026  <\/p>\n<p id=\"ew2YHYKBkX\" data-wc=\"70\">Antes de que saliera a la luz su nueva relaci\u00f3n, la presentadora cont\u00f3 que no estaba cerrada al amor aunque tampoco era su m\u00e1xima prioridad. \u00abSi llega, llega, no es algo que vaya buscando con un cartel que vaya diciendo estoy soltera, ni mucho menos\u00bb, explic\u00f3. Finalmente, cay\u00f3 rendida a los encantos de Nacho, \u00abuna persona apasionada con ganas de conocer mundo\u00bb, seg\u00fan puede leerse en su perfil de LinkedIn.<\/p>\n","protected":false},"excerpt":{"rendered":"El mes de agosto est\u00e1 llegando a su fin, pero Eva Gonz\u00e1lez sigue disfrutando al m\u00e1ximo de los&hellip;\n","protected":false},"author":2,"featured_media":732094,"comment_status":"","ping_status":"","sticky":false,"template":"","format":"standard","meta":{"footnotes":""},"categories":[174],"tags":[517,255,146,147,25,24,2764,256,23],"class_list":["post-732093","post","type-post","status-publish","format-standard","has-post-thumbnail","category-famosos","tag-actualidad","tag-celebrities","tag-entertainment","tag-entretenimiento","tag-es","tag-espana","tag-eva-gonzalez","tag-famosos","tag-spain"],"share_on_mastodon":{"url":"https:\/\/pubeurope.com\/@es\/117161920552601375","error":""},"_links":{"self":[{"href":"https:\/\/www.europesays.com\/es\/wp-json\/wp\/v2\/posts\/732093","targetHints":{"allow":["GET"]}}],"collection":[{"href":"https:\/\/www.europesays.com\/es\/wp-json\/wp\/v2\/posts"}],"about":[{"href":"https:\/\/www.europesays.com\/es\/wp-json\/wp\/v2\/types\/post"}],"author":[{"embeddable":true,"href":"https:\/\/www.europesays.com\/es\/wp-json\/wp\/v2\/users\/2"}],"replies":[{"embeddable":true,"href":"https:\/\/www.europesays.com\/es\/wp-json\/wp\/v2\/comments?post=732093"}],"version-history":[{"count":0,"href":"https:\/\/www.europesays.com\/es\/wp-json\/wp\/v2\/posts\/732093\/revisions"}],"wp:featuredmedia":[{"embeddable":true,"href":"https:\/\/www.europesays.com\/es\/wp-json\/wp\/v2\/media\/732094"}],"wp:attachment":[{"href":"https:\/\/www.europesays.com\/es\/wp-json\/wp\/v2\/media?parent=732093"}],"wp:term":[{"taxonomy":"category","embeddable":true,"href":"https:\/\/www.europesays.com\/es\/wp-json\/wp\/v2\/categories?post=732093"},{"taxonomy":"post_tag","embeddable":true,"href":"https:\/\/www.europesays.com\/es\/wp-json\/wp\/v2\/tags?post=732093"}],"curies":[{"name":"wp","href":"https:\/\/api.w.org\/{rel}","templated":true}]}}