{"id":732111,"date":"2026-08-26T13:06:19","date_gmt":"2026-08-26T13:06:19","guid":{"rendered":"https:\/\/www.europesays.com\/es\/732111\/"},"modified":"2026-08-26T13:06:19","modified_gmt":"2026-08-26T13:06:19","slug":"el-jefe-de-las-fuerzas-kurdas-de-siria-anuncia-disolucion-de-milicia-que-lidero-lucha-contra-yihadistas","status":"publish","type":"post","link":"https:\/\/www.europesays.com\/es\/732111\/","title":{"rendered":"El jefe de las fuerzas kurdas de Siria anuncia disoluci\u00f3n de milicia que lider\u00f3 lucha contra yihadistas"},"content":{"rendered":"<p>    <img src=\"https:\/\/www.europesays.com\/es\/wp-content\/uploads\/2026\/08\/2026-08-26T123A313A25Z-91958693.jpg\" width=\"1024\" height=\"682\" alt=\"\" loading=\"eager\" decoding=\"sync\" fetchpriority=\"high\"\/><\/p>\n<p>            afp_tickers        <\/p>\n<p>        Este contenido fue publicado en    <\/p>\n<p>        26 agosto 2026 &#8211; 14:31\n<\/p>\n<p>Mazlum Abdi, l\u00edder kurdo de las Fuerzas Democr\u00e1ticas Sirias (FDS), anunci\u00f3 el martes la disoluci\u00f3n de esta milicia que luch\u00f3 contra el grupo yihadista Estado Isl\u00e1mico (EI), en virtud de un acuerdo con el presidente Ahmed al Shara, decidido a reunificar Siria.<\/p>\n<p>Las FDS lideraron la lucha contra el grupo yihadista EI hasta su derrota en 2019 durante la guerra civil en Siria, pero han perdido el apoyo de Estados Unidos, que se acerc\u00f3 al nuevo gobierno sirio tras la ca\u00edda de Bashar al Asad.\u00a0<\/p>\n<p>Abdi declar\u00f3 la semana pasada que el proceso de integraci\u00f3n en las instituciones del Estado sirio estaba completo y que se abr\u00eda una \u00abnueva fase\u00bb, tras un acuerdo alcanzado en enero. El l\u00edder kurdo anunci\u00f3 este martes la disoluci\u00f3n de la milicia.\u00a0<\/p>\n<p>\u00abHoy anunciamos el fin de la misi\u00f3n de las Fuerzas Democr\u00e1ticas Sirias (FDS) y declaramos, con toda responsabilidad, su disoluci\u00f3n como fuerza militar independiente\u00bb, afirm\u00f3 Abdi en un discurso pronunciado en el palacio presidencial de Damasco.<\/p>\n<p>La fuerza se cre\u00f3 en 2015 a instancias de Estados Unidos, que qued\u00f3 impresionado por los rudos combatientes kurdos que derrotaron al EI en Kobane, en el norte de Siria, y buscaba un aliado fiable en la batalla en curso contra los yihadistas.\u00a0<\/p>\n<p>En su momento \u00e1lgido, lleg\u00f3 a reunir a unos 100.000 combatientes, tanto kurdos como \u00e1rabes, y controlaba amplias zonas del norte y noreste de Siria, ricas en petr\u00f3leo. En esta zona los kurdos establecieron un gobierno aut\u00f3nomo con sus propias instituciones civiles y militares.\u00a0<\/p>\n<p>El acuerdo alcanzado en enero con el nuevo gobierno sirio, surgido de las milicias rebeldes lideradas por islamistas que derrocaron a Al Asad en 2024, ech\u00f3 por tierra el largo anhelo de autonom\u00eda de los kurdos.\u00a0<\/p>\n<p>La integraci\u00f3n se produjo tras meses de negociaciones entre ambas partes, marcadas por el apoyo que Estados Unidos presta al presidente sirio Ahmed al Shara, un exyihadista que ahora busca presentarse como una figura unificadora en un pa\u00eds fragmentado por una guerra civil de casi 14 a\u00f1os.\u00a0<\/p>\n<p>El enviado especial de Estados Unidos para Siria e Irak, Tom Barrack, celebr\u00f3 el martes la disoluci\u00f3n del grupo.\u00a0<\/p>\n<p>\u00abAs\u00ed es como se ve la verdadera integraci\u00f3n: no ganadores y perdedores, sino antiguos interlocutores con distintos puntos de vista elaborando una soluci\u00f3n diplom\u00e1tica para fortalecer la naci\u00f3n soberana de Siria. Un solo ej\u00e9rcito, un solo gobierno, un solo Estado\u00bb, dijo Barrack, quien tambi\u00e9n es el embajador de Washington en Turqu\u00eda.<\/p>\n<p>\u2013 \u00abLas circunstancias han cambiado\u00bb \u2013\u00a0<\/p>\n<p>El acuerdo de integraci\u00f3n de este a\u00f1o se produjo despu\u00e9s de los enfrentamientos entre combatientes kurdos y el ej\u00e9rcito del gobierno central de Siria que obligaron a esta minor\u00eda a retirarse de varios territorios que controlaba.\u00a0<\/p>\n<p>Durante el estallido de violencia, Al Shara firm\u00f3 un decreto para declarar el kurdo como un \u00abidioma nacional\u00bb y otorg\u00f3 a esta minor\u00eda un reconocimiento oficial, un gesto sin precedentes desde la independencia de Siria en 1946.<\/p>\n<p>\u00abDesde la creaci\u00f3n de las Fuerzas Democr\u00e1ticas Sirias, sus combatientes asumieron una gran responsabilidad durante uno de los per\u00edodos m\u00e1s dif\u00edciles\u00bb para Siria, afirm\u00f3 Abdi en su discurso.\u00a0<\/p>\n<p>\u00abLiberaron numerosas ciudades y localidades sirias\u00bb, primero del r\u00e9gimen de Al Asad y despu\u00e9s de los yihadistas del EI, agreg\u00f3 el l\u00edder.\u00a0<\/p>\n<p>\u00abHoy en d\u00eda, las circunstancias han cambiado y el pa\u00eds ha entrado en una nueva fase caracterizada por la paz y la participaci\u00f3n\u00bb, afirm\u00f3 Abdi.<\/p>\n<p>str-mam\/at\/sno\/cab\/hgs\/an\/hgs\/mvl\/mel<\/p>\n","protected":false},"excerpt":{"rendered":"afp_tickers Este contenido fue publicado en 26 agosto 2026 &#8211; 14:31 Mazlum Abdi, l\u00edder kurdo de las Fuerzas&hellip;\n","protected":false},"author":2,"featured_media":732112,"comment_status":"","ping_status":"","sticky":false,"template":"","format":"standard","meta":{"footnotes":""},"categories":[42],"tags":[17,18,636,13,14,11,61,62,63,64,19,20,103371,103372,9,10,15,16,4444,5799,2005,90,12,21,22,65,66,67],"class_list":["post-732111","post","type-post","status-publish","format-standard","has-post-thumbnail","category-internacional","tag-breaking-news","tag-breakingnews","tag-conflict","tag-featured-news","tag-featurednews","tag-headlines","tag-internacional","tag-international","tag-international-news","tag-internationalnews","tag-latest-news","tag-latestnews","tag-minority-group","tag-national-or-ethnic-minority","tag-news","tag-noticias","tag-noticias-destacadas","tag-noticiasdestacadas","tag-people","tag-social-issues-general","tag-society","tag-ticker","tag-titulares","tag-ultimas-noticias","tag-ultimasnoticias","tag-world","tag-world-news","tag-worldnews"],"share_on_mastodon":{"url":"","error":""},"_links":{"self":[{"href":"https:\/\/www.europesays.com\/es\/wp-json\/wp\/v2\/posts\/732111","targetHints":{"allow":["GET"]}}],"collection":[{"href":"https:\/\/www.europesays.com\/es\/wp-json\/wp\/v2\/posts"}],"about":[{"href":"https:\/\/www.europesays.com\/es\/wp-json\/wp\/v2\/types\/post"}],"author":[{"embeddable":true,"href":"https:\/\/www.europesays.com\/es\/wp-json\/wp\/v2\/users\/2"}],"replies":[{"embeddable":true,"href":"https:\/\/www.europesays.com\/es\/wp-json\/wp\/v2\/comments?post=732111"}],"version-history":[{"count":0,"href":"https:\/\/www.europesays.com\/es\/wp-json\/wp\/v2\/posts\/732111\/revisions"}],"wp:featuredmedia":[{"embeddable":true,"href":"https:\/\/www.europesays.com\/es\/wp-json\/wp\/v2\/media\/732112"}],"wp:attachment":[{"href":"https:\/\/www.europesays.com\/es\/wp-json\/wp\/v2\/media?parent=732111"}],"wp:term":[{"taxonomy":"category","embeddable":true,"href":"https:\/\/www.europesays.com\/es\/wp-json\/wp\/v2\/categories?post=732111"},{"taxonomy":"post_tag","embeddable":true,"href":"https:\/\/www.europesays.com\/es\/wp-json\/wp\/v2\/tags?post=732111"}],"curies":[{"name":"wp","href":"https:\/\/api.w.org\/{rel}","templated":true}]}}