{"id":732219,"date":"2026-08-26T14:25:23","date_gmt":"2026-08-26T14:25:23","guid":{"rendered":"https:\/\/www.europesays.com\/es\/732219\/"},"modified":"2026-08-26T14:25:23","modified_gmt":"2026-08-26T14:25:23","slug":"estan-pogacar-y-uae-molestos-por-la-influencer-en-el-inicio-de-la-vuelta","status":"publish","type":"post","link":"https:\/\/www.europesays.com\/es\/732219\/","title":{"rendered":"\u00bfEst\u00e1n Poga\u010dar y UAE molestos por la influencer en el inicio de la Vuelta?\u00a0\u00a0"},"content":{"rendered":"<p>\t\t\t\t\t\t\t\t\t\t\t\t\t\t<a href=\"https:\/\/www.grancanaria.com\/turismo\/es\/naturaleza\/deportes-de-montana\/ciclismo\/\" rel=\"nofollow noopener\" target=\"_blank\"><img fetchpriority=\"high\" decoding=\"async\" class=\"aligncenter size-full wp-image-68752\" src=\"data:image\/svg+xml,%3Csvg%20xmlns=\" http:=\"\" alt=\"\" width=\"800\" height=\"100\" data-lazy- data-lazy- data-lazy-src=\"https:\/\/www.europesays.com\/es\/wp-content\/uploads\/2026\/08\/1787754316_673_tgc-banner-joan-1600x200-1.jpg\"\/><\/a><br \/>\n\u00bfEst\u00e1n Poga\u010dar y UAE realmente molestos por la influencer en el inicio de la Vuelta?<\/p>\n<p>Vemos en la Vuelta una sensaci\u00f3n que no s\u00e9 si es compartida, pero que conviene poner sobre la mesa: <strong>Tadej Poga\u010dar est\u00e1 aqu\u00ed como cumpliendo con el expediente<\/strong>.<\/p>\n<p>Ganando dos de las tres etapas disputadas \u2014ya que la cuarta se suspendi\u00f3 por la granizada\u2014, domina a placer con la hoja de servicio sobre la mesa.<\/p>\n<p>Busca ganar esta carrera para sellar la leyenda total, <a href=\"https:\/\/joanseguidor.com\/pogacar-en-la-vuelta-como-anquetil-y-merckx\/\" target=\"_blank\" rel=\"noopener nofollow\">igual que hicieron Anquetil y Merckx<\/a>, que tambi\u00e9n vinieron a por las tres grandes para cerrar el c\u00edrculo.<\/p>\n<p><a class=\"wppaslink\" href=\"https:\/\/joanseguidor.com\/pas\/ccmm-valenciana\/44016\/0\" target=\"_blank\" rel=\"nofollow noopener\"><img decoding=\"async\" src=\"data:image\/svg+xml,%3Csvg%20xmlns=\" http:=\"\" alt=\"CCMM Valenciana\" border=\"0\" data-lazy-src=\"https:\/\/www.europesays.com\/es\/wp-content\/uploads\/2026\/08\/1787754317_877_anunci-generic-bla-1-1024x120-px-v3-02.jpg\"\/><\/a><\/p>\n<p>Tengo esa sensaci\u00f3n porque veo al esloveno comedido. Pese a que su celebraci\u00f3n en la etapa andorrana fue acorde a la haza\u00f1a \u2014culminar una escapada en solitario de cincuenta kil\u00f3metros con tres puertos por medio\u2014, lo cierto es que en el podio y ante los micr\u00f3fonos se muestra medido.<\/p>\n<p>No dir\u00e9 serio, pero s\u00ed distante.<\/p>\n<p><strong>Recuerda al de la semana final del Tour del a\u00f1o pasado<\/strong>, cuando admiti\u00f3 estar cansado de tanta competici\u00f3n.<\/p>\n<p>Ser el mejor no te exime de la presi\u00f3n.<a href=\" https:\/\/aralleida.cat\/es\/\" target=\"_blank\" rel=\"noopener\"><img loading=\"lazy\" decoding=\"async\" class=\"aligncenter wp-image-70055 size-full\" src=\"data:image\/svg+xml,%3Csvg%20xmlns=\" http:=\"\" alt=\"\" width=\"1600\" height=\"200\" data-lazy- data-lazy- data-lazy-src=\"https:\/\/www.europesays.com\/es\/wp-content\/uploads\/2026\/08\/1787754318_145_aralleida-baner-1600x200-llavorsi-es.jpg\"\/><\/a><\/p>\n<p><a href=\"https:\/\/tiendafinisher.com\/\" rel=\"nofollow noopener\" target=\"_blank\"><img loading=\"lazy\" decoding=\"async\" class=\"aligncenter wp-image-69986 size-full\" src=\"data:image\/svg+xml,%3Csvg%20xmlns=\" http:=\"\" alt=\"\" width=\"1024\" height=\"300\" data-lazy- data-lazy- data-lazy-src=\"https:\/\/www.europesays.com\/es\/wp-content\/uploads\/2026\/08\/1787754320_362_finisher-ekp-1024x300jpg-1.jpeg\"\/><\/a><\/p>\n<p>A esto se suma que en el UAE ha sentado mal lo sucedido en la primera etapa con la <a href=\"https:\/\/joanseguidor.com\/la-vuelta-se-falta-el-respeto-con-erola-jons\/\" target=\"_blank\" rel=\"noopener nofollow\">influencer<\/a> pululando por zonas donde los ciclistas deber\u00edan ser sagrados.<\/p>\n<p>La actitud de Poga\u010dar parece fr\u00eda, mirando a Perico Delgado en el podio casi sin recon\u00f3cerle, provocando miradas de respeto al propio Purito al entregarle el trofeo en Andorra.<\/p>\n<p><img loading=\"lazy\" decoding=\"async\" class=\"aligncenter size-full wp-image-70375\" src=\"data:image\/svg+xml,%3Csvg%20xmlns=\" http:=\"\" alt=\"\" width=\"725\" height=\"1341\" data-lazy- data-lazy- data-lazy-src=\"https:\/\/www.europesays.com\/es\/wp-content\/uploads\/2026\/08\/pogacar-la-vuelta-influencer.jpeg\"\/><\/p>\n<p><strong>Todo encaja con el post de Matxin junto a otro creador de contenido<\/strong>, aludiendo a sus ganas de entender el ciclismo y, sobre todo, al respeto mostrado.<\/p>\n<p>Un gesto que viene con trampa, porque el influencer va y retuitea a uno de los grandes haters de Pogacar, el amigo Vayer despotricando de sus n\u00fameros en Beixalis.<\/p>\n<p>Pero el mensaje va con trasfondo para una organizaci\u00f3n que se encuentra con sorpresas como el granizo de anteayer o las protestas del a\u00f1o pasado, pero que con la influencer debi\u00f3 prever que la mezcla no funcionar\u00eda.<\/p>\n<p><strong><a href=\"https:\/\/www.grancanaria.com\/turismo\/es\/naturaleza\/deportes-de-montana\/ciclismo\/\" rel=\"nofollow noopener\" target=\"_blank\"><img loading=\"lazy\" decoding=\"async\" class=\"aligncenter size-full wp-image-68757\" src=\"data:image\/svg+xml,%3Csvg%20xmlns=\" http:=\"\" alt=\"\" width=\"300\" height=\"300\" data-lazy- data-lazy- data-lazy-src=\"https:\/\/www.europesays.com\/es\/wp-content\/uploads\/2026\/08\/1787754322_109_tgc-banner-joan-400x400-2.jpg\"\/><\/a><\/strong><\/p>\n<p>Veremos c\u00f3mo evoluciona.<\/p>\n<p><a href=\"https:\/\/joanseguidor.com\/la-vuelta-en-la-que-pogacar-solo-va-a-dejar-las-migas\/\" target=\"_blank\" rel=\"noopener nofollow\">Poga\u010dar continuar\u00e1 dominando porque es superior al resto<\/a>, pero hay curiosidad por ver c\u00f3mo gestiona las siguientes jornadas, sus gestos y la alegr\u00eda al vestir el maillot rojo, pues a veces cualquier detalle es suficiente para colmar el vaso.<\/p>\n<p>Imagen: David Rojas-\u00a0Cxcling<\/p>\n<p><strong><a href=\"https:\/\/www.dtswiss.com\/es\/ruedas\/ruedas-carretera\/aero\/arc-1100-dicut-db\" rel=\"nofollow noopener\" target=\"_blank\"><img loading=\"lazy\" decoding=\"async\" class=\"aligncenter wp-image-69569 size-full\" src=\"data:image\/svg+xml,%3Csvg%20xmlns=\" http:=\"\" alt=\"\" width=\"1024\" height=\"140\" data-lazy- data-lazy- data-lazy-src=\"https:\/\/www.europesays.com\/es\/wp-content\/uploads\/2026\/08\/1787754323_936_joanseguidor-1024x140px-es-erc1100-1.png\"\/><\/a><\/strong><\/p>\n","protected":false},"excerpt":{"rendered":"\u00bfEst\u00e1n Poga\u010dar y UAE realmente molestos por la influencer en el inicio de la Vuelta? Vemos en la&hellip;\n","protected":false},"author":2,"featured_media":732220,"comment_status":"","ping_status":"","sticky":false,"template":"","format":"standard","meta":{"footnotes":""},"categories":[273],"tags":[313,312,168,25,24,2548,23,167,550,10568],"class_list":["post-732219","post","type-post","status-publish","format-standard","has-post-thumbnail","category-ciclismo","tag-ciclismo","tag-cycling","tag-deportes","tag-es","tag-espana","tag-featured","tag-spain","tag-sports","tag-uae","tag-vueltaespana"],"share_on_mastodon":{"url":"https:\/\/pubeurope.com\/@es\/117162274139860981","error":""},"_links":{"self":[{"href":"https:\/\/www.europesays.com\/es\/wp-json\/wp\/v2\/posts\/732219","targetHints":{"allow":["GET"]}}],"collection":[{"href":"https:\/\/www.europesays.com\/es\/wp-json\/wp\/v2\/posts"}],"about":[{"href":"https:\/\/www.europesays.com\/es\/wp-json\/wp\/v2\/types\/post"}],"author":[{"embeddable":true,"href":"https:\/\/www.europesays.com\/es\/wp-json\/wp\/v2\/users\/2"}],"replies":[{"embeddable":true,"href":"https:\/\/www.europesays.com\/es\/wp-json\/wp\/v2\/comments?post=732219"}],"version-history":[{"count":0,"href":"https:\/\/www.europesays.com\/es\/wp-json\/wp\/v2\/posts\/732219\/revisions"}],"wp:featuredmedia":[{"embeddable":true,"href":"https:\/\/www.europesays.com\/es\/wp-json\/wp\/v2\/media\/732220"}],"wp:attachment":[{"href":"https:\/\/www.europesays.com\/es\/wp-json\/wp\/v2\/media?parent=732219"}],"wp:term":[{"taxonomy":"category","embeddable":true,"href":"https:\/\/www.europesays.com\/es\/wp-json\/wp\/v2\/categories?post=732219"},{"taxonomy":"post_tag","embeddable":true,"href":"https:\/\/www.europesays.com\/es\/wp-json\/wp\/v2\/tags?post=732219"}],"curies":[{"name":"wp","href":"https:\/\/api.w.org\/{rel}","templated":true}]}}