{"id":732233,"date":"2026-08-26T14:37:15","date_gmt":"2026-08-26T14:37:15","guid":{"rendered":"https:\/\/www.europesays.com\/es\/732233\/"},"modified":"2026-08-26T14:37:15","modified_gmt":"2026-08-26T14:37:15","slug":"embarazadas-en-la-puerta-de-urgencias-en-alicante-el-calor-dispara-hasta-un-27-los-nacimientos-en-verano","status":"publish","type":"post","link":"https:\/\/www.europesays.com\/es\/732233\/","title":{"rendered":"Embarazadas en la puerta de urgencias en Alicante: el calor dispara hasta un 27 % los nacimientos en verano"},"content":{"rendered":"<p class=\"ft-text ft-helper-closenews\">Los <a class=\"ft-link ft-link--decoration\" href=\"https:\/\/www.informacion.es\/alicante\/2026\/08\/20\/defunciones-frenan-crecimiento-poblacion-alicante-nacimientos-demografia-133511307.html\" rel=\"nofollow noopener\" target=\"_blank\">nacimientos <\/a>aumentan entre un <strong>24% y un 27% durante los meses de junio, julio y agosto<\/strong>, coincidiendo con uno de los periodos de mayor presi\u00f3n asistencial para los servicios de obstetricia. Pero el verano tambi\u00e9n supone un reto a\u00f1adido para las mujeres embarazadas, especialmente durante el tercer trimestre, cuando el calor se tolera peor y la deshidrataci\u00f3n puede favorecer la aparici\u00f3n de <a class=\"ft-link ft-link--decoration\" href=\"https:\/\/www.informacion.es\/internacional\/2026\/01\/19\/poblacion-china-suma-cuatro-anos-contracciones-tasa-natalidad-mas-baja-desde-1949-125856235.html\" rel=\"nofollow noopener\" target=\"_blank\">contracciones<\/a>.<\/p>\n<p class=\"ft-text\">As\u00ed lo explica <strong>Noelia Rodr\u00edguez Blanco, vocal matrona <\/strong>del <a class=\"ft-link ft-link--decoration\" href=\"https:\/\/www.enferalicante.org\/\" rel=\"nofollow noopener\" target=\"_blank\"><strong>Colegio de Enfermer\u00eda de Alicante<\/strong><\/a><strong> <\/strong>y <strong>directora de la Universidad Europea de Alicante<\/strong>, quien se\u00f1ala que durante los meses estivales se producen \u00abcambios notables\u00bb en las puertas de urgencias. \u00abAparte de m\u00e1s nacimientos son meses de much\u00edsimo trabajo\u00bb, explica.<\/p>\n<p class=\"ft-text\">Seg\u00fan la matrona, a partir de junio aumenta progresivamente el n\u00famero de partos y la tendencia se mantiene durante el verano. Septiembre marca ya el inicio del descenso.<\/p>\n<p>M\u00e1s calor, m\u00e1s fatiga durante el embarazo<\/p>\n<p class=\"ft-text\">Las altas temperaturas afectan especialmente a las mujeres que se encuentran en la fase final de la gestaci\u00f3n. Durante el tercer trimestre <strong>aumenta el gasto card\u00edaco y el volumen sangu\u00edneo<\/strong>, lo que genera una mayor sensaci\u00f3n de calor, cansancio y problemas circulatorios.<\/p>\n<p class=\"ft-text\">A esto se suma el crecimiento del <a class=\"ft-link ft-link--decoration\" href=\"https:\/\/www.informacion.es\/tendencias21\/2026\/07\/31\/sustancias-quimicas-agua-potable-aumentar-132981434.html\" rel=\"nofollow noopener\" target=\"_blank\">\u00fatero<\/a>, que al final del embarazo puede llegar a pesar <strong>casi un kilogramo, adem\u00e1s del feto<\/strong>, y que provoca que el diafragma se eleve y disminuya la capacidad pulmonar. \u00abEllas tienen m\u00e1s fatiga a cualquier tipo de esfuerzo\u00bb, explica Rodr\u00edguez Blanco.<\/p>\n<p class=\"ft-text\">El calor puede incrementar adem\u00e1s la <strong>hinchaz\u00f3n de piernas y pies<\/strong>, los mareos y las bajadas de tensi\u00f3n. Las mujeres que ya tienen varices pueden notar tambi\u00e9n un empeoramiento durante estos meses.<\/p>\n<p class=\"ft-text\">Otro de los problemas m\u00e1s frecuentes es la dificultad para dormir. El aumento del tama\u00f1o del \u00fatero y la elevaci\u00f3n del diafragma pueden hacer que algunas embarazadas necesiten dormir algo m\u00e1s incorporadas, una situaci\u00f3n que se complica todav\u00eda m\u00e1s con las altas temperaturas.<\/p>\n<p><img decoding=\"async\" src=\"https:\/\/www.europesays.com\/es\/wp-content\/uploads\/2026\/08\/19105b54-369a-4170-9319-f0419999d936_alta-libre-aspect-ratio_default_0_x800y358.jpg\" width=\"1200\" height=\"806\" alt=\"Dos embarazadas beben agua para sobrellevar el calor\" class=\"ft-helper-img-rd\" loading=\"lazy\" fetchpriority=\"auto\"\/><\/p>\n<p class=\"ft-helper-fontColor-quaternary ft-helper-fontSize-body-S ft-helper-spacer-t-xxs\">Dos embarazadas beben agua para sobrellevar el calor  \/ INFORMACI\u00d3N<\/p>\n<p>La deshidrataci\u00f3n puede provocar contracciones<\/p>\n<p class=\"ft-text\">Uno de los principales riesgos durante los episodios de calor es la deshidrataci\u00f3n. Las embarazadas necesitan beber m\u00e1s l\u00edquidos y, si no mantienen una hidrataci\u00f3n adecuada, pueden aparecer contracciones.<\/p>\n<p class=\"ft-text\">\u00abLa deshidrataci\u00f3n produce contracciones\u00bb, advierte la matrona. Por este motivo, durante el verano aumentan las consultas de mujeres que sienten contracciones y temen estar<a class=\"ft-link ft-link--decoration\" href=\"https:\/\/www.informacion.es\/sociedad\/2026\/07\/09\/cayetana-20-meses-esperando-cita-rehabilitacion-suelo-pelvico-parto-complicado-132285596.html\" rel=\"nofollow noopener\" target=\"_blank\"> iniciando el parto.<\/a> Sin embargo, en muchos casos estas molestias desaparecen cuando la mujer se tumba y recibe l\u00edquidos abundantes.<\/p>\n<p><img decoding=\"async\" src=\"https:\/\/www.europesays.com\/es\/wp-content\/uploads\/2026\/08\/3dc5192a-8eb2-474a-accc-19b297d9b823_alta-libre-aspect-ratio_default_0_x740y658.jpg\" width=\"1200\" height=\"1599\" alt=\"Noelia Rodr\u00edguez Blanco\" class=\"ft-helper-img-rd\" loading=\"lazy\" fetchpriority=\"auto\"\/><\/p>\n<p class=\"ft-helper-fontColor-quaternary ft-helper-fontSize-body-S ft-helper-spacer-t-xxs\">Noelia Rodr\u00edguez Blanco  \/ INFORMACI\u00d3N<\/p>\n<blockquote class=\"ft-mol-quote\" data-aida-quote=\"\"><p>Una mujer que tiene ya un riesgo de parto prematuro realmente s\u00ed el calor intenso puede influir indirectamente en que se inicie<\/p>\n<p class=\"ft-mol-quote__author--name\">Noelia Rodr\u00edguez Blanco<\/p>\n<p class=\"ft-mol-quote__author--status\">\u2014 Vocal matrona del Colegio de Enfermer\u00eda de Alicante<\/p>\n<\/blockquote>\n<p class=\"ft-text\">El calor no ha demostrado por s\u00ed mismo que adelante el parto de forma directa, pero <strong>s\u00ed puede influir indirectamente a trav\u00e9s de la deshidrataci\u00f3n<\/strong>, especialmente en mujeres que ya presentan alg\u00fan factor de riesgo de parto prematuro.<\/p>\n<p class=\"ft-text\">\u00abUna mujer que tiene ya un riesgo de parto prematuro, pues a lo mejor tenga ya un poco de dilataci\u00f3n o no sea el primer hijo, realmente s\u00ed el calor intenso puede influir indirectamente en que se inicie\u00bb, explica.<\/p>\n<p class=\"ft-text\">Adem\u00e1s, el calor altera el descanso y el bienestar de las gestantes, que en las \u00faltimas semanas del embarazo pueden sentirse especialmente inc\u00f3modas y acudir con mayor frecuencia a los servicios sanitarios.<\/p>\n<p><img decoding=\"async\" src=\"https:\/\/www.europesays.com\/es\/wp-content\/uploads\/2026\/08\/12ee4ad7-5068-46cb-846e-f8e37eab25bf_alta-libre-aspect-ratio_default_0_x442y246.jpg\" width=\"1200\" height=\"1002\" alt=\"En verano hay m\u00e1s nacimientos al provocar el calor un adelanto de las contracciones\" class=\"ft-helper-img-rd\" loading=\"lazy\" fetchpriority=\"auto\"\/><\/p>\n<p class=\"ft-helper-fontColor-quaternary ft-helper-fontSize-body-S ft-helper-spacer-t-xxs\">En verano hay m\u00e1s nacimientos al provocar el calor un adelanto de las contracciones  \/ INFORMACI\u00d3N<\/p>\n<p>Cu\u00e1ndo acudir a urgencias<\/p>\n<p class=\"ft-text\">Rodr\u00edguez Blanco recomienda prestar especial atenci\u00f3n a la evoluci\u00f3n de las contracciones. \u00abRealmente nosotros decimos que tienen que consultar cuando esas contracciones que sienten son regulares\u00bb, se\u00f1ala.<\/p>\n<p class=\"ft-text\">Tambi\u00e9n aconseja acudir a valoraci\u00f3n sanitaria si aparece <strong>fiebre<\/strong>, que podr\u00eda estar relacionada con un golpe de calor, o ante signos de deshidrataci\u00f3n como <strong>sed intensa, boca muy seca u orina muy oscura<\/strong>.<\/p>\n<p class=\"ft-text\">Otro signo que requiere atenci\u00f3n son los cambios en los movimientos del beb\u00e9. Aunque al final del embarazo puede disminuir la intensidad de los movimientos porque el beb\u00e9 dispone de menos espacio, la madre debe seguir percibi\u00e9ndolos durante el d\u00eda. Ante una reducci\u00f3n significativa, la recomendaci\u00f3n es tumbarse, tomar algo y observar la respuesta y, si persiste la preocupaci\u00f3n, acudir a un profesional sanitario. \u00abSiempre es mejor que acudan a la matrona y al ginec\u00f3logo ante cualquier sospecha\u00bb, resume.<\/p>\n<p class=\"ft-text\">Para afrontar el verano, la especialista recomienda <strong>beber agua con frecuencia<\/strong>, evitar las horas de mayor exposici\u00f3n al calor, especialmente entre las 12 y las 17 horas, y utilizar ropa ligera y transpirable.<\/p>\n<p class=\"ft-text\">Tambi\u00e9n aconseja llevar un calzado c\u00f3modo, elevar las piernas cuando se est\u00e9 sentada para reducir la hinchaz\u00f3n y realizar ejercicio suave, como caminar o practicar actividad tranquila en la piscina.<\/p>\n<p>M\u00e1s partos y presi\u00f3n asistencial<\/p>\n<p class=\"ft-text\">El incremento de nacimientos en verano coincide adem\u00e1s con un periodo en el que parte del personal sanitario disfruta de sus vacaciones. Rodr\u00edguez Blanco, que durante a\u00f1os ha trabajado en la gesti\u00f3n sanitaria y en el \u00e1rea de la mujer, se\u00f1ala que esta coincidencia puede generar momentos de especial presi\u00f3n en los servicios de obstetricia.<\/p>\n<p class=\"ft-text\">\u00abA veces es verdad que en verano se junta con que muchas matronas se van de vacaciones y muchos ginec\u00f3logos de los hospitales tienen muchos m\u00e1s contratos de sustituci\u00f3n\u00bb, explica. Y todo ello ocurre mientras los partos, lejos de disminuir, aumentan durante los meses estivales.<\/p>\n<p class=\"ft-text\">Para la matrona, se produce as\u00ed una combinaci\u00f3n de factores que convierte el verano en un periodo especialmente intenso en las \u00e1reas de maternidad: <strong>m\u00e1s nacimientos, m\u00e1s calor, mayor malestar de las embarazadas y m\u00e1s riesgo de deshidrataci\u00f3n y contracciones<\/strong>.<\/p>\n<p data-close=\"closedContent\" class=\"subscribeHideForDisplay\">Suscr\u00edbete para seguir leyendo<\/p>\n","protected":false},"excerpt":{"rendered":"Los nacimientos aumentan entre un 24% y un 27% durante los meses de junio, julio y agosto, coincidiendo&hellip;\n","protected":false},"author":2,"featured_media":732234,"comment_status":"","ping_status":"","sticky":false,"template":"","format":"standard","meta":{"footnotes":""},"categories":[92],"tags":[2206,4922,50126,25,24,165,8281,123849,740,166,1811,23,12353,1793],"class_list":["post-732233","post","type-post","status-publish","format-standard","has-post-thumbnail","category-salud","tag-alicante","tag-calor","tag-embarazadas","tag-es","tag-espana","tag-health","tag-nacimientos","tag-partos","tag-puerta","tag-salud","tag-sanidad","tag-spain","tag-urgencias","tag-verano"],"share_on_mastodon":{"url":"https:\/\/pubeurope.com\/@es\/117162322230206962","error":""},"_links":{"self":[{"href":"https:\/\/www.europesays.com\/es\/wp-json\/wp\/v2\/posts\/732233","targetHints":{"allow":["GET"]}}],"collection":[{"href":"https:\/\/www.europesays.com\/es\/wp-json\/wp\/v2\/posts"}],"about":[{"href":"https:\/\/www.europesays.com\/es\/wp-json\/wp\/v2\/types\/post"}],"author":[{"embeddable":true,"href":"https:\/\/www.europesays.com\/es\/wp-json\/wp\/v2\/users\/2"}],"replies":[{"embeddable":true,"href":"https:\/\/www.europesays.com\/es\/wp-json\/wp\/v2\/comments?post=732233"}],"version-history":[{"count":0,"href":"https:\/\/www.europesays.com\/es\/wp-json\/wp\/v2\/posts\/732233\/revisions"}],"wp:featuredmedia":[{"embeddable":true,"href":"https:\/\/www.europesays.com\/es\/wp-json\/wp\/v2\/media\/732234"}],"wp:attachment":[{"href":"https:\/\/www.europesays.com\/es\/wp-json\/wp\/v2\/media?parent=732233"}],"wp:term":[{"taxonomy":"category","embeddable":true,"href":"https:\/\/www.europesays.com\/es\/wp-json\/wp\/v2\/categories?post=732233"},{"taxonomy":"post_tag","embeddable":true,"href":"https:\/\/www.europesays.com\/es\/wp-json\/wp\/v2\/tags?post=732233"}],"curies":[{"name":"wp","href":"https:\/\/api.w.org\/{rel}","templated":true}]}}