{"id":732305,"date":"2026-08-26T15:37:23","date_gmt":"2026-08-26T15:37:23","guid":{"rendered":"https:\/\/www.europesays.com\/es\/732305\/"},"modified":"2026-08-26T15:37:23","modified_gmt":"2026-08-26T15:37:23","slug":"el-real-madrid-cambia-la-supercopa-de-espana-por-el-nuevo-torneo-de-la-euroliga","status":"publish","type":"post","link":"https:\/\/www.europesays.com\/es\/732305\/","title":{"rendered":"El Real Madrid cambia la Supercopa de Espa\u00f1a por el nuevo torneo de la Euroliga"},"content":{"rendered":"<p style=\"\">El <a href=\"https:\/\/www.abc.es\/deportes\/baloncesto\/pedro-martinez-nuevo-entrenador-real-madrid-baloncesto-20260706131847-nt.html\" target=\"_blank\" data-voc-vtm-id=\"in-text-traffic\" data-mrf-link=\"www.abc.es\" rel=\"nofollow noopener\">Real Madrid de Pedro Mart\u00ednez<\/a> arrancar\u00e1 su andadura por todo lo alto. Tras disputar los habituales amistosos de pretemporada, el nuevo proyecto blanco, con el t\u00e9cnico catal\u00e1n al frente, estrenar\u00e1 la primera Supercopa europea de la historia. El torneo \u2014denominado oficialmente <strong>Euroleague Basketball <\/strong> &#8230; <strong>Supercup<\/strong> y anunciado este pasado lunes\u2014 se celebrar\u00e1 el viernes 18 y el s\u00e1bado 19 de septiembre en Abu Dabi, y reunir\u00e1 al Olympiacos, al Fenerbahce, al Dubai Basketball y al propio conjunto madridista.<\/p>\n<p class=\"v-d-p\" style=\"\">El conjunto anfitri\u00f3n, el Dubai Basketball que dirige el ext\u00e9cnico blaugrana Xavi Pascual, ser\u00e1 el primer rival del club blanco en un torneo que consta de cuatro encuentros. El choque se disputar\u00e1 el viernes a las 19:00 horas, mientras que la otra semifinal, que enfrentar\u00e1 a los dos \u00faltimos campeones de Europa, se celebrar\u00e1 a las 16:00. La gran final tendr\u00e1 lugar el s\u00e1bado a las 19:00 en el Etihad Arena, precedida por el partido por el tercer y cuarto puesto, programado a las 16:00.<\/p>\n<p class=\"v-d-p\" style=\"\">Este nuevo torneo de la Euroliga coincide en fechas con una cita que el Real Madrid no se perd\u00eda desde 2008 \u2014y que solo hab\u00eda dejado de disputar en dos ocasiones desde su creaci\u00f3n\u2014: la SuperCopa Endesa. El torneo nacional se celebrar\u00e1 en Badalona y reunir\u00e1 al Joventut, al Baskonia, al Valencia Basket y al Barcelona en busca de un nuevo supercampe\u00f3n. <\/p>\n<p>\nAmistosos del Real Madrid confirmados\n<\/p>\n<ul class=\"v-u v-u--t2\">\n<li class=\"v-u__l\">\n<p class=\"v-d-p\">\n29\/8 a las 20:00 contra R\u00edo Breog\u00e1n\n<\/p>\n<\/li>\n<li class=\"v-u__l\">\n<p class=\"v-d-p\">\n5\/9 a las 20:00 contra Kosner Baskonia\n<\/p>\n<\/li>\n<li class=\"v-u__l\">\n<p class=\"v-d-p\">\n11\/9 a las 20:00 contra La Laguna Tenerife\n<\/p>\n<\/li>\n<li class=\"v-u__l\">\n<p class=\"v-d-p\">\n12\/9 a las 19:00 contra Unicaja\n<\/p>\n<\/li>\n<p> ul&gt;\n<\/ul>\n<ul class=\"v-cmp-rld__u\">\n<li class=\"v-cmp-rld__l\">\n<p><a class=\"v-a-lnk\" href=\"http:\/\/www.abc.es\/deportes\/baloncesto\/eli-ndiaye-vuelve-real-madrid-ano-despues-20260817135629-nt.html#vtm_modulosEngag=noticiasrelacionadas-cmp-uno:deportes:noticia:1\" data-voc-vtm-id=\"in-text-traffic\" rel=\"nofollow noopener\" target=\"_blank\"><br \/>\n<img decoding=\"async\" loading=\"lazy\" src=\"https:\/\/www.europesays.com\/es\/wp-content\/uploads\/2026\/08\/ND-NDIAYE-_SG11019-U16323326735kfN-366x256@diario_abc.jpg\" class=\"v-a-img\" width=\"258\" height=\"180\" alt=\"Eli Ndiaye vuelve al Real Madrid un a\u00f1o despu\u00e9s\"\/><br \/>\n<\/a><\/p>\n<\/li>\n<\/ul>\n<p class=\"v-d-p\" style=\"\">Los blancos afrontan este nuevo ciclo tras la debacle del curso pasado. El club acometi\u00f3 una profunda reestructuraci\u00f3n en su secci\u00f3n deportiva que incluy\u00f3 el cambio de funciones de <a href=\"https:\/\/www.abc.es\/deportes\/baloncesto\/juan-carlos-sanchez-saltar-aires-baloncesto-espanol-20260701010840-nt.html\" target=\"_blank\" data-voc-vtm-id=\"in-text-traffic\" data-mrf-link=\"www.abc.es\" rel=\"nofollow noopener\">Juan Carlos S\u00e1nchez<\/a>, la destituci\u00f3n de Chus Mateo y numerosos relevos en la cantera, dando paso a Sergio Rodr\u00edguez y Pocius en la direcci\u00f3n deportiva y a Sergio Scariolo en el banquillo.<\/p>\n<p class=\"v-d-p\" style=\"\">Toda esta marejada fue la consecuencia de una campa\u00f1a que se podr\u00eda resumir en un &#8216;casi&#8217;: los blancos cayeron en la Supercopa ante Baskonia, en la Copa frente a Valencia Basket y en la Liga Endesa en cuartos de final ante La Laguna Tenerife, ante la incredulidad de una afici\u00f3n que los hab\u00eda visto dominar con firmeza la fase regular. Un tropiezo hist\u00f3rico que acab\u00f3 dej\u00e1ndoles sin billete para la presente edici\u00f3n de la Supercopa Endesa.<\/p>\n<p class=\"v-d-p\" style=\"\">Adem\u00e1s, este tropiezo supuso \u2014de nuevo\u2014 otra reestructuraci\u00f3n. Sergio Rodr\u00edguez y Pocius salieron de la entidad, Juan Carlos S\u00e1nchez volvi\u00f3 a ganar peso en el organigrama, Sergio Scariolo fue destituido para dejar el banquillo en manos de Pedro Mart\u00ednez y varios de los t\u00e9cnicos de la cantera volvieron a hacer las maletas.<\/p>\n<p class=\"v-d-p\" style=\"\">El revuelo tambi\u00e9n lleg\u00f3 a la pista. El Real Madrid ha despedido este verano a Hezonja, Lyles, Kramer, Len, Yurtseven, Sissoko e Izan Almansa, mientras que ha incorporado \u2014por ahora\u2014 a Jaime Pradilla, Luwawu-Cabarrot, Jantunen, Shulga, Sarr y Eli John Ndiaye. Todo a la espera de oficializarse la llegada de Damien Jones y la del anotador exterior que ans\u00eda el conjunto blanco para poner la guinda a un nuevo proyecto que arrancar\u00e1 su andadura compitiendo por un nuevo t\u00edtulo.<\/p>\n","protected":false},"excerpt":{"rendered":"El Real Madrid de Pedro Mart\u00ednez arrancar\u00e1 su andadura por todo lo alto. Tras disputar los habituales amistosos&hellip;\n","protected":false},"author":2,"featured_media":732306,"comment_status":"","ping_status":"","sticky":false,"template":"","format":"standard","meta":{"footnotes":""},"categories":[269],"tags":[299,298,1838,168,25,24,833,205,524,798,23,167,4611,775],"class_list":["post-732305","post","type-post","status-publish","format-standard","has-post-thumbnail","category-baloncesto","tag-baloncesto","tag-basketball","tag-cambia","tag-deportes","tag-es","tag-espana","tag-euroliga","tag-madrid","tag-nuevo","tag-real","tag-spain","tag-sports","tag-supercopa","tag-torneo"],"share_on_mastodon":{"url":"https:\/\/pubeurope.com\/@es\/117162558472041821","error":""},"_links":{"self":[{"href":"https:\/\/www.europesays.com\/es\/wp-json\/wp\/v2\/posts\/732305","targetHints":{"allow":["GET"]}}],"collection":[{"href":"https:\/\/www.europesays.com\/es\/wp-json\/wp\/v2\/posts"}],"about":[{"href":"https:\/\/www.europesays.com\/es\/wp-json\/wp\/v2\/types\/post"}],"author":[{"embeddable":true,"href":"https:\/\/www.europesays.com\/es\/wp-json\/wp\/v2\/users\/2"}],"replies":[{"embeddable":true,"href":"https:\/\/www.europesays.com\/es\/wp-json\/wp\/v2\/comments?post=732305"}],"version-history":[{"count":0,"href":"https:\/\/www.europesays.com\/es\/wp-json\/wp\/v2\/posts\/732305\/revisions"}],"wp:featuredmedia":[{"embeddable":true,"href":"https:\/\/www.europesays.com\/es\/wp-json\/wp\/v2\/media\/732306"}],"wp:attachment":[{"href":"https:\/\/www.europesays.com\/es\/wp-json\/wp\/v2\/media?parent=732305"}],"wp:term":[{"taxonomy":"category","embeddable":true,"href":"https:\/\/www.europesays.com\/es\/wp-json\/wp\/v2\/categories?post=732305"},{"taxonomy":"post_tag","embeddable":true,"href":"https:\/\/www.europesays.com\/es\/wp-json\/wp\/v2\/tags?post=732305"}],"curies":[{"name":"wp","href":"https:\/\/api.w.org\/{rel}","templated":true}]}}