{"id":732317,"date":"2026-08-26T15:47:21","date_gmt":"2026-08-26T15:47:21","guid":{"rendered":"https:\/\/www.europesays.com\/es\/732317\/"},"modified":"2026-08-26T15:47:21","modified_gmt":"2026-08-26T15:47:21","slug":"quien-es-javier-cabrera-la-nueva-ilusion-de-vicky-martin-berrocal-empresario-malagueno-de-51-anos-y-una-vida-lejos-de-los-focos","status":"publish","type":"post","link":"https:\/\/www.europesays.com\/es\/732317\/","title":{"rendered":"Qui\u00e9n es Javier Cabrera, la nueva ilusi\u00f3n de Vicky Mart\u00edn Berrocal: empresario malague\u00f1o de 51 a\u00f1os y una vida lejos de los focos"},"content":{"rendered":"<p id=\"eso7eAjx1t\" data-wc=\"66\"><strong>Vicky Mart\u00edn Berrocal\u00a0<\/strong>est\u00e1 viviendo un verano especialmente feliz y detr\u00e1s de esa sonrisa podr\u00eda esconderse una nueva historia de amor. Despu\u00e9s de m\u00e1s de dos a\u00f1os sin una pareja conocida, un hombre habr\u00eda empezado a conquistar de nuevo su coraz\u00f3n. Se llama<strong>\u00a0Javier Cabrera, tiene 51 a\u00f1os, es un destacado empresario malague\u00f1o del sector energ\u00e9tico<\/strong> y, hasta hace apenas unas semanas, era un completo desconocido.\u00a0<\/p>\n<p> <img src=\"https:\/\/www.europesays.com\/es\/wp-content\/uploads\/2026\/08\/1787759238_74_88d7f9f0d84d-ep-famosos-en-el-rocio-13.jpg\"   width=\"1080\" height=\"1080\" loading=\"lazy\" decoding=\"async\" alt=\"Vicky Mart\u00edn Berrocal captada con un nuevo romance\" fetchpriority=\"auto\" class=\"image ho-image\"\/>\u00a9 LAGENCIAVicky Mart\u00edn Berrocal podr\u00eda haber recuperado la ilusi\u00f3n junto a Javier Cabrera, un discreto empresario malague\u00f1o de 51 a\u00f1os<\/p>\n<p class=\"\" id=\"e9QN0lOwK0K\" data-wc=\"70\">Los rumores comenzaron a mediados de julio, despu\u00e9s de que Vicky asistiera a su cumplea\u00f1os y Vanitatis apuntara que entre ambos pod\u00eda existir algo m\u00e1s que una amistad. Ninguno ha confirmado que mantengan una relaci\u00f3n, pero las nuevas im\u00e1genes de los dos juntos, que<a class=\"hm-link ho-link\" href=\"https:\/\/www.hola.com\/actualidad\/20260826919904\/vicky-martin-berrocal-primeras-fotos-javier-cabrera-cita-muy-especial\/\" data-mrf-recirculation=\"article-body-link\" rel=\"nofollow noopener\" target=\"_blank\">\u00a0esta semana puedes ver en \u00a1HOLA!<\/a>, durante la peregrinaci\u00f3n de la Venida de la Virgen del Roc\u00edo han vuelto a poner el foco sobre su relaci\u00f3n.<\/p>\n<p id=\"e0495A31ZG0\" data-wc=\"43\">Y esta vez hay un detalle que hace pensar que esa amistad podr\u00eda ser algo m\u00e1s. <strong>Javier no aparece \u00fanicamente junto a Vicky, sino integrado en su entorno m\u00e1s familiar<\/strong>, junto a su madre, Victoria; su hermana, Roc\u00edo; y su hija, Alba D\u00edaz.\u00a0<\/p>\n<p>Pero\u2026 \u00bfQui\u00e9n es Javier Cabrera?<\/p>\n<p id=\"ee3Xm8EsJg-\" data-wc=\"29\">Pero \u00bfqui\u00e9n es el hombre que podr\u00eda haber devuelto la ilusi\u00f3n a Vicky? Javier Cabrera es un <strong>empresario malague\u00f1o de 51 a\u00f1os<\/strong> que, hasta ahora, jam\u00e1s hab\u00eda ocupado titulares.\u00a0<\/p>\n<p id=\"eOvkBWml5JX\" data-wc=\"36\">Su mundo poco tiene que ver con el de Vicky. Lleva <strong>m\u00e1s de 25 a\u00f1os dedicado al sector energ\u00e9tico\u00a0<\/strong>y actualmente est\u00e1 al <strong>frente de Grupo Solar Lighting (GSL)<\/strong>, una empresa centrada en las energ\u00edas renovables.<\/p>\n<p> <img src=\"https:\/\/www.europesays.com\/es\/wp-content\/uploads\/2026\/08\/e37da36d8689-77901759118615642259015463813961173799219279n.jpg\"   width=\"1170\" height=\"1560\" loading=\"lazy\" decoding=\"async\" alt=\"Javier Cabrera ha entrado en el c\u00edrculo m\u00e1s cercano de Vicky, compartiendo momentos con su madre, su hermana y su hija Alba D\u00edaz\" fetchpriority=\"auto\" class=\"image ho-image\"\/>\u00a9 vickymartinberrocalJavier Cabrera ha entrado en el c\u00edrculo m\u00e1s cercano de Vicky, compartiendo momentos con su madre, su hermana y su hija Alba D\u00edaz<\/p>\n<p id=\"evMCjg4Ywss\" data-wc=\"57\">Una profesi\u00f3n que, en cierto modo, le viene de familia. Los Cabrera estuvieron detr\u00e1s de Sistem Melesur, una importante empresa de infraestructuras el\u00e9ctricas que posteriormente vendieron por alrededor de 60 millones de euros. Sin embargo, conservaron la parte relacionada con la innovaci\u00f3n y las energ\u00edas renovables, el terreno en el que Javier ha continuado desarrollando su carrera.<\/p>\n<p id=\"e56-0E1pXXh\" data-wc=\"40\">A lo largo de estos a\u00f1os ha trabajado en proyectos relacionados con grandes compa\u00f1\u00edas como Endesa, Iberdrola o Red El\u00e9ctrica, aunque hasta que su nombre comenz\u00f3 a relacionarse con el de Vicky hab\u00eda conseguido llevar su vida con absoluta discreci\u00f3n.<\/p>\n<p>Del cumplea\u00f1os de Javier a un lugar muy especial para Vicky<\/p>\n<p id=\"e1Kj4faDhy_\" data-wc=\"47\">Hasta este verano, su nombre dif\u00edcilmente habr\u00eda aparecido en los medios. Todo cambi\u00f3 cuando <strong>Vicky acudi\u00f3 a la celebraci\u00f3n de su cumplea\u00f1os<\/strong>. La buena sinton\u00eda entre ambos despert\u00f3 los primeros rumores, aunque los dos procuraron mantener la discreci\u00f3n y evitar gestos excesivamente c\u00f3mplices ante las miradas ajenas.<\/p>\n<p id=\"expQr_-hLdM\" data-wc=\"53\">Ahora han vuelto a ser vistos juntos y en unas circunstancias que inevitablemente llaman m\u00e1s la atenci\u00f3n. <strong>Javier acompa\u00f1\u00f3 a la dise\u00f1adora durante el traslado de la Virgen del Roc\u00edo hasta Almonte<\/strong>, una tradici\u00f3n que se celebra cada siete a\u00f1os y que Vicky vivi\u00f3 desde la casa familiar que tienen en El Roc\u00edo.<\/p>\n<p id=\"eEgSZPKXrHp\" data-wc=\"36\">Para Vicky fueron unos d\u00edas especialmente emocionantes. \u00abSi yo pudiera parar las manillas del reloj del tiempo\u2026 repetir\u00eda una y otra vez cada uno de estos momentos\u00bb, escribi\u00f3 posteriormente junto a algunos recuerdos de la experiencia.<\/p>\n<p> <img src=\"https:\/\/www.europesays.com\/es\/wp-content\/uploads\/2026\/08\/092d42b338a6-783616876186156423280154632448402265602699786n-1.jpg\"   width=\"1170\" height=\"1560\" loading=\"lazy\" decoding=\"async\" alt=\"Vicky Mart\u00edn Berrocal junto a su hija, Alba D\u00edaz, durante unos d\u00edas muy especiales en El Roc\u00edo, uno de los lugares m\u00e1s importantes para su familia\" fetchpriority=\"auto\" class=\"image ho-image\"\/>\u00a9 vickymartinberrocalVicky Mart\u00edn Berrocal junto a su hija, Alba D\u00edaz, durante unos d\u00edas muy especiales en El Roc\u00edo, uno de los lugares m\u00e1s importantes para su familia<br \/>\nVicky ni confirma ni desmiente<\/p>\n<p id=\"eJkC9vglI5O\" data-wc=\"45\">Por ahora, <a class=\"hm-link ho-link\" href=\"https:\/\/www.hola.com\/actualidad\/20260723914422\/primeras-imagenes-vicky-martin-berrocal\/\" data-mrf-recirculation=\"article-body-link\" rel=\"nofollow noopener\" target=\"_blank\">la protagonista prefiere no poner nombre a lo que est\u00e1 viviendo<\/a>. Cuando comenzaron a circular las primeras informaciones sobre Javier, su reacci\u00f3n ante las preguntas de los periodistas dej\u00f3 clara su intenci\u00f3n de mantener esta parcela de su vida lejos de los focos.<\/p>\n<p id=\"eU7SLFNBIIW\" data-wc=\"34\"><strong>\u00abMe da mucho apuro, te lo juro por mi vida, que yo ya no estoy acostumbrada a esto y&#8230; no tengo nada que contaros. De verdad que no. Os lo juro que no\u00bb<\/strong>, respondi\u00f3.<\/p>\n<p id=\"e8GXE-VMUmV\" data-wc=\"37\">No confirm\u00f3 una nueva relaci\u00f3n, pero tampoco quiso entrar en m\u00e1s detalles. Una prudencia que contin\u00faa semanas despu\u00e9s, aunque sus nuevas im\u00e1genes junto al empresario demuestran, al menos, que Javier ya forma parte de su c\u00edrculo cercano.<\/p>\n<p> <img src=\"https:\/\/www.europesays.com\/es\/wp-content\/uploads\/2026\/08\/e88cbfc9e383-783286231186156422440154632495186034794381629n-1.jpg\"   width=\"1170\" height=\"1560\" loading=\"lazy\" decoding=\"async\" alt=\"La presencia de Javier junto a Vicky y su familia en El Roc\u00edo ha vuelto a alimentar los rumores de que entre ellos podr\u00eda haber algo m\u00e1s que una amistad\" fetchpriority=\"auto\" class=\"image ho-image\"\/>\u00a9 vickymartinberrocalLa presencia de Javier junto a Vicky y su familia en El Roc\u00edo ha vuelto a alimentar los rumores de que entre ellos podr\u00eda haber algo m\u00e1s que una amistad<br \/>\nSu primera ilusi\u00f3n conocida despu\u00e9s de Enrique Sol\u00eds<\/p>\n<p id=\"ehWoK4vpjEJ7\" data-wc=\"42\">De confirmarse el romance, ser\u00eda la primera relaci\u00f3n conocida de Vicky <a class=\"hm-link ho-link\" href=\"https:\/\/www.hola.com\/actualidad\/20240625701455\/vicky-martin-berrocal-enrique-solis-rompen-relacion\/\" data-mrf-recirculation=\"article-body-link\" rel=\"nofollow noopener\" target=\"_blank\">desde su historia con Enrique Sol\u00eds<\/a>. Su noviazgo sali\u00f3 a la luz en febrero de 2024 y apenas unos meses despu\u00e9s, en junio de aquel mismo a\u00f1o, se conoci\u00f3 su ruptura.<\/p>\n<p id=\"e9mXf3rmkE3g\" data-wc=\"39\">Anteriormente, la dise\u00f1adora hab\u00eda mantenido una relaci\u00f3n mucho m\u00e1s larga con<strong>\u00a0el empresario portugu\u00e9s Jo\u00e3o Viegas Soares<\/strong>. Estuvieron juntos durante aproximadamente tres a\u00f1os hasta que, a comienzos de 2022, sus caminos se separaron por el desgaste de la relaci\u00f3n.<\/p>\n<p id=\"erkNW8R_W6r2\" data-wc=\"33\">Desde entonces, <strong>Vicky hab\u00eda mantenido su vida sentimental en un discreto segundo plano<\/strong>. Ahora, dos a\u00f1os despu\u00e9s de su \u00faltima pareja conocida, Javier Cabrera ha irrumpido en escena sin hacer pr\u00e1cticamente ning\u00fan ruido.<\/p>\n","protected":false},"excerpt":{"rendered":"Vicky Mart\u00edn Berrocal\u00a0est\u00e1 viviendo un verano especialmente feliz y detr\u00e1s de esa sonrisa podr\u00eda esconderse una nueva historia&hellip;\n","protected":false},"author":2,"featured_media":732318,"comment_status":"","ping_status":"","sticky":false,"template":"","format":"standard","meta":{"footnotes":""},"categories":[91],"tags":[3900,517,146,147,25,24,23,22271],"class_list":["post-732317","post","type-post","status-publish","format-standard","has-post-thumbnail","category-entretenimiento","tag-hola","tag-actualidad","tag-entertainment","tag-entretenimiento","tag-es","tag-espana","tag-spain","tag-vicky-martin-berrocal"],"share_on_mastodon":{"url":"https:\/\/pubeurope.com\/@es\/117162598908770459","error":""},"_links":{"self":[{"href":"https:\/\/www.europesays.com\/es\/wp-json\/wp\/v2\/posts\/732317","targetHints":{"allow":["GET"]}}],"collection":[{"href":"https:\/\/www.europesays.com\/es\/wp-json\/wp\/v2\/posts"}],"about":[{"href":"https:\/\/www.europesays.com\/es\/wp-json\/wp\/v2\/types\/post"}],"author":[{"embeddable":true,"href":"https:\/\/www.europesays.com\/es\/wp-json\/wp\/v2\/users\/2"}],"replies":[{"embeddable":true,"href":"https:\/\/www.europesays.com\/es\/wp-json\/wp\/v2\/comments?post=732317"}],"version-history":[{"count":0,"href":"https:\/\/www.europesays.com\/es\/wp-json\/wp\/v2\/posts\/732317\/revisions"}],"wp:featuredmedia":[{"embeddable":true,"href":"https:\/\/www.europesays.com\/es\/wp-json\/wp\/v2\/media\/732318"}],"wp:attachment":[{"href":"https:\/\/www.europesays.com\/es\/wp-json\/wp\/v2\/media?parent=732317"}],"wp:term":[{"taxonomy":"category","embeddable":true,"href":"https:\/\/www.europesays.com\/es\/wp-json\/wp\/v2\/categories?post=732317"},{"taxonomy":"post_tag","embeddable":true,"href":"https:\/\/www.europesays.com\/es\/wp-json\/wp\/v2\/tags?post=732317"}],"curies":[{"name":"wp","href":"https:\/\/api.w.org\/{rel}","templated":true}]}}