{"id":732355,"date":"2026-08-26T16:15:16","date_gmt":"2026-08-26T16:15:16","guid":{"rendered":"https:\/\/www.europesays.com\/es\/732355\/"},"modified":"2026-08-26T16:15:16","modified_gmt":"2026-08-26T16:15:16","slug":"muere-una-mujer-tras-recibir-un-disparo-accidental-de-su-marido-mientras-cazaban-en-palencia-espana","status":"publish","type":"post","link":"https:\/\/www.europesays.com\/es\/732355\/","title":{"rendered":"Muere una mujer tras recibir un disparo \u201caccidental\u201d de su marido mientras cazaban en Palencia | Espa\u00f1a"},"content":{"rendered":"<p class=\"\">Una mujer de 56 a\u00f1os ha muerto este martes tras recibir un disparo \u201caccidental\u201d de su marido en la localidad de <a href=\"https:\/\/elpais.com\/noticias\/palencia\/\" target=\"_blank\" rel=\"nofollow noopener\" title=\"https:\/\/elpais.com\/noticias\/palencia\/\">H\u00e9rmedes de Cerrato (Palencia)<\/a>. La fallecida, de origen vallisoletano, se hallaba con \u00e9l practicando la <a href=\"https:\/\/elpais.com\/noticias\/caza\/\" target=\"_blank\" rel=\"nofollow noopener\" title=\"https:\/\/elpais.com\/noticias\/caza\/\">actividad cineg\u00e9tica<\/a> en esta zona del sur de la provincia palentina cuando se produjo el suceso. La investigaci\u00f3n de la Guardia Civil ha rechazado de momento que se trate de un episodio de violencia de g\u00e9nero y lo atribuye a lo fortuito, a expensas de nuevas pesquisas. La mujer fue atendida inicialmente por los servicios de emergencias en estado grave y finalmente falleci\u00f3 pese a las atenciones m\u00e9dicas. La v\u00edctima se llamaba Raquel Garc\u00eda y trabajaba para la Fundaci\u00f3n Municipal de Deportes (FMD) del <a href=\"https:\/\/elpais.com\/espana\/2026-08-19\/pp-y-vox-cambian-el-concepto-violencia-de-genero-por-violencia-domestica-para-dar-ayudas-de-vivienda-en-valladolid.html\" target=\"_blank\" rel=\"nofollow noopener\" title=\"https:\/\/elpais.com\/espana\/2026-08-19\/pp-y-vox-cambian-el-concepto-violencia-de-genero-por-violencia-domestica-para-dar-ayudas-de-vivienda-en-valladolid.html\">Ayuntamiento de Valladolid<\/a>, cuyos portavoces han expresado sus condolencias por la desgracia.<\/p>\n<p>M\u00e1s informaci\u00f3n<\/p>\n<p class=\"\">La primera informaci\u00f3n oficial indic\u00f3 que la pareja se encontraba cazando en el entorno de H\u00e9rmedes de Cerrato cuando se produjo el disparo. \u201cEn el momento en el que se personaron los indicativos de Guardia Civil, la v\u00edctima se encontraba grave pero consciente. Seg\u00fan las primeras investigaciones desarrolladas por el <a href=\"https:\/\/elpais.com\/noticias\/guardia-civil\/\" target=\"_blank\" rel=\"nofollow noopener\" title=\"https:\/\/elpais.com\/noticias\/guardia-civil\/\">Instituto Armado<\/a>, se descartar\u00eda que los hechos est\u00e9n relacionados con un episodio de violencia de g\u00e9nero y la principal hip\u00f3tesis apunta a que pudiera tratarse de un accidente de caza\u201d, ha difundido la Guardia Civil en un comunicado. <\/p>\n<p class=\"\">El accidente se produjo en la ma\u00f1ana del martes y la vallisoletana muri\u00f3 a \u00faltima hora de la jornada pese a las <a href=\"https:\/\/elpais.com\/espana\/andalucia\/2026-08-24\/la-policia-nacional-investiga-la-muerte-de-un-hombre-en-marbella-con-dos-heridas-de-bala.html\" target=\"_blank\" rel=\"nofollow noopener\" title=\"https:\/\/elpais.com\/espana\/andalucia\/2026-08-24\/la-policia-nacional-investiga-la-muerte-de-un-hombre-en-marbella-con-dos-heridas-de-bala.html\">atenciones sanitarias recibidas<\/a>, pues sufr\u00eda heridas de alta gravedad. Fuentes de la subdelegaci\u00f3n del Gobierno en Palencia detallan que \u201cel disparo fue en la parte lateral del abdomen\u201d y que ambos \u201ccazaban habitualmente juntos, los dos con permiso activo\u201d.<\/p>\n<p class=\"\">Las primeras indagaciones sobre la defunci\u00f3n revelaron que la v\u00edctima era Raquel Garc\u00eda, empleada de la FMD. El gerente de esta entidad, Santiago Hidalgo, mostr\u00f3 as\u00ed su pesar por lo ocurrido: \u201cRaquel llevaba 30 a\u00f1os como monitora de actividades de ocio y tiempo libre con mayores en la <a href=\"https:\/\/elpais.com\/noticias\/valladolid\/\" target=\"_blank\" rel=\"nofollow noopener\" title=\"https:\/\/elpais.com\/noticias\/valladolid\/\">Fundaci\u00f3n Municipal de Deportes de Valladolid<\/a>, ella no trabajaba directamente con nosotros pero s\u00ed encadenando contratos con empresas que tenemos subcontratadas\u201d. <\/p>\n<p class=\"\">La concejala de Deportes municipal, Mayte Mart\u00ednez (PP), se uni\u00f3 a Hidalgo en palabras de afecto hacia la familia de Garc\u00eda y de tristeza hacia lo sucedido. \u201cDesde las redes sociales de la Fundaci\u00f3n Municipal, y tras haberle dado traslado tambi\u00e9n al alcalde, manifestamos, como no puede ser de otra manera, nuestras condolencias a la familia por el fallecimiento de esta trabajadora\u201d, ha precisado, a\u00f1adiendo que ella personalmente no la conoc\u00eda porque no era una \u201ctrabajadora directa\u201d del Consistorio sino empleada de diversas compa\u00f1\u00edas subcontratadas por el Ayuntamiento. Raquel Garc\u00eda ten\u00eda \u201creferencias muy buenas\u201d, seg\u00fan Mart\u00ednez, y era \u201cmuy querida en la Fundaci\u00f3n\u201d, para la cual trabajaba dando clases en los polideportivos o pabellones de la ciudad.<\/p>\n","protected":false},"excerpt":{"rendered":"Una mujer de 56 a\u00f1os ha muerto este martes tras recibir un disparo \u201caccidental\u201d de su marido en&hellip;\n","protected":false},"author":2,"featured_media":732356,"comment_status":"","ping_status":"","sticky":false,"template":"","format":"standard","meta":{"footnotes":""},"categories":[8],"tags":[5960,128799,17,18,3590,19446,25,24,13,14,1160,11,11738,19,20,9,10,15,16,6442,130217,23,257,12,21,22],"class_list":["post-732355","post","type-post","status-publish","format-standard","has-post-thumbnail","category-espana","tag-accidentes","tag-ayuntamiento-valladolid","tag-breaking-news","tag-breakingnews","tag-castilla-y-leon","tag-caza","tag-es","tag-espana","tag-featured-news","tag-featurednews","tag-guardia-civil","tag-headlines","tag-investigacion-policial","tag-latest-news","tag-latestnews","tag-news","tag-noticias","tag-noticias-destacadas","tag-noticiasdestacadas","tag-palencia","tag-provincia-palencia","tag-spain","tag-sucesos","tag-titulares","tag-ultimas-noticias","tag-ultimasnoticias"],"share_on_mastodon":{"url":"https:\/\/pubeurope.com\/@es\/117162706520140724","error":""},"_links":{"self":[{"href":"https:\/\/www.europesays.com\/es\/wp-json\/wp\/v2\/posts\/732355","targetHints":{"allow":["GET"]}}],"collection":[{"href":"https:\/\/www.europesays.com\/es\/wp-json\/wp\/v2\/posts"}],"about":[{"href":"https:\/\/www.europesays.com\/es\/wp-json\/wp\/v2\/types\/post"}],"author":[{"embeddable":true,"href":"https:\/\/www.europesays.com\/es\/wp-json\/wp\/v2\/users\/2"}],"replies":[{"embeddable":true,"href":"https:\/\/www.europesays.com\/es\/wp-json\/wp\/v2\/comments?post=732355"}],"version-history":[{"count":0,"href":"https:\/\/www.europesays.com\/es\/wp-json\/wp\/v2\/posts\/732355\/revisions"}],"wp:featuredmedia":[{"embeddable":true,"href":"https:\/\/www.europesays.com\/es\/wp-json\/wp\/v2\/media\/732356"}],"wp:attachment":[{"href":"https:\/\/www.europesays.com\/es\/wp-json\/wp\/v2\/media?parent=732355"}],"wp:term":[{"taxonomy":"category","embeddable":true,"href":"https:\/\/www.europesays.com\/es\/wp-json\/wp\/v2\/categories?post=732355"},{"taxonomy":"post_tag","embeddable":true,"href":"https:\/\/www.europesays.com\/es\/wp-json\/wp\/v2\/tags?post=732355"}],"curies":[{"name":"wp","href":"https:\/\/api.w.org\/{rel}","templated":true}]}}