{"id":732389,"date":"2026-08-26T16:50:14","date_gmt":"2026-08-26T16:50:14","guid":{"rendered":"https:\/\/www.europesays.com\/es\/732389\/"},"modified":"2026-08-26T16:50:14","modified_gmt":"2026-08-26T16:50:14","slug":"homesley-quiero-liderar-el-casademont-zaragoza","status":"publish","type":"post","link":"https:\/\/www.europesays.com\/es\/732389\/","title":{"rendered":"Homesley: \u00abQuiero liderar el Casademont Zaragoza\u00bb"},"content":{"rendered":"<p class=\"c-paragraph\">Reynaldo Benito, Jos\u00e9 Antonio Artigas, Pedro Llompart, Gonzalo Garc\u00eda de Vitoria\u2026 Todos persiguen un Casademont Zaragoza nuevo en el que Marco Spissu no tenga que vestirse de h\u00e9roe (Bell-Haynes, por supuesto) en la gesta m\u00e1s incre\u00edble del baloncesto espa\u00f1ol contempor\u00e1neo, con la salvaci\u00f3n atrapada en Lugo (94-95). <b>En ese objetivo de transformar radicalmente el equipo, Caleb Homesley puede desarrollar un rol dominante<\/b>. El alero fue presentado este martes en el Sal\u00f3n de Columnas de la Caja Rural de Zaragoza, en el Coso zaragozano. Escenario de tron\u00edo para una jugador sobre el que descansan muchas de las opciones aragonesas en el curso a punto de nacer.<\/p>\n<p class=\"c-paragraph\">A Homesley, desde luego, le quema tanto el bal\u00f3n como la alcachofa. O sea, nada\u2026<b> \u201cQuiero anotar, liderar el Casademont Zaragoza\u00bb<\/b>, se arranc\u00f3, sin ambages, el nuevo alero. Adem\u00e1s, incluso dice que apretar\u00e1 los dientes en defensa. \u201cQuiero convertirme en el especialista defensivo del Casademont\u00bb, enfatiz\u00f3.<\/p>\n<p class=\"c-paragraph\">El jugador exterior resumi\u00f3 sint\u00e9ticamente su fichaje por la entidad aragonesa. \u201cPens\u00e9 que ser\u00eda bueno para m\u00ed y para mi familia. Tengo dos hijos y una esposa, y durante el verano estuve valorando un poco mis opciones. Cuando jugu\u00e9 en Gran Canaria,<b> me encant\u00f3 la experiencia de vivir en Espa\u00f1a y estar rodeado de gente espa\u00f1ola, as\u00ed que decid\u00ed volver<\/b>. Me fue bien, tuve un verano realmente bueno\u201d, apunt\u00f3.<\/p>\n<p class=\"c-paragraph\">El regreso de Nico Brussino a Zaragoza tambi\u00e9n ha sido factor en el fichaje de Caleb Homesley. \u201c<b>Me gust\u00f3 mucho jugar con Nico y tenemos una conexi\u00f3n muy fuerte<\/b>. Esa fue una de las razones m\u00e1s importantes para venir aqu\u00ed. Obviamente, en Gran Canaria llegamos lejos en la EuroCup ese a\u00f1o y jugamos la final, y creo que eso tuvo algo que ver con la qu\u00edmica del equipo. Nico es un gran jugador, pero tambi\u00e9n es una gran persona, as\u00ed que poder conectar con \u00e9l es bastante f\u00e1cil\u201d, apunt\u00f3.<\/p>\n<p class=\"c-paragraph\">En cuanto a su estado f\u00edsico, Homesley se encuentra a punto. \u201c<b>Termin\u00e9 la temporada bastante sano en Estambul<\/b>, as\u00ed que durante el verano me tom\u00e9 un poco de tiempo libre y me fui de vacaciones, pero aparte de eso, volv\u00ed enseguida al gimnasio y me siento bien\u201d, dijo.<\/p>\n<p class=\"c-paragraph\">El hecho de que el Casademont no concurse en Europa en este curso tambi\u00e9n fue auditado por Homesley. \u201cNo ha sido un factor determinante, ni se me pas\u00f3 por la cabeza. <b>A la edad que tengo ahora, no me importa jugar una o dos veces por semana<\/b>, y esta ser\u00e1 la primera vez que juegue una vez por semana, pero no fue un factor decisivo\u201d, explic\u00f3.<\/p>\n<p class=\"c-paragraph\">El jugador tambi\u00e9n coment\u00f3 su impresi\u00f3n sobre el t\u00e9cnico de Casademont, Gonzalo Garc\u00eda de Vitoria. \u201c<b>Me gusta jugar para buenos entrenadores que adem\u00e1s son buenas personas<\/b>. Hace que sea un poco m\u00e1s f\u00e1cil venir cada d\u00eda, hace que tengas m\u00e1s ganas de luchar por \u00e9l en la cancha y cosas as\u00ed\u201d, indic\u00f3.<\/p>\n<p class=\"c-paragraph\">Finalmente, concret\u00f3 la que considera puede ser su aportaci\u00f3n en el Casademont Zaragoza. \u201cCreo que, principalmente, experiencia, por haber jugado en diferentes lugares y en diferentes ligas, pero tambi\u00e9n por ser capaz de adaptarme a distintos sistemas. <b>Creo que el baloncesto espa\u00f1ol se adapta a mi estilo de juego y encajo bien porque soy muy generoso en ataque<\/b>. Quiero anotar, involucrar tambi\u00e9n a todos los dem\u00e1s, simplemente porque tambi\u00e9n me encanta crear juego y, en \u00faltima instancia, intentar liderar al equipo, Y, en defensa, este a\u00f1o quiero dar un gran paso adelante e intentar ser el especialista defensivo de nuestro equipo, y ver hasta d\u00f3nde nos lleva eso\u201d, concluy\u00f3.<\/p>\n","protected":false},"excerpt":{"rendered":"Reynaldo Benito, Jos\u00e9 Antonio Artigas, Pedro Llompart, Gonzalo Garc\u00eda de Vitoria\u2026 Todos persiguen un Casademont Zaragoza nuevo en&hellip;\n","protected":false},"author":2,"featured_media":732390,"comment_status":"","ping_status":"","sticky":false,"template":"","format":"standard","meta":{"footnotes":""},"categories":[269],"tags":[299,298,2511,168,25,24,121087,16433,10474,23,167,491],"class_list":["post-732389","post","type-post","status-publish","format-standard","has-post-thumbnail","category-baloncesto","tag-baloncesto","tag-basketball","tag-casademont","tag-deportes","tag-es","tag-espana","tag-homesley","tag-liderar","tag-quiero","tag-spain","tag-sports","tag-zaragoza"],"share_on_mastodon":{"url":"https:\/\/pubeurope.com\/@es\/117162844340906165","error":""},"_links":{"self":[{"href":"https:\/\/www.europesays.com\/es\/wp-json\/wp\/v2\/posts\/732389","targetHints":{"allow":["GET"]}}],"collection":[{"href":"https:\/\/www.europesays.com\/es\/wp-json\/wp\/v2\/posts"}],"about":[{"href":"https:\/\/www.europesays.com\/es\/wp-json\/wp\/v2\/types\/post"}],"author":[{"embeddable":true,"href":"https:\/\/www.europesays.com\/es\/wp-json\/wp\/v2\/users\/2"}],"replies":[{"embeddable":true,"href":"https:\/\/www.europesays.com\/es\/wp-json\/wp\/v2\/comments?post=732389"}],"version-history":[{"count":0,"href":"https:\/\/www.europesays.com\/es\/wp-json\/wp\/v2\/posts\/732389\/revisions"}],"wp:featuredmedia":[{"embeddable":true,"href":"https:\/\/www.europesays.com\/es\/wp-json\/wp\/v2\/media\/732390"}],"wp:attachment":[{"href":"https:\/\/www.europesays.com\/es\/wp-json\/wp\/v2\/media?parent=732389"}],"wp:term":[{"taxonomy":"category","embeddable":true,"href":"https:\/\/www.europesays.com\/es\/wp-json\/wp\/v2\/categories?post=732389"},{"taxonomy":"post_tag","embeddable":true,"href":"https:\/\/www.europesays.com\/es\/wp-json\/wp\/v2\/tags?post=732389"}],"curies":[{"name":"wp","href":"https:\/\/api.w.org\/{rel}","templated":true}]}}