{"id":732407,"date":"2026-08-26T17:03:23","date_gmt":"2026-08-26T17:03:23","guid":{"rendered":"https:\/\/www.europesays.com\/es\/732407\/"},"modified":"2026-08-26T17:03:23","modified_gmt":"2026-08-26T17:03:23","slug":"el-director-de-la-cia-hablo-en-moscu-con-los-servicios-secretos-rusos-pero-no-con-putin","status":"publish","type":"post","link":"https:\/\/www.europesays.com\/es\/732407\/","title":{"rendered":"El director de la CIA habl\u00f3 en Mosc\u00fa con los servicios secretos rusos, pero no con Putin"},"content":{"rendered":"<p>    <img src=\"https:\/\/www.europesays.com\/es\/wp-content\/uploads\/2026\/08\/2026-08-26T153A173A17Z-91959727.jpg\" width=\"1024\" height=\"682\" alt=\"\" loading=\"eager\" decoding=\"sync\" fetchpriority=\"high\"\/><\/p>\n<p>            afp_tickers        <\/p>\n<p>        Este contenido fue publicado en    <\/p>\n<p>        26 agosto 2026 &#8211; 17:17\n<\/p>\n<p>El director de la CIA, John Ratcliffe, viaj\u00f3 el martes a Mosc\u00fa para hablar con los servicios secretos rusos, pero no tuvo ning\u00fan encuentro con el presidente Vladimir Putin, inform\u00f3 este mi\u00e9rcoles el portavoz del Kremlin, Dmitri Peskov.<\/p>\n<p>\u00abHubo contactos entre servicios secretos, pero no se produjo ning\u00fan encuentro con el presidente ruso\u00bb, declar\u00f3 Peskov a varios medios, entre ellos la AFP. El portavoz calific\u00f3 de \u00abpositivos\u00bb dichos contactos, sin detallar el contenido de las conversaciones.<\/p>\n<p>Tambi\u00e9n consider\u00f3 que \u00abtodav\u00eda es demasiado pronto para decir en qu\u00e9 medida esto tendr\u00e1 repercusiones en el proceso destinado a sacar a las relaciones (ruso-estadounidenses) de la crisis\u00bb.<\/p>\n<p>Por el momento no est\u00e1 previsto ning\u00fan otro contacto futuro, afirm\u00f3.<\/p>\n<p>Washington no se pronunci\u00f3 hasta ahora sobre esta visita de Ratcliffe a Mosc\u00fa, la primera conocida desde que asumi\u00f3 el cargo en 2025.<\/p>\n<p>Un avi\u00f3n militar estadounidense despeg\u00f3 el martes por la ma\u00f1ana de la capital letona, Riga, con destino a Mosc\u00fa, antes de realizar el trayecto inverso por la tarde, seg\u00fan datos del sitio de seguimiento de vuelos Flightradar24.<\/p>\n<p>El \u00faltimo viaje conocido de un director de la CIA a Rusia se remontaba a noviembre de 2021, antes del inicio de la guerra en Ucrania en febrero de 2022.<\/p>\n<p>Quien ocupaba entonces ese cargo, William Burns, se reuni\u00f3 en aquella ocasi\u00f3n con miembros del gobierno ruso en un contexto internacional que ya era tenso, y en el marco de un di\u00e1logo estrat\u00e9gico entre Mosc\u00fa y Washington que no hab\u00eda llegado a buen puerto.<\/p>\n<p>Seg\u00fan la cadena de televisi\u00f3n estadounidense CNN, Burns hab\u00eda sido enviado a Mosc\u00fa para \u00abadvertir\u00bb a Rusia sobre el refuerzo de sus tropas cerca de la frontera ucraniana, meses antes del inicio de la ofensiva militar rusa.<\/p>\n<p>bur\/avl\/mab\/mas<\/p>\n","protected":false},"excerpt":{"rendered":"afp_tickers Este contenido fue publicado en 26 agosto 2026 &#8211; 17:17 El director de la CIA, John Ratcliffe,&hellip;\n","protected":false},"author":2,"featured_media":732408,"comment_status":"","ping_status":"","sticky":false,"template":"","format":"standard","meta":{"footnotes":""},"categories":[42],"tags":[17,18,83,13,14,11,61,62,63,86,64,19,20,9,10,15,16,88,90,12,21,22,65,66,67],"class_list":["post-732407","post","type-post","status-publish","format-standard","has-post-thumbnail","category-internacional","tag-breaking-news","tag-breakingnews","tag-diplomacy","tag-featured-news","tag-featurednews","tag-headlines","tag-internacional","tag-international","tag-international-news","tag-international-relations","tag-internationalnews","tag-latest-news","tag-latestnews","tag-news","tag-noticias","tag-noticias-destacadas","tag-noticiasdestacadas","tag-politics","tag-ticker","tag-titulares","tag-ultimas-noticias","tag-ultimasnoticias","tag-world","tag-world-news","tag-worldnews"],"share_on_mastodon":{"url":"https:\/\/pubeurope.com\/@es\/117162896381453742","error":""},"_links":{"self":[{"href":"https:\/\/www.europesays.com\/es\/wp-json\/wp\/v2\/posts\/732407","targetHints":{"allow":["GET"]}}],"collection":[{"href":"https:\/\/www.europesays.com\/es\/wp-json\/wp\/v2\/posts"}],"about":[{"href":"https:\/\/www.europesays.com\/es\/wp-json\/wp\/v2\/types\/post"}],"author":[{"embeddable":true,"href":"https:\/\/www.europesays.com\/es\/wp-json\/wp\/v2\/users\/2"}],"replies":[{"embeddable":true,"href":"https:\/\/www.europesays.com\/es\/wp-json\/wp\/v2\/comments?post=732407"}],"version-history":[{"count":0,"href":"https:\/\/www.europesays.com\/es\/wp-json\/wp\/v2\/posts\/732407\/revisions"}],"wp:featuredmedia":[{"embeddable":true,"href":"https:\/\/www.europesays.com\/es\/wp-json\/wp\/v2\/media\/732408"}],"wp:attachment":[{"href":"https:\/\/www.europesays.com\/es\/wp-json\/wp\/v2\/media?parent=732407"}],"wp:term":[{"taxonomy":"category","embeddable":true,"href":"https:\/\/www.europesays.com\/es\/wp-json\/wp\/v2\/categories?post=732407"},{"taxonomy":"post_tag","embeddable":true,"href":"https:\/\/www.europesays.com\/es\/wp-json\/wp\/v2\/tags?post=732407"}],"curies":[{"name":"wp","href":"https:\/\/api.w.org\/{rel}","templated":true}]}}