{"id":73245,"date":"2025-08-26T10:52:07","date_gmt":"2025-08-26T10:52:07","guid":{"rendered":"https:\/\/www.europesays.com\/es\/73245\/"},"modified":"2025-08-26T10:52:07","modified_gmt":"2025-08-26T10:52:07","slug":"miley-cyrus-le-regala-una-cancion-a-su-padre-por-su-cumpleanos-musica","status":"publish","type":"post","link":"https:\/\/www.europesays.com\/es\/73245\/","title":{"rendered":"Miley Cyrus le regala una canci\u00f3n a su padre por su cumplea\u00f1os | M\u00fasica"},"content":{"rendered":"<p class=\"loc\">Madrid<\/p>\n<p>No debe ser f\u00e1cil ser la hija de un famoso cantante de country, tampoco tiene que ser sencillo ser el padre de <a href=\"https:\/\/cadenaser.com\/nacional\/2025\/06\/20\/sere-tu-copiloto-de-por-vida-miley-cyrus-rinde-homenaje-a-beyonce-tras-una-noche-inolvidable-en-paris-cadena-ser\/\" target=\"_blank\" rel=\"noreferrer nofollow noopener\" title=\"https:\/\/cadenaser.com\/nacional\/2025\/06\/20\/sere-tu-copiloto-de-por-vida-miley-cyrus-rinde-homenaje-a-beyonce-tras-una-noche-inolvidable-en-paris-cadena-ser\/\">Miley Cyrus<\/a>. La relaci\u00f3n personal entre ambos artistas ha pasado por momentos de todo tipo a lo largo de su vida pero ahora parece que vuelven a estar cerca el uno del otro. Miley ha querido tener un sorprenderle por su 64\u00ba cumplea\u00f1os con m\u00fasica: \u00abMe ha escrito una canci\u00f3n llamada Secrets y le pidi\u00f3 a mis m\u00fasicos favoritos, Fleetwood Mac, que la tocaran. \u00a1Te quiero, Mile!\u00bb, compart\u00eda Billy Ray Cyrus en redes sociales junto a un peque\u00f1o extracto de la canci\u00f3n.<\/p>\n<blockquote class=\"twitter-tweet\">\n<p lang=\"en\" dir=\"ltr\">Snippet of Miley Cyrus\u2019 new song \u201cSecrets\u201d coming soon, featuring instrumentation by Fleetwood Mac!<\/p>\n<p>Miley\u2019s dad Billy Ray posted the snippet and revealed that she wrote the song for him as a birthday gift. <a href=\"https:\/\/t.co\/OYKRXSawEE\" rel=\"nofollow\">pic.twitter.com\/OYKRXSawEE<\/a><\/p>\n<p>\u2014 Miley News Source (@MCNewsSource) <a href=\"https:\/\/twitter.com\/MCNewsSource\/status\/1960018485724979592?ref_src=twsrc%5Etfw\" rel=\"nofollow noopener\" target=\"_blank\">August 25, 2025<\/a><\/p><\/blockquote>\n<p>En el v\u00eddeo que acompa\u00f1a la m\u00fasica se ve a Billy Ray Cyrus con dos trenzas andando por el campo, entre vacas, escuchando la canci\u00f3n en el m\u00f3vil. Sonr\u00ede orgulloso de vez en cuando y, teniendo en cuenta la letra, puede que tambi\u00e9n nost\u00e1lgico y algo culpable.<\/p>\n<p>Miley ha contado en una entrevista que decidi\u00f3 componerla porque hab\u00eda una \u00e9poca en su familia en la que hab\u00eda muchos secretos y quer\u00eda que su padre confiara en ella para cont\u00e1rselos y quitarse esa carga: \u00abSecretos, quiero guardar tus secretos\/Como la luz del sol en las sombras\/Como pasos en la hierba\/Nunca romper\u00e9 mi promesa\/Como un p\u00e1jaro cantor en el silencio\/Como piedras contra el cristal\u00bb, dice en la escueta parte que se puede escuchar de momento. Habr\u00e1 que esperar para conocerla al completo y ya ha adelantado que formar\u00e1 parte de su pr\u00f3ximo disco.<\/p>\n<p>No es la \u00fanica hija de Billy Ray Cyrus que ha tenido un gesto de este tipo hacia el m\u00fasico este a\u00f1o. Hace unos meses, <a href=\"https:\/\/cadenaser.com\/nacional\/2025\/01\/23\/tengo-miedo-de-perderte-el-desesperado-mensaje-del-hermano-de-miley-cyrus-por-el-estado-de-salud-de-su-padre-cadena-ser\/\" target=\"_blank\" rel=\"noreferrer nofollow noopener\" title=\"https:\/\/cadenaser.com\/nacional\/2025\/01\/23\/tengo-miedo-de-perderte-el-desesperado-mensaje-del-hermano-de-miley-cyrus-por-el-estado-de-salud-de-su-padre-cadena-ser\/\">Trace Cyrus le dedic\u00f3 unas palabras a su padre en redes sociales<\/a> donde, al tiempo que relataba toda la admiraci\u00f3n que le profesa, se mostraba preocupado por \u00e9l: \u00abParece que este mundo te ha destrozado y se ha vuelto obvio para todos menos para ti\u00bb. Y reconoc\u00eda que ten\u00eda miedo de perderle.<\/p>\n<p>Trace Cyrus explicaba que tanto \u00e9l como sus hermanas lamentan que durante los \u00faltimos a\u00f1os han querido acercarse a su padre mientras \u00e9l los alejaba, especialmente a su hermana peque\u00f1a, Noah: \u00abHa querido desesperadamente que fueras parte de su vida y ni siquiera has estado ah\u00ed para ella\u00bb, le recriminaba.<\/p>\n<p>Miley, por su parte, lleva un tiempo muy reflexiva sobre su pasado y lo refleja en su m\u00fasica. En <a href=\"https:\/\/cadenaser.com\/nacional\/2023\/08\/25\/me-siento-orgullosa-cuando-reflexiono-sobre-mi-pasado-miley-cyrus-publica-una-de-sus-canciones-mas-intimas-cadena-ser\/\" target=\"_blank\" rel=\"noreferrer nofollow noopener\" title=\"https:\/\/cadenaser.com\/nacional\/2023\/08\/25\/me-siento-orgullosa-cuando-reflexiono-sobre-mi-pasado-miley-cyrus-publica-una-de-sus-canciones-mas-intimas-cadena-ser\/\">Used To Be Young hablaba de su \u00e9poca m\u00e1s rebelde<\/a> y la defend\u00eda simplemente recordando que era joven. En<a href=\"https:\/\/cadenaser.com\/nacional\/2023\/01\/13\/y-despues-de-shakira-llego-miley-cyrus-la-cantante-carga-contra-su-ex-pareja-liam-hemsworth-en-su-nueva-cancion-sobre-el-amor-propio-cadena-ser\/\" target=\"_blank\" rel=\"noreferrer nofollow noopener\" title=\"https:\/\/cadenaser.com\/nacional\/2023\/01\/13\/y-despues-de-shakira-llego-miley-cyrus-la-cantante-carga-contra-su-ex-pareja-liam-hemsworth-en-su-nueva-cancion-sobre-el-amor-propio-cadena-ser\/\"> Flowers hace una defensa del amor propio<\/a>, tras haber acabado una relaci\u00f3n de muchos a\u00f1os con Liam Hemsworth.<\/p>\n<p><script async src=\"https:\/\/platform.twitter.com\/widgets.js\" charset=\"utf-8\"><\/script><\/p>\n","protected":false},"excerpt":{"rendered":"Madrid No debe ser f\u00e1cil ser la hija de un famoso cantante de country, tampoco tiene que ser&hellip;\n","protected":false},"author":2,"featured_media":73246,"comment_status":"","ping_status":"","sticky":false,"template":"","format":"standard","meta":{"footnotes":""},"categories":[170],"tags":[28731,20395,5904,28732,146,147,28733,25,24,408,16047,28734,28735,184,185,28736,28737,28738,25716,28739,28740,12806,23,14261],"class_list":{"0":"post-73245","1":"post","2":"type-post","3":"status-publish","4":"format-standard","5":"has-post-thumbnail","7":"category-musica","8":"tag-2010s","9":"tag-20395","10":"tag-color-image","11":"tag-double","12":"tag-entertainment","13":"tag-entretenimiento","14":"tag-episodic","15":"tag-es","16":"tag-espana","17":"tag-horizontal","18":"tag-indoors","19":"tag-inside","20":"tag-looking-at-camera","21":"tag-music","22":"tag-musica","23":"tag-nbcu-photo-bank","24":"tag-nup_179132","25":"tag-posing","26":"tag-reality","27":"tag-season-13","28":"tag-select","29":"tag-smiling","30":"tag-spain","31":"tag-two-people"},"share_on_mastodon":{"url":"","error":""},"_links":{"self":[{"href":"https:\/\/www.europesays.com\/es\/wp-json\/wp\/v2\/posts\/73245","targetHints":{"allow":["GET"]}}],"collection":[{"href":"https:\/\/www.europesays.com\/es\/wp-json\/wp\/v2\/posts"}],"about":[{"href":"https:\/\/www.europesays.com\/es\/wp-json\/wp\/v2\/types\/post"}],"author":[{"embeddable":true,"href":"https:\/\/www.europesays.com\/es\/wp-json\/wp\/v2\/users\/2"}],"replies":[{"embeddable":true,"href":"https:\/\/www.europesays.com\/es\/wp-json\/wp\/v2\/comments?post=73245"}],"version-history":[{"count":0,"href":"https:\/\/www.europesays.com\/es\/wp-json\/wp\/v2\/posts\/73245\/revisions"}],"wp:featuredmedia":[{"embeddable":true,"href":"https:\/\/www.europesays.com\/es\/wp-json\/wp\/v2\/media\/73246"}],"wp:attachment":[{"href":"https:\/\/www.europesays.com\/es\/wp-json\/wp\/v2\/media?parent=73245"}],"wp:term":[{"taxonomy":"category","embeddable":true,"href":"https:\/\/www.europesays.com\/es\/wp-json\/wp\/v2\/categories?post=73245"},{"taxonomy":"post_tag","embeddable":true,"href":"https:\/\/www.europesays.com\/es\/wp-json\/wp\/v2\/tags?post=73245"}],"curies":[{"name":"wp","href":"https:\/\/api.w.org\/{rel}","templated":true}]}}